{"id":180561,"date":"2025-06-16T10:12:10","date_gmt":"2025-06-16T10:12:10","guid":{"rendered":"https:\/\/www.europesays.com\/fr\/180561\/"},"modified":"2025-06-16T10:12:10","modified_gmt":"2025-06-16T10:12:10","slug":"la-cgt-interpelle-les-usagers-sur-la-qualite-des-transports-en-commun-suite-au-preavis-de-greve-des-syndicats-mtag","status":"publish","type":"post","link":"https:\/\/www.europesays.com\/fr\/180561\/","title":{"rendered":"la CGT interpelle les usagers sur la qualit\u00e9 des transports en commun suite au pr\u00e9avis de gr\u00e8ve des syndicats M\u2019Tag"},"content":{"rendered":"<p>\t\t\t\t\t\t\t\t\t\t\t<img loading=\"lazy\" decoding=\"async\" width=\"1110\" title=\"Grenoble : la CGT interpelle les usagers sur la qualit\u00e9 des transports en commun suite au pr\u00e9avis de gr\u00e8ve des syndicats M\u2019Tag\" class=\"img-fluid not_lzld mb-3\" src=\"https:\/\/grandgrenoble.alpes1.com\/media\/news\/thumb\/1110x624_grenoble-la-cgt-interpelle-les-usagers-sur-la-qualite-des-transports-en-commun-suite-au-preavis-de-greve-des-syndicats-m-tag_684fe3c570d87.webp\" alt=\"Grenoble : la CGT interpelle les usagers sur la qualit\u00e9 des transports en commun suite au pr\u00e9avis de gr\u00e8ve des syndicats M\u2019Tag\" itemprop=\"image\" height=\"624\"\/>\t\t\t\t\t\t\t\t\t\t\t\t<\/p>\n<p>Grenoble : la CGT interpelle les usagers sur la qualit\u00e9 des transports en commun suite au pr\u00e9avis de gr\u00e8ve des syndicats M\u2019Tag<\/p>\n<p itemprop=\"description\"><strong>Les syndicats M\u2019Tag en ont marre. La CGT lance un sondage sur la qualit\u00e9 du r\u00e9seau de transport en commun de Grenoble.<\/strong><\/p>\n<p>Ce samedi 14 juin, plusieurs militants de la CGT M\u2019Tag sont all\u00e9s \u00e0 la rencontre des usagers des transports en communs grenoblois. L\u2019objectif : recueillir la parole de ces derniers concernant un sondage sur la qualit\u00e9 du r\u00e9seau. Plusieurs questions tournaient autour du tarif des abonnements et des tickets, un sujet qui f\u00e2che de nombreux usagers.<\/p>\n<p>\u00c0 l\u2019issue de ce sondage, les repr\u00e9sentants de la CGT M\u2019Tag souhaiteront s\u2019entretenir avec les candidats aux municipales 2026 des grandes communes de la M\u00e9tropole de Grenoble pour qu\u2019ils puissent prendre des engagements sur la qualit\u00e9 des transports en communs.<\/p>\n<p>Il faut rappeler que l\u2019intersyndicale, dont ne fait pas partie la CGT, a d\u00e9pos\u00e9 un pr\u00e9avis de gr\u00e8ve pour les journ\u00e9es du 20 et 21 juin, notamment pour protester contre un contrat d\u2019obligation de service public sign\u00e9 par la direction de M\u2019Tag qui risque de mettre \u00e0 mal les conditions de travail des salari\u00e9s.<\/p>\n<p>\u00c0 noter que le sondage est toujours disponible sur Internet et le sera jusqu\u2019au mercredi 18 juin, minimum.<\/p>\n","protected":false},"excerpt":{"rendered":"Grenoble : la CGT interpelle les usagers sur la qualit\u00e9 des transports en commun suite au pr\u00e9avis de&hellip;\n","protected":false},"author":2,"featured_media":180562,"comment_status":"","ping_status":"","sticky":false,"template":"","format":"standard","meta":{"footnotes":""},"categories":[9566],"tags":[1111,11,7733,8279,2430,7736,650,7734,2889,2263,1777,674,1011,27,2731,8280,6417,1114,108,4662,12,3725,1825,25,7737],"class_list":{"0":"post-180561","1":"post","2":"type-post","3":"status-publish","4":"format-standard","5":"has-post-thumbnail","7":"category-grenoble","8":"tag-actu","9":"tag-actualites","10":"tag-alpes","11":"tag-alpes1","12":"tag-auvergne-rhone-alpes","13":"tag-cds","14":"tag-cinema","15":"tag-ecoute","16":"tag-emission","17":"tag-equipe","18":"tag-eu","19":"tag-europe","20":"tag-fr","21":"tag-france","22":"tag-grenoble","23":"tag-haute","24":"tag-information","25":"tag-infos","26":"tag-isere","27":"tag-journal","28":"tag-news","29":"tag-podcast","30":"tag-radio","31":"tag-republique-francaise","32":"tag-winamp"},"share_on_mastodon":{"url":"https:\/\/pubeurope.com\/@fr\/114692511760085872","error":""},"_links":{"self":[{"href":"https:\/\/www.europesays.com\/fr\/wp-json\/wp\/v2\/posts\/180561","targetHints":{"allow":["GET"]}}],"collection":[{"href":"https:\/\/www.europesays.com\/fr\/wp-json\/wp\/v2\/posts"}],"about":[{"href":"https:\/\/www.europesays.com\/fr\/wp-json\/wp\/v2\/types\/post"}],"author":[{"embeddable":true,"href":"https:\/\/www.europesays.com\/fr\/wp-json\/wp\/v2\/users\/2"}],"replies":[{"embeddable":true,"href":"https:\/\/www.europesays.com\/fr\/wp-json\/wp\/v2\/comments?post=180561"}],"version-history":[{"count":0,"href":"https:\/\/www.europesays.com\/fr\/wp-json\/wp\/v2\/posts\/180561\/revisions"}],"wp:featuredmedia":[{"embeddable":true,"href":"https:\/\/www.europesays.com\/fr\/wp-json\/wp\/v2\/media\/180562"}],"wp:attachment":[{"href":"https:\/\/www.europesays.com\/fr\/wp-json\/wp\/v2\/media?parent=180561"}],"wp:term":[{"taxonomy":"category","embeddable":true,"href":"https:\/\/www.europesays.com\/fr\/wp-json\/wp\/v2\/categories?post=180561"},{"taxonomy":"post_tag","embeddable":true,"href":"https:\/\/www.europesays.com\/fr\/wp-json\/wp\/v2\/tags?post=180561"}],"curies":[{"name":"wp","href":"https:\/\/api.w.org\/{rel}","templated":true}]}}