{"id":180569,"date":"2025-06-16T10:16:34","date_gmt":"2025-06-16T10:16:34","guid":{"rendered":"https:\/\/www.europesays.com\/fr\/180569\/"},"modified":"2025-06-16T10:16:34","modified_gmt":"2025-06-16T10:16:34","slug":"a-strasbourg-immersion-dans-la-marche-des-visibilites","status":"publish","type":"post","link":"https:\/\/www.europesays.com\/fr\/180569\/","title":{"rendered":"\u00e0 Strasbourg, immersion dans la Marche des visibilit\u00e9s"},"content":{"rendered":"<p><strong>Samedi 14 juin, pr\u00e8s de 8000 personnes ont d\u00e9fil\u00e9 dans les rues de Strasbourg pour la Marche des visibilit\u00e9s. Une marche politique qui appelait \u00e0 \u00ab faire corps contre le fascisme \u00bb, et qui revendiquait surtout le droit d\u2019exister sans peur et sans honte, alors que <a href=\"https:\/\/www.vie-publique.fr\/en-bref\/298584-homophobie-des-chiffres-en-hausse-en-2024\" target=\"_blank\" rel=\"noopener nofollow\">les actes anti-LGBTQIA+ ont augment\u00e9 de 5% en 2024<\/a>.\u00a0<\/strong><\/p>\n<p>Sur la place du palais universitaire, une foule dense et color\u00e9e brave le soleil de plomb en ce d\u00e9but d\u2019apr\u00e8s-midi. <strong>\u00c9ventails et ombrelles sont de sortie, aux couleurs du drapeau arc-en-ciel pour la plupart<\/strong>. Sur les pelouses, de petits groupes attendent le d\u00e9part de la Marche des visibilit\u00e9s.<\/p>\n<p>                <img width=\"752\" height=\"500\" src=\"https:\/\/www.europesays.com\/fr\/wp-content\/uploads\/2025\/06\/250614-pka-pride-30-752x500.jpg\" class=\"attachment-gallery size-gallery\" alt=\"Pride marche des fiert\u00e9s LGBTQIA+ visibilit\u00e9s\" data-full-url=\"https:\/\/pokaa.fr\/wp-content\/uploads\/2025\/06\/15\/250614-pka-pride-30.jpg\" decoding=\"async\" loading=\"lazy\"  \/>            <\/p>\n<p>                <img width=\"752\" height=\"500\" src=\"https:\/\/www.europesays.com\/fr\/wp-content\/uploads\/2025\/06\/250614-pka-pride-22-752x500.jpg\" class=\"attachment-gallery size-gallery\" alt=\"Pride marche des fiert\u00e9s LGBTQIA+ visibilit\u00e9s\" data-full-url=\"https:\/\/pokaa.fr\/wp-content\/uploads\/2025\/06\/15\/250614-pka-pride-22.jpg\" decoding=\"async\" loading=\"lazy\"  \/>            <\/p>\n<p>                <img width=\"752\" height=\"500\" src=\"https:\/\/www.europesays.com\/fr\/wp-content\/uploads\/2025\/06\/250614-pka-pride-14-752x500.jpg\" class=\"attachment-gallery size-gallery\" alt=\"Pride marche des fiert\u00e9s LGBTQIA+\" data-full-url=\"https:\/\/pokaa.fr\/wp-content\/uploads\/2025\/06\/15\/250614-pka-pride-14.jpg\" decoding=\"async\" loading=\"lazy\"  \/>            <\/p>\n<p>                <img width=\"750\" height=\"500\" src=\"https:\/\/www.europesays.com\/fr\/wp-content\/uploads\/2025\/06\/250614-pka-pride-19-750x500.jpg\" class=\"attachment-gallery size-gallery\" alt=\"Pride marche des fiert\u00e9s LGBTQIA+ visibilit\u00e9s\" data-full-url=\"https:\/\/pokaa.fr\/wp-content\/uploads\/2025\/06\/15\/250614-pka-pride-19.jpg\" decoding=\"async\" loading=\"lazy\"  \/>            <\/p>\n<p>                    \u00a9 Adrien Labit \/ Pokaa<\/p>\n<p>\u00ab Montrer qu\u2019on existe \u00bb<\/p>\n<p><strong>Drapeaux trans, bisexuel et pansexuel sur les \u00e9paules,<\/strong> Axelle, Math\u00e9o, Mina, L\u00e9a et Abdallah discutent \u00e0 l\u2019ombre. Venu(e)s des Vosges ou de diff\u00e9rentes communes d\u2019Alsace, les cinq ami(e)s se sont donn\u00e9 rendez-vous \u00e0 Strasbourg pour d\u00e9filer. C\u2019est la troisi\u00e8me ou la quatri\u00e8me fois pour la plupart d\u2019entre eux. <strong>La premi\u00e8re pour Abdallah<\/strong>. \u00ab On le baptise \u00bb, plaisante Mina.<\/p>\n<p>\u00ab\u00a0<strong>On est l\u00e0 pour la visibilit\u00e9, pour rencontrer des gens comme nous, pour parler, discuter <\/strong>\u00bb, poursuit la jeune femme. \u00ab\u00a0On vient pour montrer qu\u2019on existe, rebondit Axelle. On est l\u00e0. Les personnes LBTQIA+, c\u2019est pas que dans le virtuel, les films ou les r\u00e9seaux sociaux.\u00a0\u00bb<strong> Pour le petit groupe, se rendre visible dans l\u2019espace public est \u00ab\u00a0un moyen d\u2019aider les autres \u00e0 s\u2019assumer\u00a0<\/strong>\u00bb.<\/p>\n<p>Et l\u2019aspect festif de l\u2019\u00e9v\u00e9nement est essentiel. \u00ab<strong>\u00a0C\u2019est important de montrer notre joie de vivre, notre fiert\u00e9 \u00e0 \u00eatre nous-m\u00eames<\/strong>\u00a0\u00bb, insiste Axelle, quand Abdallah juge que cela donne \u00ab\u00a0un aspect joyeux au c\u00f4t\u00e9 politique de la pride.\u00a0\u00bb<\/p>\n<p>    <img width=\"800\" height=\"533\" src=\"https:\/\/www.europesays.com\/fr\/wp-content\/uploads\/2025\/06\/250614-pka-pride-1-800x533.jpg\" class=\"attachment-image-size-L size-image-size-L\" alt=\"Pride marche des fiert\u00e9s LGBTQIA+\" decoding=\"async\" loading=\"lazy\"  \/>         \u00a9 Adrien Labit \/ Pokaa <\/p>\n<p>\u00ab Il n\u2019y a que les rassemblements qui permettent de porter des droits \u00bb<\/p>\n<p>Un peu plus loin, Marie-Paule et Caroline sont venues en famille, avec conjoint et enfants, depuis Saverne. C\u2019est leur troisi\u00e8me participation \u00e0 la Marche des visibilit\u00e9s. \u00ab <strong>La pride, c\u2019est un moment tr\u00e8s joyeux. Une apr\u00e8s-midi d\u2019amour et de bonheur o\u00f9 l\u2019on d\u00e9fend les droits de nos enfants.<\/strong>\u00a0\u00bb Une marche politique aussi, \u00ab\u00a0pour que la mont\u00e9e des extr\u00eames ne soit pas synonyme de mont\u00e9e de l\u2019homophobie et de recul des droits \u00bb. Marie-Paule insiste : \u00ab Il n\u2019y a que les rassemblements qui permettent de porter des droits. \u00bb<\/p>\n<p>Mais venir en famille, c\u2019est aussi \u00ab\u00a0soutenir les personnes LGBT qui sont seules\u00a0\u00bb, expliquent les deux s\u0153urs qui ont commenc\u00e9 \u00e0 venir \u00e0 la pride pour soutenir l\u2019un de leurs enfants. \u00ab C\u2019\u00e9tait important pour nous de montrer qu\u2019on l\u2019accompagnait.\u00a0\u00bb Au-del\u00e0 de la d\u00e9fense des droits des personnes LGBTQIA+, il s\u2019agit aussi pour eux de \u00ab d\u00e9fendre le droit \u00e0 la diff\u00e9rence \u00e0 tous les niveaux\u00a0\u00bb, ajoute Fabien.<strong> \u00ab\u00a0On ne peut pas d\u00e9fendre une cause sans \u00eatre ouvert aux autres.\u00a0\u00bb<\/strong><\/p>\n<p>    <img width=\"800\" height=\"533\" src=\"https:\/\/www.europesays.com\/fr\/wp-content\/uploads\/2025\/06\/250614-pka-pride-2-800x533.jpg\" class=\"attachment-image-size-L size-image-size-L\" alt=\"Pride marche des fiert\u00e9s LGBTQIA+\" decoding=\"async\" loading=\"lazy\"  \/>         \u00a9 Adrien Labit \/ Pokaa <\/p>\n<p>\u00ab On se cache au quotidien \u00bb<\/p>\n<p>Sur le parvis du Palais U, No\u00e9mie et Lucy arborent des tenues aux couleurs du drapeau lesbien et de larges sourires. \u00ab C\u2019est notre premi\u00e8re pride\u00a0\u00bb, expliquent les deux jeunes femmes, venues de Guebwiller pour l\u2019occasion. \u00ab\u00a0On vient montrer qu\u2019on est l\u00e0, explique No\u00e9mie. <strong>On travaille avec des enfants et on se cache dans notre vie quotidienne par peur du regard des parents.\u00a0<\/strong>\u00bb<\/p>\n<p>\u00ab\u00a0<strong>Dans mon travail, j\u2019ai d\u00e9j\u00e0 entendu des parents dire qu\u2019il ne fallait pas que leurs enfants s\u2019approchent de gays et de lesbiennes <\/strong>\u00bb, poursuit Lucy. \u00ab\u00a0Ce sont de petits enfants, on les laisse se d\u00e9guiser comme ils et elles le veulent. Mais il y a d\u00e9j\u00e0 eu des papas qui ne voulaient pas que leurs fils portent des robes pour ne pas devenir \u00ab\u00a0de grosses p\u00e9dales\u00a0\u00bb.\u00a0\u00bb<\/p>\n<p>No\u00e9mie et Lucy tenaient \u00e0 venir pour \u00ab\u00a0se montrer en vrai\u00a0\u00bb et militent pour pouvoir sortir ensemble sans avoir peur. \u00ab\u00a0Cet \u00e9t\u00e9, on va aller \u00e0 Paris. Dans la rue, on sera meilleures amies\u00a0\u00bb, annonce Lucy, <strong>qui s\u2019inqui\u00e8te d\u2019une homophobie de plus en plus d\u00e9complex\u00e9e, particuli\u00e8rement sur les r\u00e9seaux sociaux.<\/strong><\/p>\n<p>    <img width=\"800\" height=\"533\" src=\"https:\/\/www.europesays.com\/fr\/wp-content\/uploads\/2025\/06\/250614-pka-pride-3-800x533.jpg\" class=\"attachment-image-size-L size-image-size-L\" alt=\"Pride marche des fiert\u00e9s LGBTQIA+\" decoding=\"async\" loading=\"lazy\"  \/>         \u00a9 Adrien Labit \/ Pokaa <\/p>\n<p>\u00ab Les prides ne sont pas de simples f\u00eates, elles sont des actes politiques puissants \u00bb<\/p>\n<p>\u00c0 14h30, les prises de parole s\u2019enchainent sur le parvis du Palais U. \u00ab <strong>Nous ne pouvons plus fermer les yeux sur les menaces qui p\u00e8sent lourdement sur nos \u00e9paules, sur celles de nos adelphes, de nos camarades <\/strong>\u00bb, intervient Klara, b\u00e9n\u00e9vole \u00e0 La Station, en prenant le micro. \u00ab Chaque jour, nos vies s\u2019embourbent dans un parcours sem\u00e9 d\u2019emb\u00fbches, d\u2019humiliations, de dangers. \u00bb<\/p>\n<p>\u00ab\u00a0<strong>Dans ce contexte, les prides ne sont pas de simples f\u00eates. Elles sont des actes politiques puissants, des moments de r\u00e9sistance collective, o\u00f9 nous dansons pour ne pas oublier, pour exister, pour ne pas d\u00e9p\u00e9rir dans l\u2019ombre<\/strong>. Nous nous retrouvons, nous nous amusons, nous f\u00eatons, nous r\u00eavons \u2013 parce que nous en avons vitalement besoin. Nous y c\u00e9l\u00e9brons nos identit\u00e9s, parce que personne d\u2019autre ne le fera pour nous.\u00a0\u00bb<\/p>\n<p>    <img width=\"800\" height=\"532\" src=\"https:\/\/www.europesays.com\/fr\/wp-content\/uploads\/2025\/06\/250614-pka-pride-4-800x532.jpg\" class=\"attachment-image-size-L size-image-size-L\" alt=\"Pride marche des fiert\u00e9s LGBTQIA+\" decoding=\"async\" loading=\"lazy\"  \/>         \u00a9 Adrien Labit \/ Pokaa <\/p>\n<p>La f\u00eate contre la peur<\/p>\n<p>Il est presque 15h lorsque les prises de parole de l\u2019inter-orga de la pride se terminent. Chars et cort\u00e8ges peuvent enfin s\u2019\u00e9lancer. Sur un coin d\u2019herbe, Audric regarde la place se vider tout doucement. Lorsque nous lui demandons si nous pouvons lui poser quelques questions sur sa pr\u00e9sence \u00e0 la pride, le jeune homme h\u00e9site. \u00ab <strong>Quand on me demande, j\u2019ai plut\u00f4t tendance \u00e0 dire oui, mais apr\u00e8s je vois les commentaires sous les articles et \u00e7a me refroidit\u2026<\/strong> \u00bb<\/p>\n<p>Il accepte finalement \u00e0 condition de ne pas \u00eatre reconnaissable. Habitu\u00e9 de la pride, <strong>Audric estime qu\u2019il s\u2019agit d\u2019un \u00ab<\/strong> <strong>des rares moments o\u00f9 l\u2019on se sent libre d\u2019\u00eatre bariol\u00e9s de toutes les couleurs, d\u2019\u00eatre soi-m\u00eame<\/strong> \u00bb. Pour lui, la Pride est un moment aussi festif qu\u2019engag\u00e9 et politique. \u00ab Cela permet de cr\u00e9er du lien avec des assos. Les personnes isol\u00e9es peuvent aussi y rencontrer d\u2019autres personnes LGBTQIA+ et c\u2019est important. \u00bb\u00a0L\u2019\u00e9nergie joyeuse de cette journ\u00e9e est \u00e9galement importante pour le jeune militant. \u00ab\u00a0<strong>Nos droits sont constamment menac\u00e9s, mais on refuse de vivre dans la peur.\u00a0<\/strong>\u00bb<\/p>\n<p>    <img width=\"800\" height=\"533\" src=\"https:\/\/www.europesays.com\/fr\/wp-content\/uploads\/2025\/06\/250614-pka-pride-5-800x533.jpg\" class=\"attachment-image-size-L size-image-size-L\" alt=\"Pride marche des fiert\u00e9s LGBTQIA+\" decoding=\"async\" loading=\"lazy\"  \/>         \u00a9 Adrien Labit \/ Pokaa <\/p>\n<p>                <img width=\"752\" height=\"500\" src=\"https:\/\/www.europesays.com\/fr\/wp-content\/uploads\/2025\/06\/250614-pka-pride-6-752x500.jpg\" class=\"attachment-gallery size-gallery\" alt=\"Pride marche des fiert\u00e9s LGBTQIA+\" data-full-url=\"https:\/\/pokaa.fr\/wp-content\/uploads\/2025\/06\/15\/250614-pka-pride-6.jpg\" decoding=\"async\" loading=\"lazy\"  \/>            <\/p>\n<p>                <img width=\"750\" height=\"500\" src=\"https:\/\/www.europesays.com\/fr\/wp-content\/uploads\/2025\/06\/250614-pka-pride-7-750x500.jpg\" class=\"attachment-gallery size-gallery\" alt=\"Pride marche des fiert\u00e9s LGBTQIA+\" data-full-url=\"https:\/\/pokaa.fr\/wp-content\/uploads\/2025\/06\/15\/250614-pka-pride-7.jpg\" decoding=\"async\" loading=\"lazy\"  \/>            <\/p>\n<p>                <img width=\"750\" height=\"500\" src=\"https:\/\/www.europesays.com\/fr\/wp-content\/uploads\/2025\/06\/250614-pka-pride-8-750x500.jpg\" class=\"attachment-gallery size-gallery\" alt=\"Pride marche des fiert\u00e9s LGBTQIA+\" data-full-url=\"https:\/\/pokaa.fr\/wp-content\/uploads\/2025\/06\/15\/250614-pka-pride-8.jpg\" decoding=\"async\" loading=\"lazy\"  \/>            <\/p>\n<p>                <img width=\"750\" height=\"500\" src=\"https:\/\/www.europesays.com\/fr\/wp-content\/uploads\/2025\/06\/250614-pka-pride-11-750x500.jpg\" class=\"attachment-gallery size-gallery\" alt=\"Pride marche des fiert\u00e9s LGBTQIA+\" data-full-url=\"https:\/\/pokaa.fr\/wp-content\/uploads\/2025\/06\/15\/250614-pka-pride-11.jpg\" decoding=\"async\" loading=\"lazy\"  \/>            <\/p>\n<p>                <img width=\"750\" height=\"500\" src=\"https:\/\/www.europesays.com\/fr\/wp-content\/uploads\/2025\/06\/250614-pka-pride-12-750x500.jpg\" class=\"attachment-gallery size-gallery\" alt=\"Pride marche des fiert\u00e9s LGBTQIA+\" data-full-url=\"https:\/\/pokaa.fr\/wp-content\/uploads\/2025\/06\/15\/250614-pka-pride-12.jpg\" decoding=\"async\" loading=\"lazy\"  \/>            <\/p>\n<p>                <img width=\"752\" height=\"500\" src=\"https:\/\/www.europesays.com\/fr\/wp-content\/uploads\/2025\/06\/250614-pka-pride-13-752x500.jpg\" class=\"attachment-gallery size-gallery\" alt=\"Pride marche des fiert\u00e9s LGBTQIA+\" data-full-url=\"https:\/\/pokaa.fr\/wp-content\/uploads\/2025\/06\/15\/250614-pka-pride-13.jpg\" decoding=\"async\" loading=\"lazy\"  \/>            <\/p>\n<p>                    \u00a9 Adrien Labit \/ Pokaa<\/p>\n<p>Le droit \u00e0 l\u2019amour et au bonheur<\/p>\n<p>Arriv\u00e9s sur les quais, les chars entrainent dans leur sillage une joyeuse foule de danseurs\/ses color\u00e9(e)s. Pancartes ou \u00e9ventails arc-en-ciel \u00e0 la main. Helia, Sean et Shin marchent tranquillement sous le soleil. Pour les trois ami(e)s, d\u00e9filer \u00e0 la pride est une fa\u00e7on de \u00ab montrer qu\u2019on est fiers et qu\u2019on s\u2019oppose \u00e0 la mont\u00e9e du fascisme \u00bb. <strong>Le mot d\u2019ordre de la Marche des visibilit\u00e9s strasbourgeoise cette ann\u00e9e.<\/strong><\/p>\n<p>\u00ab\u00a0<strong>On se retrouve avec plein de gens comme nous. D\u2019ordinaire, dans l\u2019espace public, on est invisibles. L\u00e0, on vient dire que l\u2019on n\u2019a pas honte d\u2019exister, que l\u2019on a droit au bonheur et \u00e0 l\u2019amour.\u00a0<\/strong>\u00bb \u00ab \u00c0 la maison, tout seul, ce n\u2019est pas facile de rentrer dans les cases, explique Ninisse un peu plus loin. Dans la foule, \u00e7a devient possible. Et \u00e7a fait du bien. \u00bb<\/p>\n<p>    <img width=\"800\" height=\"533\" src=\"https:\/\/www.europesays.com\/fr\/wp-content\/uploads\/2025\/06\/250614-pka-pride-26-800x533.jpg\" class=\"attachment-image-size-L size-image-size-L\" alt=\"Pride marche des fiert\u00e9s LGBTQIA+ visibilit\u00e9s\" decoding=\"async\" loading=\"lazy\"  \/>         \u00a9 Adrien Labit \/ Pokaa <\/p>\n<p>    <img width=\"800\" height=\"533\" src=\"https:\/\/www.europesays.com\/fr\/wp-content\/uploads\/2025\/06\/250614-pka-pride-28-800x533.jpg\" class=\"attachment-image-size-L size-image-size-L\" alt=\"Pride marche des fiert\u00e9s LGBTQIA+ visibilit\u00e9s\" decoding=\"async\" loading=\"lazy\"  \/>         \u00a9 Adrien Labit \/ Pokaa <\/p>\n<p>                <img width=\"752\" height=\"500\" src=\"https:\/\/www.europesays.com\/fr\/wp-content\/uploads\/2025\/06\/250614-pka-pride-13-752x500.jpg\" class=\"attachment-gallery size-gallery\" alt=\"Pride marche des fiert\u00e9s LGBTQIA+\" data-full-url=\"https:\/\/pokaa.fr\/wp-content\/uploads\/2025\/06\/15\/250614-pka-pride-13.jpg\" decoding=\"async\" loading=\"lazy\"  \/>            <\/p>\n<p>                <img width=\"752\" height=\"500\" src=\"https:\/\/www.europesays.com\/fr\/wp-content\/uploads\/2025\/06\/250614-pka-pride-15-752x500.jpg\" class=\"attachment-gallery size-gallery\" alt=\"Pride marche des fiert\u00e9s LGBTQIA+\" data-full-url=\"https:\/\/pokaa.fr\/wp-content\/uploads\/2025\/06\/15\/250614-pka-pride-15.jpg\" decoding=\"async\" loading=\"lazy\"  \/>            <\/p>\n<p>                <img width=\"750\" height=\"500\" src=\"https:\/\/www.europesays.com\/fr\/wp-content\/uploads\/2025\/06\/250614-pka-pride-16-750x500.jpg\" class=\"attachment-gallery size-gallery\" alt=\"Pride marche des fiert\u00e9s LGBTQIA+\" data-full-url=\"https:\/\/pokaa.fr\/wp-content\/uploads\/2025\/06\/15\/250614-pka-pride-16.jpg\" decoding=\"async\" loading=\"lazy\"  \/>            <\/p>\n<p>                <img width=\"752\" height=\"500\" src=\"https:\/\/www.europesays.com\/fr\/wp-content\/uploads\/2025\/06\/250614-pka-pride-17-752x500.jpg\" class=\"attachment-gallery size-gallery\" alt=\"Pride marche des fiert\u00e9s LGBTQIA+ visibilit\u00e9s\" data-full-url=\"https:\/\/pokaa.fr\/wp-content\/uploads\/2025\/06\/15\/250614-pka-pride-17.jpg\" decoding=\"async\" loading=\"lazy\"  \/>            <\/p>\n<p>                <img width=\"752\" height=\"500\" src=\"https:\/\/www.europesays.com\/fr\/wp-content\/uploads\/2025\/06\/250614-pka-pride-20-752x500.jpg\" class=\"attachment-gallery size-gallery\" alt=\"Pride marche des fiert\u00e9s LGBTQIA+ visibilit\u00e9s\" data-full-url=\"https:\/\/pokaa.fr\/wp-content\/uploads\/2025\/06\/15\/250614-pka-pride-20.jpg\" decoding=\"async\" loading=\"lazy\"  \/>            <\/p>\n<p>                <img width=\"752\" height=\"500\" src=\"https:\/\/www.europesays.com\/fr\/wp-content\/uploads\/2025\/06\/250614-pka-pride-21-752x500.jpg\" class=\"attachment-gallery size-gallery\" alt=\"Pride marche des fiert\u00e9s LGBTQIA+ visibilit\u00e9s\" data-full-url=\"https:\/\/pokaa.fr\/wp-content\/uploads\/2025\/06\/15\/250614-pka-pride-21.jpg\" decoding=\"async\" loading=\"lazy\"  \/>            <\/p>\n<p>                <img width=\"750\" height=\"500\" src=\"https:\/\/www.europesays.com\/fr\/wp-content\/uploads\/2025\/06\/250614-pka-pride-23-750x500.jpg\" class=\"attachment-gallery size-gallery\" alt=\"Pride marche des fiert\u00e9s LGBTQIA+ visibilit\u00e9s\" data-full-url=\"https:\/\/pokaa.fr\/wp-content\/uploads\/2025\/06\/15\/250614-pka-pride-23.jpg\" decoding=\"async\" loading=\"lazy\"  \/>            <\/p>\n<p>                <img width=\"752\" height=\"500\" src=\"https:\/\/www.europesays.com\/fr\/wp-content\/uploads\/2025\/06\/250614-pka-pride-24-752x500.jpg\" class=\"attachment-gallery size-gallery\" alt=\"Pride marche des fiert\u00e9s LGBTQIA+ visibilit\u00e9s\" data-full-url=\"https:\/\/pokaa.fr\/wp-content\/uploads\/2025\/06\/15\/250614-pka-pride-24.jpg\" decoding=\"async\" loading=\"lazy\"  \/>            <\/p>\n<p>                <img width=\"750\" height=\"500\" src=\"https:\/\/www.europesays.com\/fr\/wp-content\/uploads\/2025\/06\/250614-pka-pride-25-750x500.jpg\" class=\"attachment-gallery size-gallery\" alt=\"Pride marche des fiert\u00e9s LGBTQIA+ visibilit\u00e9s\" data-full-url=\"https:\/\/pokaa.fr\/wp-content\/uploads\/2025\/06\/15\/250614-pka-pride-25.jpg\" decoding=\"async\" loading=\"lazy\"  \/>            <\/p>\n<p>                <img width=\"752\" height=\"500\" src=\"https:\/\/www.europesays.com\/fr\/wp-content\/uploads\/2025\/06\/250614-pka-pride-27-752x500.jpg\" class=\"attachment-gallery size-gallery\" alt=\"Pride marche des fiert\u00e9s LGBTQIA+ visibilit\u00e9s\" data-full-url=\"https:\/\/pokaa.fr\/wp-content\/uploads\/2025\/06\/15\/250614-pka-pride-27.jpg\" decoding=\"async\" loading=\"lazy\"  \/>            <\/p>\n<p>                <img width=\"750\" height=\"500\" src=\"https:\/\/www.europesays.com\/fr\/wp-content\/uploads\/2025\/06\/250614-pka-pride-29-750x500.jpg\" class=\"attachment-gallery size-gallery\" alt=\"Pride marche des fiert\u00e9s LGBTQIA+ visibilit\u00e9s\" data-full-url=\"https:\/\/pokaa.fr\/wp-content\/uploads\/2025\/06\/15\/250614-pka-pride-29.jpg\" decoding=\"async\" loading=\"lazy\"  \/>            <\/p>\n<p>                    \u00a9 Adrien Labit \/ Pokaa<\/p>\n","protected":false},"excerpt":{"rendered":"Samedi 14 juin, pr\u00e8s de 8000 personnes ont d\u00e9fil\u00e9 dans les rues de Strasbourg pour la Marche des&hellip;\n","protected":false},"author":2,"featured_media":180570,"comment_status":"","ping_status":"","sticky":false,"template":"","format":"standard","meta":{"footnotes":""},"categories":[2820],"tags":[1111,11,1777,674,1011,27,10716,775,29741,12,31791,15348,25,640],"class_list":{"0":"post-180569","1":"post","2":"type-post","3":"status-publish","4":"format-standard","5":"has-post-thumbnail","7":"category-strasbourg","8":"tag-actu","9":"tag-actualites","10":"tag-eu","11":"tag-europe","12":"tag-fr","13":"tag-france","14":"tag-gay-pride","15":"tag-grand-est","16":"tag-marche-des-visibilites","17":"tag-news","18":"tag-pride","19":"tag-queer","20":"tag-republique-francaise","21":"tag-strasbourg"},"share_on_mastodon":{"url":"https:\/\/pubeurope.com\/@fr\/114692528183263648","error":""},"_links":{"self":[{"href":"https:\/\/www.europesays.com\/fr\/wp-json\/wp\/v2\/posts\/180569","targetHints":{"allow":["GET"]}}],"collection":[{"href":"https:\/\/www.europesays.com\/fr\/wp-json\/wp\/v2\/posts"}],"about":[{"href":"https:\/\/www.europesays.com\/fr\/wp-json\/wp\/v2\/types\/post"}],"author":[{"embeddable":true,"href":"https:\/\/www.europesays.com\/fr\/wp-json\/wp\/v2\/users\/2"}],"replies":[{"embeddable":true,"href":"https:\/\/www.europesays.com\/fr\/wp-json\/wp\/v2\/comments?post=180569"}],"version-history":[{"count":0,"href":"https:\/\/www.europesays.com\/fr\/wp-json\/wp\/v2\/posts\/180569\/revisions"}],"wp:featuredmedia":[{"embeddable":true,"href":"https:\/\/www.europesays.com\/fr\/wp-json\/wp\/v2\/media\/180570"}],"wp:attachment":[{"href":"https:\/\/www.europesays.com\/fr\/wp-json\/wp\/v2\/media?parent=180569"}],"wp:term":[{"taxonomy":"category","embeddable":true,"href":"https:\/\/www.europesays.com\/fr\/wp-json\/wp\/v2\/categories?post=180569"},{"taxonomy":"post_tag","embeddable":true,"href":"https:\/\/www.europesays.com\/fr\/wp-json\/wp\/v2\/tags?post=180569"}],"curies":[{"name":"wp","href":"https:\/\/api.w.org\/{rel}","templated":true}]}}