{"id":180573,"date":"2025-06-16T10:18:13","date_gmt":"2025-06-16T10:18:13","guid":{"rendered":"https:\/\/www.europesays.com\/fr\/180573\/"},"modified":"2025-06-16T10:18:13","modified_gmt":"2025-06-16T10:18:13","slug":"les-fonds-ont-ete-retires-parce-que-je-travaille-sur-la-recherche-climatique-comment-lobscurite-est-tombee-sur-la-science-aux-etats-unis","status":"publish","type":"post","link":"https:\/\/www.europesays.com\/fr\/180573\/","title":{"rendered":"\u00ab\u00a0Les fonds ont \u00e9t\u00e9 retir\u00e9s parce que je travaille sur la recherche climatique\u00a0\u00bb: comment l\u2019obscurit\u00e9 est tomb\u00e9e sur la science aux \u00c9tats-Unis"},"content":{"rendered":"<p>Aucune subvention f\u00e9d\u00e9rale n\u2019a financ\u00e9 son voyage en France. C\u2019est en tant que \u00ab\u00a0scientifique priv\u00e9e\u00a0\u00bb, qu\u2019elle est \u00e0 Nice. Pr\u00e9sente pour participer \u00e0 \u00ab\u00a0la discussion sur ce qui arrive \u00e0 l\u2019Oc\u00e9an et ce que nous pouvons faire pour lui\u00a0\u00bb.<\/p>\n<p>De cette chercheuse \u00e9minente, l\u2019identit\u00e9 ne sera pas r\u00e9v\u00e9l\u00e9e. Apr\u00e8s une longue h\u00e9sitation, elle a choisi de ne pas donner son nom, pour pouvoir s\u2019exprimer le plus librement possible. Sp\u00e9cialis\u00e9e dans la biog\u00e9ochimie marine, elle est en poste dans une grande universit\u00e9 de l\u2019ouest des \u00c9tats-Unis.<\/p>\n<p>Ce qu\u2019elle ne dit pas pendant l\u2019entretien, c\u2019est qu\u2019elle a publi\u00e9, en 30 ans de carri\u00e8re, quelques centaines d\u2019articles dans des revues scientifiques, et re\u00e7u plusieurs distinctions pour son apport aux sciences de la Terre et \u00e0 l\u2019oc\u00e9anographie. Mais cela, c\u2019\u00e9tait avant.<\/p>\n<p>\u00ab\u00a0Du point de vue de mon universit\u00e9, je fais mon travail et j\u2019ai le droit d\u2019exprimer des faits scientifiques, de fa\u00e7on libre et \u00e9quitable.\u00a0\u00bb Mais il n\u2019y a aucun doute sur la cible que sa sp\u00e9cialit\u00e9 est devenue.<\/p>\n<p>\u00ab\u00a0Nous soutenons la science climatique, l\u2019att\u00e9nuation du changement climatique. Les fonds ont \u00e9t\u00e9 retir\u00e9s parce que je travaille sur la recherche climatique, et ce n\u2019est plus autoris\u00e9.\u00a0\u00bb<\/p>\n<p><strong>3,2 millions de dollars coup\u00e9s<\/strong><\/p>\n<p>Les subventions qui permettaient de faire tourner son laboratoire, 3,2 millions de dollars, sont parties en fum\u00e9e. Dans le giron de la grande agence f\u00e9d\u00e9rale Usaid, elle collaborait \u00e0 un autre programme, qui a \u00e9galement perdu tout financement, soit 20 millions de dollars.<\/p>\n<p>Temporairement, il ne lui reste que la subvention vers\u00e9e au niveau de l\u2019\u00c9tat d\u00e9mocrate dans lequel elle travaille. Jusqu\u2019\u00e0 avril 2026. Et apr\u00e8s? \u00ab\u00a0Tous mes \u00e9tudiants, mes post-doctorants, mes techniciens de recherche, mes chercheurs invit\u00e9s, 25 personnes dans mon laboratoire, n\u2019auront plus de financement.\u00a0\u00bb<\/p>\n<p>Dans un sourire douloureux d\u2019impuissance, elle ajoute: \u00ab\u00a0Il y a beaucoup de changements qui se produisent actuellement. Donc, vous pouvez l\u2019imaginer, je ne dors pas la nuit.\u00a0\u00bb<\/p>\n<p>L\u2019avenir de ses \u00e9tudiants est sa \u00ab\u00a0plus grande pr\u00e9occupation\u00a0\u00bb. Avec des pans entiers de connaissance en train de devenir tabous, \u00ab\u00a0l\u2019avenir de la science aux \u00c9tats-Unis dispara\u00eetra, parce que nous n\u2019\u00e9duquons plus la prochaine g\u00e9n\u00e9ration de scientifiques\u00a0\u00bb.<\/p>\n<p>Partir \u00e0 l\u2019\u00e9tranger? \u00ab\u00a0J\u2019ai 25 personnes dans mon laboratoire. Que leur arrivera-t-il si je pars? Je ne peux pas transporter un laboratoire et 25 personnes vers un autre pays!\u00a0\u00bb, s\u2019exclame-t-elle avec d\u00e9pit.<\/p>\n<p>En avril 2026, une fois les derniers financements \u00e9puis\u00e9s, les instruments scientifiques qu\u2019elle supervise, et qui \u00ab\u00a0collectent des donn\u00e9es\u00a0\u00bb, s\u2019arr\u00eateront. Comme la mesure d\u2019\u00e9missions carbone dans des zones humides, dont \u00ab\u00a0un tiers a disparu dans le monde\u00a0\u00bb. Pourtant, ces \u00e9cosyst\u00e8mes \u00ab\u00a0nettoient l\u2019eau, capturent le carbone et sont des p\u00e9pini\u00e8res \u00e0 biodiversit\u00e9\u00a0\u00bb.<\/p>\n<p><strong>Que le reste du monde continue<\/strong><\/p>\n<p>Trous dans les donn\u00e9es et pr\u00e9cipice pour l\u2019avenir, qu\u2019elle dit \u00ab\u00a0d\u00e9sesp\u00e9r\u00e9\u00a0\u00bb. Le rythme du changement est aussi un \u00e9norme choc, preuve de \u00ab\u00a0l\u2019absence de r\u00e9action au sommet de l\u2019\u00c9tat. Il n\u2019y a aucune tentative pour arr\u00eater cela\u00a0\u00bb, ajoute-t-elle, horrifi\u00e9e.<\/p>\n<p>Dans ce contexte, le congr\u00e8s scientifique One Ocean qui s\u2019est tenu \u00e0 Nice, suivi du sommet politique de l\u2019Oc\u00e9an, semble une parenth\u00e8se inou\u00efe. \u00ab\u00a0Cela me rend triste de voir qu\u2019un pays qui \u00e9tait \u00e0 la pointe de la recherche cesse de mener cet effort. Cela me donne de l\u2019espoir de voir que le reste du monde continue.\u00a0\u00bb<\/p>\n<p>Toute expression de soutien est pr\u00e9cieuse. \u00ab\u00a0Je tiens \u00e0 remercier le peuple fran\u00e7ais pour son soutien \u00e0 notre cause. Plus il y aura de gens qui utiliseront les hashtags #pourlascience, #pourleclimat, mieux on comprendra que c\u2019est une perte, non seulement pour les \u00c9tats-Unis, mais pour le monde entier.\u00a0\u00bb<\/p>\n<p>Son \u00e9tat d\u2019esprit est-il \u00e0 la r\u00e9sistance? Le mot qui lui vient est plut\u00f4t la protestation. Alors, elle termine de fa\u00e7on surprenante, par une citation de la rappeuse am\u00e9ricaine Queen Latifah: \u00ab\u00a0Il faut d\u00e9fendre ce en quoi on croit, et parfois, il faut rester seul.\u00a0\u00bb<\/p>\n<p>Seule et debout, comme une femme, une scientifique et une Am\u00e9ricaine, en l\u2019an 2025.<\/p>\n","protected":false},"excerpt":{"rendered":"Aucune subvention f\u00e9d\u00e9rale n\u2019a financ\u00e9 son voyage en France. C\u2019est en tant que \u00ab\u00a0scientifique priv\u00e9e\u00a0\u00bb, qu\u2019elle est \u00e0&hellip;\n","protected":false},"author":2,"featured_media":180574,"comment_status":"","ping_status":"","sticky":false,"template":"","format":"standard","meta":{"footnotes":""},"categories":[2819],"tags":[1111,11,1129,1777,674,1011,27,12,2401,316,882,25,41],"class_list":{"0":"post-180573","1":"post","2":"type-post","3":"status-publish","4":"format-standard","5":"has-post-thumbnail","7":"category-nice","8":"tag-actu","9":"tag-actualites","10":"tag-climat","11":"tag-eu","12":"tag-europe","13":"tag-fr","14":"tag-france","15":"tag-news","16":"tag-nice","17":"tag-politique","18":"tag-provence-alpes-cote-dazur","19":"tag-republique-francaise","20":"tag-sciences"},"share_on_mastodon":{"url":"https:\/\/pubeurope.com\/@fr\/114692536175230429","error":""},"_links":{"self":[{"href":"https:\/\/www.europesays.com\/fr\/wp-json\/wp\/v2\/posts\/180573","targetHints":{"allow":["GET"]}}],"collection":[{"href":"https:\/\/www.europesays.com\/fr\/wp-json\/wp\/v2\/posts"}],"about":[{"href":"https:\/\/www.europesays.com\/fr\/wp-json\/wp\/v2\/types\/post"}],"author":[{"embeddable":true,"href":"https:\/\/www.europesays.com\/fr\/wp-json\/wp\/v2\/users\/2"}],"replies":[{"embeddable":true,"href":"https:\/\/www.europesays.com\/fr\/wp-json\/wp\/v2\/comments?post=180573"}],"version-history":[{"count":0,"href":"https:\/\/www.europesays.com\/fr\/wp-json\/wp\/v2\/posts\/180573\/revisions"}],"wp:featuredmedia":[{"embeddable":true,"href":"https:\/\/www.europesays.com\/fr\/wp-json\/wp\/v2\/media\/180574"}],"wp:attachment":[{"href":"https:\/\/www.europesays.com\/fr\/wp-json\/wp\/v2\/media?parent=180573"}],"wp:term":[{"taxonomy":"category","embeddable":true,"href":"https:\/\/www.europesays.com\/fr\/wp-json\/wp\/v2\/categories?post=180573"},{"taxonomy":"post_tag","embeddable":true,"href":"https:\/\/www.europesays.com\/fr\/wp-json\/wp\/v2\/tags?post=180573"}],"curies":[{"name":"wp","href":"https:\/\/api.w.org\/{rel}","templated":true}]}}