{"id":180579,"date":"2025-06-16T10:21:09","date_gmt":"2025-06-16T10:21:09","guid":{"rendered":"https:\/\/www.europesays.com\/fr\/180579\/"},"modified":"2025-06-16T10:21:09","modified_gmt":"2025-06-16T10:21:09","slug":"il-sexhibe-et-se-frotte-contre-des-commercantes-au-marche-de-talensac","status":"publish","type":"post","link":"https:\/\/www.europesays.com\/fr\/180579\/","title":{"rendered":"il s&rsquo;exhibe et \u00ab\u00a0se frotte\u00a0\u00bb contre des commer\u00e7antes au march\u00e9 de Talensac"},"content":{"rendered":"<p>            Par<br \/>\n        <strong><br \/>\n            <a href=\"https:\/\/actu.fr\/auteur\/laure-gentil\" title=\"Consulter tous les articles de Laure Gentil\" rel=\"nofollow noopener\" target=\"_blank\">Laure Gentil<\/a><br \/>\n        <\/strong><\/p>\n<p>        Publi\u00e9 le<\/p>\n<p>            16 juin 2025 \u00e0 12h01        <\/p>\n<p>Il doit \u00eatre pr\u00e9sent\u00e9 \u00e0 un magistrat <strong>ce lundi 16\u00a0juin 2025<\/strong>. Un homme<strong> \u00e2g\u00e9 de 53\u00a0ans<\/strong> a \u00e9t\u00e9 interpell\u00e9 par la police de <a href=\"https:\/\/actu.fr\/nantes\" rel=\"nofollow noopener\" target=\"_blank\">Nantes<\/a>, samedi 14\u00a0juin<strong> pour exhibition et agression sexuelle<\/strong> au<strong> march\u00e9 de Talensac<\/strong>. Quatre plaintes ont \u00e9t\u00e9 d\u00e9pos\u00e9es.<\/p>\n<p>D\u00e9j\u00e0 connu de la police<\/p>\n<p class=\" wall-content\">Selon une source polici\u00e8re, le mis en cause, un sans domicile fixe, est d\u00e9j\u00e0 connu des services de police pour des faits similaires.<\/p>\n<p class=\" wall-content\">Il s\u00e9virait au march\u00e9 depuis environ deux semaines. <strong>Trois plaintes<\/strong> avaient <strong>d\u00e9j\u00e0 \u00e9t\u00e9 d\u00e9pos\u00e9es<\/strong> avant qu\u2019il ne soit pris en<strong> flagrant d\u00e9lit<\/strong> ce samedi. Il s\u2019est \u00ab\u00a0frott\u00e9\u00a0\u00bb contre une commer\u00e7ante. Cette derni\u00e8re a elle aussi port\u00e9 plainte.<\/p>\n<p class=\" wall-content\">La m\u00eame source indique que l\u2019homme reconna\u00eet les faits mais \u00ab\u2009minimise\u2009\u00bb.<\/p>\n<p class=\" wall-content\">Suivez toute l\u2019actualit\u00e9 de vos villes et m\u00e9dias favoris en vous inscrivant \u00e0 <a href=\"https:\/\/moncompte.actu.fr\" title=\"D\u00e9couvez Mon Actu\" rel=\"nofollow noopener\" data-trk=\"{&quot;cta&quot;:{&quot;action&quot;:&quot;https:\\\/\\\/moncompte.actu.fr&quot;,&quot;category&quot;:&quot;mon compte&quot;,&quot;from&quot;:&quot;article footer&quot;,&quot;name&quot;:&quot;Mon actu&quot;,&quot;type&quot;:&quot;cta&quot;}}\" target=\"_blank\">Mon Actu<\/a>.<\/p>\n<ul class=\"ac-article-tag wall-content\">\n<li><a href=\"https:\/\/actu.fr\/tag\/police\" data-trk=\"{&quot;cta&quot;:{&quot;action&quot;:&quot;Police&quot;,&quot;category&quot;:&quot;tag&quot;,&quot;from&quot;:&quot;article footer&quot;,&quot;name&quot;:&quot;Police&quot;,&quot;type&quot;:&quot;cta&quot;}}\" rel=\"nofollow noopener\" target=\"_blank\">#Police<\/a><\/li>\n<li><a href=\"https:\/\/actu.fr\/tag\/violences-sexuelles\" data-trk=\"{&quot;cta&quot;:{&quot;action&quot;:&quot;Violences sexuelles&quot;,&quot;category&quot;:&quot;tag&quot;,&quot;from&quot;:&quot;article footer&quot;,&quot;name&quot;:&quot;Violences sexuelles&quot;,&quot;type&quot;:&quot;cta&quot;}}\" rel=\"nofollow noopener\" target=\"_blank\">#Violences sexuelles<\/a><\/li>\n<\/ul>\n","protected":false},"excerpt":{"rendered":"Par Laure Gentil Publi\u00e9 le 16 juin 2025 \u00e0 12h01 Il doit \u00eatre pr\u00e9sent\u00e9 \u00e0 un magistrat ce&hellip;\n","protected":false},"author":2,"featured_media":180580,"comment_status":"","ping_status":"","sticky":false,"template":"","format":"standard","meta":{"footnotes":""},"categories":[2818],"tags":[1111,11,1777,674,118,1011,27,766,12,2636,1072,25,799],"class_list":{"0":"post-180579","1":"post","2":"type-post","3":"status-publish","4":"format-standard","5":"has-post-thumbnail","7":"category-nantes","8":"tag-actu","9":"tag-actualites","10":"tag-eu","11":"tag-europe","12":"tag-faits-divers","13":"tag-fr","14":"tag-france","15":"tag-nantes","16":"tag-news","17":"tag-pays-de-la-loire","18":"tag-police","19":"tag-republique-francaise","20":"tag-violences-sexuelles"},"share_on_mastodon":{"url":"https:\/\/pubeurope.com\/@fr\/114692547103780345","error":""},"_links":{"self":[{"href":"https:\/\/www.europesays.com\/fr\/wp-json\/wp\/v2\/posts\/180579","targetHints":{"allow":["GET"]}}],"collection":[{"href":"https:\/\/www.europesays.com\/fr\/wp-json\/wp\/v2\/posts"}],"about":[{"href":"https:\/\/www.europesays.com\/fr\/wp-json\/wp\/v2\/types\/post"}],"author":[{"embeddable":true,"href":"https:\/\/www.europesays.com\/fr\/wp-json\/wp\/v2\/users\/2"}],"replies":[{"embeddable":true,"href":"https:\/\/www.europesays.com\/fr\/wp-json\/wp\/v2\/comments?post=180579"}],"version-history":[{"count":0,"href":"https:\/\/www.europesays.com\/fr\/wp-json\/wp\/v2\/posts\/180579\/revisions"}],"wp:featuredmedia":[{"embeddable":true,"href":"https:\/\/www.europesays.com\/fr\/wp-json\/wp\/v2\/media\/180580"}],"wp:attachment":[{"href":"https:\/\/www.europesays.com\/fr\/wp-json\/wp\/v2\/media?parent=180579"}],"wp:term":[{"taxonomy":"category","embeddable":true,"href":"https:\/\/www.europesays.com\/fr\/wp-json\/wp\/v2\/categories?post=180579"},{"taxonomy":"post_tag","embeddable":true,"href":"https:\/\/www.europesays.com\/fr\/wp-json\/wp\/v2\/tags?post=180579"}],"curies":[{"name":"wp","href":"https:\/\/api.w.org\/{rel}","templated":true}]}}