{"id":180585,"date":"2025-06-16T10:24:10","date_gmt":"2025-06-16T10:24:10","guid":{"rendered":"https:\/\/www.europesays.com\/fr\/180585\/"},"modified":"2025-06-16T10:24:10","modified_gmt":"2025-06-16T10:24:10","slug":"airbus-enregistre-une-premiere-grosse-commande-des-louverture-du-salon-du-bourget","status":"publish","type":"post","link":"https:\/\/www.europesays.com\/fr\/180585\/","title":{"rendered":"Airbus enregistre une premi\u00e8re grosse commande d\u00e8s l&rsquo;ouverture du Salon du Bourget"},"content":{"rendered":"<p>            Par<br \/>\n        <strong><br \/>\n            <a href=\"https:\/\/actu.fr\/auteur\/guillaume-laurens\" title=\"Consulter tous les articles de Guillaume Laurens\" target=\"_blank\" rel=\"noopener\">Guillaume Laurens<\/a><br \/>\n        <\/strong><\/p>\n<p>        Publi\u00e9 le<\/p>\n<p>            16 juin 2025 \u00e0 12h02        <\/p>\n<p>Une demi-heure \u00e0 peine apr\u00e8s l\u2019ouverture du Salon du Bourget, LE grand rendez-vous mondial de l\u2019a\u00e9ronautique qui a d\u00e9but\u00e9 \u00e0 Paris ce lundi 16\u00a0juin 2025 et <a href=\"https:\/\/actu.fr\/occitanie\/toulouse_31555\/salon-du-bourget-2025-voici-toutes-les-innovations-presentees-par-les-entreprises-de-toulouse_62761923.html\" target=\"_blank\" rel=\"noopener\">o\u00f9 les entreprises de Toulouse sont \u00e0 la pointe<\/a>, <strong><a href=\"https:\/\/actu.fr\/tag\/airbus\" target=\"_blank\" rel=\"noopener\">Airbus<\/a> <\/strong>a annonc\u00e9 d\u00e8s 10h30 une <strong>premi\u00e8re commande<\/strong> importante de <strong>40 appareils,<\/strong> avec des options sur<strong> 37 autres<\/strong>. L\u2019essentiel.<\/p>\n<p>40 avions au minimum, 77 au maximum<\/p>\n<p class=\" wall-content\">AviLease, loueur mondial d\u2019avions dont le si\u00e8ge se trouve en Arabie Saoudite, a en effet pass\u00e9 ce lundi matin une commande initiale de <strong>10 avions de fret A350F<\/strong> et de <strong>30 appareils de la famille A320neo,<\/strong> a annonc\u00e9 le g\u00e9ant a\u00e9ronautique, dont le si\u00e8ge mondial est dans la Ville rose.<\/p>\n<p class=\" wall-content\">L\u2019accord, qui pr\u00e9voit \u00e9galement une augmentation future \u00e0 22 avions cargo A350F et 55 appareils de la famille A320neo, \u00ab\u2009a \u00e9t\u00e9 sign\u00e9 lors du Salon du Bourget 2025\u2009\u00bb, pr\u00e9cise Airbus.<\/p>\n<p>    <img   decoding=\"async\" loading=\"lazy\" src=\"https:\/\/www.europesays.com\/fr\/wp-content\/uploads\/2025\/06\/airbus-avilease-960x640.jpg\" alt=\"Avilease s'est offert des A350F, mais aussi des A320neo d\u00e8s l'ouverture du Salon du Bourget \u00e0 Paris\" width=\"960\" height=\"640\"\/><br \/>\n    Avilease s\u2019est offert des A350F, mais aussi des A320neo d\u00e8s l\u2019ouverture du Salon du Bourget \u00e0 Paris (\u00a9Airbus)Airbus se r\u00e9jouit de l\u2019arriv\u00e9e de ce \u00ab\u2009nouveau client\u2009\u00bb<\/p>\n<p class=\" wall-content\">\u00ab\u2009Nous sommes ravis d\u2019accueillir AviLease en tant que <strong>nouveau client<\/strong> d\u2019Airbus avec cette importante commande portant sur le tout nouvel A350F et la famille leader A320neo\u2009\u00bb, s\u2019est r\u00e9joui <strong>Beno\u00eet de Saint-Exup\u00e9ry<\/strong>, vice-pr\u00e9sident d\u2019Airbus charg\u00e9 des ventes d\u2019avions commerciaux, qui n\u2019a pas tari d\u2019\u00e9loges sur ces deux a\u00e9ronefs.<\/p>\n<p>Vid\u00e9os : en ce moment sur Actu<\/p>\n<blockquote class=\"ac-article-quote wall-content\">\n<p>L&rsquo;A350F deviendra la r\u00e9f\u00e9rence en mati\u00e8re de fret a\u00e9rien, avec une consommation de carburant r\u00e9duite d&rsquo;au moins 20 %, une meilleure capacit\u00e9 de chargement et un rayon d&rsquo;action accru, tandis que la famille A320neo reste l&rsquo;avion monocouloir le plus populaire au monde.<\/p>\n<p>    <strong>Beno\u00eet de Saint-Exup\u00e9ry<\/strong><br \/>\n        Vice-pr\u00e9sident d\u2019Airbus charg\u00e9 des ventes d\u2019avions commerciaux    <\/p><\/blockquote>\n<p>Un \u00ab\u2009loueur mondial de premier ordre\u2009\u00bb<\/p>\n<p class=\" wall-content\">\u00ab\u2009Nous sommes fiers d\u2019\u00e9tablir un carnet de commandes Airbus, renfor\u00e7ant ainsi notre position de <strong>loueur mondial de premier ordre\u2009\u00bb<\/strong>, a de son c\u00f4t\u00e9 comment\u00e9 <strong>Edward O\u2019By<\/strong>, le PDG d\u2019AviLease, heureux de pouvoir ainsi \u00ab\u2009proposer des solutions de flotte modernes et \u00e9conomes en carburant \u00e0 nos partenaires a\u00e9riens en Arabie saoudite et dans le monde entier\u2009\u00bb.<\/p>\n<p>Le Salon se tient jusqu\u2019\u00e0 dimanche<\/p>\n<p class=\" wall-content\">La <strong>55e \u00e9dition<\/strong> du Salon du Bourget se tient jusqu\u2019au <strong>dimanche 22\u00a0juin 2025<\/strong> sur le site de l\u2019a\u00e9roport \u00e9ponyme, en r\u00e9gion parisienne, o\u00f9 les constructeurs et autres acteurs du march\u00e9 a\u00e9rien vont jouer des coudes pour s\u2019arracher les services des compagnies.<\/p>\n<p class=\" wall-content\">Suivez toute l\u2019actualit\u00e9 de vos villes et m\u00e9dias favoris en vous inscrivant \u00e0 <a href=\"https:\/\/moncompte.actu.fr\" title=\"D\u00e9couvez Mon Actu\" rel=\"nofollow noopener\" data-trk=\"{&quot;cta&quot;:{&quot;action&quot;:&quot;https:\\\/\\\/moncompte.actu.fr&quot;,&quot;category&quot;:&quot;mon compte&quot;,&quot;from&quot;:&quot;article footer&quot;,&quot;name&quot;:&quot;Mon actu&quot;,&quot;type&quot;:&quot;cta&quot;}}\" target=\"_blank\">Mon Actu<\/a>.<\/p>\n","protected":false},"excerpt":{"rendered":"Par Guillaume Laurens Publi\u00e9 le 16 juin 2025 \u00e0 12h02 Une demi-heure \u00e0 peine apr\u00e8s l\u2019ouverture du Salon&hellip;\n","protected":false},"author":2,"featured_media":180586,"comment_status":"","ping_status":"","sticky":false,"template":"","format":"standard","meta":{"footnotes":""},"categories":[2816],"tags":[1111,11,296,36,33,1777,674,1011,27,12,2680,25,2312],"class_list":{"0":"post-180585","1":"post","2":"type-post","3":"status-publish","4":"format-standard","5":"has-post-thumbnail","7":"category-toulouse","8":"tag-actu","9":"tag-actualites","10":"tag-aeronautique","11":"tag-airbus","12":"tag-economie","13":"tag-eu","14":"tag-europe","15":"tag-fr","16":"tag-france","17":"tag-news","18":"tag-occitanie","19":"tag-republique-francaise","20":"tag-toulouse"},"share_on_mastodon":{"url":"https:\/\/pubeurope.com\/@fr\/114692558919317437","error":""},"_links":{"self":[{"href":"https:\/\/www.europesays.com\/fr\/wp-json\/wp\/v2\/posts\/180585","targetHints":{"allow":["GET"]}}],"collection":[{"href":"https:\/\/www.europesays.com\/fr\/wp-json\/wp\/v2\/posts"}],"about":[{"href":"https:\/\/www.europesays.com\/fr\/wp-json\/wp\/v2\/types\/post"}],"author":[{"embeddable":true,"href":"https:\/\/www.europesays.com\/fr\/wp-json\/wp\/v2\/users\/2"}],"replies":[{"embeddable":true,"href":"https:\/\/www.europesays.com\/fr\/wp-json\/wp\/v2\/comments?post=180585"}],"version-history":[{"count":0,"href":"https:\/\/www.europesays.com\/fr\/wp-json\/wp\/v2\/posts\/180585\/revisions"}],"wp:featuredmedia":[{"embeddable":true,"href":"https:\/\/www.europesays.com\/fr\/wp-json\/wp\/v2\/media\/180586"}],"wp:attachment":[{"href":"https:\/\/www.europesays.com\/fr\/wp-json\/wp\/v2\/media?parent=180585"}],"wp:term":[{"taxonomy":"category","embeddable":true,"href":"https:\/\/www.europesays.com\/fr\/wp-json\/wp\/v2\/categories?post=180585"},{"taxonomy":"post_tag","embeddable":true,"href":"https:\/\/www.europesays.com\/fr\/wp-json\/wp\/v2\/tags?post=180585"}],"curies":[{"name":"wp","href":"https:\/\/api.w.org\/{rel}","templated":true}]}}