{"id":180595,"date":"2025-06-16T10:30:14","date_gmt":"2025-06-16T10:30:14","guid":{"rendered":"https:\/\/www.europesays.com\/fr\/180595\/"},"modified":"2025-06-16T10:30:14","modified_gmt":"2025-06-16T10:30:14","slug":"lyon-les-visages-de-victimes-du-nazisme-dans-un-dictionnaire-biographique","status":"publish","type":"post","link":"https:\/\/www.europesays.com\/fr\/180595\/","title":{"rendered":"Lyon. Les visages de victimes du nazisme dans un dictionnaire biographique"},"content":{"rendered":"<p>Redonner un visage aux victimes de la r\u00e9pression nazie et remonter le fil de leur histoire\u00a0: c\u2019est la mission que se sont donn\u00e9es la Fondation pour la m\u00e9moire de la D\u00e9portation et l\u2019universit\u00e9 de Caen Normandie, en cr\u00e9ant un dictionnaire biographique des victimes du nazisme en Normandie.<\/p>\n<p>\u00ab\u00a0Ce projet a \u00e9t\u00e9 lanc\u00e9 il y a une dizaine d\u2019ann\u00e9es par la Fondation pour la m\u00e9moire de la D\u00e9portation\u00a0\u00bb, explique Fran\u00e7oise Passera, ing\u00e9nieure d\u2019\u00e9tudes au laboratoire HisTeM\u00e9 (Histoire Territoires M\u00e9moires) de l\u2019universit\u00e9. Le point de d\u00e9part, c\u2019est qu\u2019existe \u00e0 Caen un service historique de la D\u00e9fense qui conserve les archives des victimes des conflits contemporains.<\/p>\n<p>Des \u00e9quipes de chercheurs et de passionn\u00e9s d\u2019histoire<\/p>\n<p>\u00ab\u00a0Des familles ou&#8230;<\/p>\n","protected":false},"excerpt":{"rendered":"Redonner un visage aux victimes de la r\u00e9pression nazie et remonter le fil de leur histoire\u00a0: c\u2019est la&hellip;\n","protected":false},"author":2,"featured_media":180596,"comment_status":"","ping_status":"","sticky":false,"template":"","format":"standard","meta":{"footnotes":""},"categories":[1889],"tags":[1111,11,2430,2757,1777,674,107,1011,27,937,2428,2756,12,25,2429,4604,104],"class_list":{"0":"post-180595","1":"post","2":"type-post","3":"status-publish","4":"format-standard","5":"has-post-thumbnail","7":"category-lyon","8":"tag-actu","9":"tag-actualites","10":"tag-auvergne-rhone-alpes","11":"tag-edition-lyon-villeurbanne","12":"tag-eu","13":"tag-europe","14":"tag-fil-info","15":"tag-fr","16":"tag-france","17":"tag-histoire","18":"tag-lyon","19":"tag-lyon-bassin","20":"tag-news","21":"tag-republique-francaise","22":"tag-rhone","23":"tag-selection-abonne","24":"tag-societe"},"share_on_mastodon":{"url":"https:\/\/pubeurope.com\/@fr\/114692582509340125","error":""},"_links":{"self":[{"href":"https:\/\/www.europesays.com\/fr\/wp-json\/wp\/v2\/posts\/180595","targetHints":{"allow":["GET"]}}],"collection":[{"href":"https:\/\/www.europesays.com\/fr\/wp-json\/wp\/v2\/posts"}],"about":[{"href":"https:\/\/www.europesays.com\/fr\/wp-json\/wp\/v2\/types\/post"}],"author":[{"embeddable":true,"href":"https:\/\/www.europesays.com\/fr\/wp-json\/wp\/v2\/users\/2"}],"replies":[{"embeddable":true,"href":"https:\/\/www.europesays.com\/fr\/wp-json\/wp\/v2\/comments?post=180595"}],"version-history":[{"count":0,"href":"https:\/\/www.europesays.com\/fr\/wp-json\/wp\/v2\/posts\/180595\/revisions"}],"wp:featuredmedia":[{"embeddable":true,"href":"https:\/\/www.europesays.com\/fr\/wp-json\/wp\/v2\/media\/180596"}],"wp:attachment":[{"href":"https:\/\/www.europesays.com\/fr\/wp-json\/wp\/v2\/media?parent=180595"}],"wp:term":[{"taxonomy":"category","embeddable":true,"href":"https:\/\/www.europesays.com\/fr\/wp-json\/wp\/v2\/categories?post=180595"},{"taxonomy":"post_tag","embeddable":true,"href":"https:\/\/www.europesays.com\/fr\/wp-json\/wp\/v2\/tags?post=180595"}],"curies":[{"name":"wp","href":"https:\/\/api.w.org\/{rel}","templated":true}]}}