{"id":180601,"date":"2025-06-16T10:33:12","date_gmt":"2025-06-16T10:33:12","guid":{"rendered":"https:\/\/www.europesays.com\/fr\/180601\/"},"modified":"2025-06-16T10:33:12","modified_gmt":"2025-06-16T10:33:12","slug":"salon-du-bourget-sous-tension-bataille-du-logement-etudiant-a-paris-linfo-a-midi-en-ile-de-france","status":"publish","type":"post","link":"https:\/\/www.europesays.com\/fr\/180601\/","title":{"rendered":"Salon du Bourget sous tension, bataille du logement \u00e9tudiant \u00e0 Paris&#8230; L&rsquo;info \u00e0 midi en \u00cele-de-France"},"content":{"rendered":"<p>            Par<br \/>\n        <strong><br \/>\n            <a href=\"https:\/\/actu.fr\/auteur\/redaction-paris\" title=\"Consulter tous les articles de R\u00e9daction Paris\" rel=\"nofollow noopener\" target=\"_blank\">R\u00e9daction Paris<\/a><br \/>\n        <\/strong><\/p>\n<p>        Publi\u00e9 le<\/p>\n<p>            16 juin 2025 \u00e0 12h04        <\/p>\n<p>Une nouvelle semaine ensoleill\u00e9e commence. Que s\u2019est-il pass\u00e9 \u00e0 midi en \u00cele-de-France\u2009? Voici l\u2019essentiel de l\u2019actualit\u00e9\u2009: en Seine-Saint-Denis, le Salon du Bourget est le th\u00e9\u00e2tre de tensions en raison de la participation d\u2019Isra\u00ebl, \u00e0 Paris, la bataille pour trouver un logement a commenc\u00e9 pour les \u00e9tudiants et l\u2019Essonne f\u00eate Joan-Benjamin Gab, judoka sacr\u00e9 champion du monde.<\/p>\n<p>Les informations \u00e0 retenir ce lundi 16\u00a0juin 2025, \u00e0 midi, en \u00cele-de-France<\/p>\n<p class=\"expresso-item wall-content\"><strong>Essonne. <\/strong><a title=\"Lire l&#039;article\" href=\"https:\/\/actu.fr\/sports\/joan-benjamin-gaba-judoka-licencie-en-essonne-remporte-la-medaille-d-or-aux-championnats-du-monde-de-judo_62776797.html\" rel=\"nofollow noopener\" target=\"_blank\">Joan-Benjamin Gaba, judoka licenci\u00e9 du d\u00e9partement, remporte la m\u00e9daille d\u2019or aux championnats du monde de judo<\/a><br \/>Apr\u00e8s une belle m\u00e9daille d\u2019argent aux JO de Paris, le judoka de 24\u00a0ans a rafl\u00e9 l\u2019or dimanche aux championnats du monde de Budapest.<\/p>\n<p class=\"expresso-item wall-content\"><strong>Seine-et-Marne. <\/strong><a title=\"Lire l&#039;article\" href=\"https:\/\/actu.fr\/ile-de-france\/fontainebleau_77186\/tv-deux-boulangeries-de-fontainebleau-et-avon-en-lice-pour-devenir-la-meilleure-boulangerie-de-france-sur-m6_62776679.html\" rel=\"nofollow noopener\" target=\"_blank\">TV\u2009: deux boulangeries de Fontainebleau et Avon en lice pour devenir La meilleure boulangerie de France sur M6<\/a><br \/>L\u2019\u00e9mission La Meilleure boulangerie de France, sur M6, a rendu visite aux g\u00e9rants de la boulangerie Suzy et Arlette, \u00e0 Fontainebleau L\u2019\u00e9mission sera diffus\u00e9e ce mardi 17\u00a0juin 2025.<\/p>\n<p class=\"expresso-item wall-content\"><strong>Seine-Saint-Denis.<\/strong> <a title=\"Lire l&#039;article\" href=\"https:\/\/actu.fr\/ile-de-france\/le-bourget_93013\/boycott-manifestation-contre-israel-le-salon-international-du-bourget-s-ouvre-avec-des-turbulences-en-vue_62771933.html\" rel=\"nofollow noopener\" target=\"_blank\">Boycott, manifestation contre Isra\u00ebl\u2026 Le salon international du Bourget s\u2019ouvre avec des turbulences en vue<\/a><br \/>Plusieurs \u00e9lus de Seine-Saint-Denis ont d\u00e9cid\u00e9 de boycotter le 55e salon du Bourget pour protester contre la pr\u00e9sence d\u2019entreprises de d\u00e9fense isra\u00e9liennes.<\/p>\n<p class=\"expresso-item wall-content\"><strong>Hauts-de-Seine. <\/strong><a title=\"Lire l&#039;article\" href=\"https:\/\/actu.fr\/ile-de-france\/colombes_92025\/colombes-apres-trois-ans-de-travaux-la-piscine-fait-peau-neuve-et-restera-ouverte-tout-l-ete_62768282.html\" rel=\"nofollow noopener\" target=\"_blank\">Colombes\u2009: apr\u00e8s trois ans de travaux, la piscine fait peau neuve et restera ouverte tout l\u2019\u00e9t\u00e9<\/a><br \/>Le centre aquatique Laure-et-Florent-Manaudou va rouvrir \u00e0 Colombes apr\u00e8s trois ans de travaux, avec bassins, espaces forme et animations accessibles d\u00e8s cet \u00e9t\u00e9.<\/p>\n<p class=\"expresso-item wall-content\"><strong>Paris.<\/strong> <a title=\"Lire l&#039;article\" href=\"https:\/\/actu.fr\/ile-de-france\/paris_75056\/recherche-d-appartements-etudiants-a-paris-la-ruee-a-deja-commence-jusqu-a-1-400-reponses-par-annonce_62769619.html\" rel=\"nofollow noopener\" target=\"_blank\">Recherche d\u2019appartements \u00e9tudiants\u2009: la ru\u00e9e a d\u00e9j\u00e0 commenc\u00e9, jusqu\u2019\u00e0 1\u2009400 r\u00e9ponses par annonce<\/a><br \/>Alors que les premiers r\u00e9sultats de Parcoursup viennent de tomber, les futurs \u00e9tudiants de la capitale en qu\u00eate d\u2019un logement sont confront\u00e9s \u00e0 un march\u00e9 extr\u00eamement tendu.<\/p>\n<p class=\" wall-content\"><strong>Suivez-nous pour en savoir plus\u2009!<\/strong><br \/>Vous voulez plus d\u2019infos sur l\u2019\u00cele-de-France\u2009? Vous pouvez nous retrouver sur Actu \u00cele-de-France. Pour nous suivre sur les r\u00e9seaux sociaux, dans vos d\u00e9partements\u2009:<\/p>\n<p class=\" wall-content\"><strong>Paris<\/strong>\u2009: retrouvez\u00a0actu\u00a0Paris\u00a0sur\u00a0<a href=\"https:\/\/www.facebook.com\/actufr.paris\/\" rel=\"nofollow noopener\" target=\"_blank\">Facebook<\/a>\u00a0et\u00a0<a href=\"https:\/\/twitter.com\/actufrparis\" rel=\"nofollow noopener\" target=\"_blank\">Twitter<\/a>\u2009;<br \/><strong>Seine-et-Marne<\/strong>\u2009: retrouvez\u00a0La R\u00e9publique de Seine-et-Marne (sud) sur\u00a0<a href=\"https:\/\/www.facebook.com\/RepubliqueSeineMarne\/\" rel=\"nofollow noopener\" target=\"_blank\">Facebook<\/a>\u00a0et\u00a0<a href=\"https:\/\/twitter.com\/LaRep77\" rel=\"nofollow noopener\" target=\"_blank\">Twitter<\/a>\u2009; La Marne (nord) sur\u00a0<a href=\"https:\/\/www.facebook.com\/journallarmarne\/?__tn__=%2Cd%2CP-R&amp;eid=ARDLZc91LaHbXzDwChLLLQJVMBLx_ABJremTC2-RG0CYvg0f4f8CLvbV5G1Lli4g_6QoXDcKkU1_LX1W\" rel=\"nofollow noopener\" target=\"_blank\">Facebook<\/a>\u00a0et\u00a0<a href=\"https:\/\/twitter.com\/JournalLaMarne\" rel=\"nofollow noopener\" target=\"_blank\">Twitter<\/a>\u2009; et\u00a0Le Pays Briard\u00a0sur\u00a0<a href=\"https:\/\/www.facebook.com\/LePaysBriard\/?ref=bookmarks\" rel=\"nofollow noopener\" target=\"_blank\">Facebook<\/a>\u00a0et\u00a0<a href=\"https:\/\/twitter.com\/LePaysBriard\" rel=\"nofollow noopener\" target=\"_blank\">Twitter<\/a>\u2009;<br \/><strong>Yvelines\u2009:<\/strong> retrouvez\u00a078actu\u00a0sur\u00a0<a href=\"https:\/\/www.facebook.com\/78actu\/\" rel=\"nofollow noopener\" target=\"_blank\">Facebook<\/a>\u00a0et\u00a0<a href=\"https:\/\/x.com\/78actu\" rel=\"nofollow\">Twitter<\/a>\u2009;<br \/><strong>Essonne\u2009:<\/strong> retrouvez\u00a0actu Essonne\u00a0sur\u00a0<a href=\"https:\/\/www.facebook.com\/actuessonne\/?ref=br_rs\" rel=\"nofollow noopener\" target=\"_blank\">Facebook<\/a>\u00a0et\u00a0<a href=\"https:\/\/twitter.com\/ActuEssonne\" rel=\"nofollow noopener\" target=\"_blank\">Twitter<\/a>\u2009;<br \/><strong>Hauts-de-Seine\u2009:<\/strong> retrouvez\u00a0actu\u00a0Hauts-de-Seine\u00a0sur\u00a0<a href=\"https:\/\/www.facebook.com\/actufr.hautsdeseine\/\" rel=\"nofollow noopener\" target=\"_blank\">Facebook<\/a>\u00a0et\u00a0<a href=\"https:\/\/twitter.com\/actufr92\" rel=\"nofollow noopener\" target=\"_blank\">Twitter<\/a>\u2009;<br \/><strong>Seine-Saint-Denis\u2009:<\/strong> retrouvez actu Seine-Saint-Denis sur\u00a0<a href=\"https:\/\/www.facebook.com\/actufr.seinesaintdenis\/\" rel=\"nofollow noopener\" target=\"_blank\">Facebook<\/a>\u00a0et\u00a0<a href=\"https:\/\/x.com\/Actufr93\" rel=\"nofollow\">Twitter<\/a>\u2009;<br \/><strong>Val-de-Marne\u2009:<\/strong> retrouvez actu Val-de-Marne sur\u00a0<a href=\"https:\/\/www.facebook.com\/actu94.valdemarne\/\" rel=\"nofollow noopener\" target=\"_blank\">Facebook\u00a0<\/a>et\u00a0<a href=\"https:\/\/x.com\/actufr94\" rel=\"nofollow\">Twitter\u2009<\/a>;<br \/><strong>Val-d\u2019Oise\u2009: <\/strong>retrouvez La Gazette du Val-d\u2019Oise sur\u00a0<a href=\"https:\/\/x.com\/actufr94\" rel=\"nofollow\">Twitter<\/a><\/p>\n<p class=\" wall-content\">Suivez toute l\u2019actualit\u00e9 de vos villes et m\u00e9dias favoris en vous inscrivant \u00e0 <a href=\"https:\/\/moncompte.actu.fr\" title=\"D\u00e9couvez Mon Actu\" rel=\"nofollow noopener\" data-trk=\"{&quot;cta&quot;:{&quot;action&quot;:&quot;https:\\\/\\\/moncompte.actu.fr&quot;,&quot;category&quot;:&quot;mon compte&quot;,&quot;from&quot;:&quot;article footer&quot;,&quot;name&quot;:&quot;Mon actu&quot;,&quot;type&quot;:&quot;cta&quot;}}\" target=\"_blank\">Mon Actu<\/a>.<\/p>\n<p>                    <script async src=\"https:\/\/platform.twitter.com\/widgets.js\" charset=\"utf-8\"><\/script><\/p>\n","protected":false},"excerpt":{"rendered":"Par R\u00e9daction Paris Publi\u00e9 le 16 juin 2025 \u00e0 12h04 Une nouvelle semaine ensoleill\u00e9e commence. Que s\u2019est-il pass\u00e9&hellip;\n","protected":false},"author":2,"featured_media":180602,"comment_status":"","ping_status":"","sticky":false,"template":"","format":"standard","meta":{"footnotes":""},"categories":[1592],"tags":[1111,11,1777,674,1011,27,662,1908,12,626,25,104,252,2086],"class_list":{"0":"post-180601","1":"post","2":"type-post","3":"status-publish","4":"format-standard","5":"has-post-thumbnail","7":"category-ile-de-france","8":"tag-actu","9":"tag-actualites","10":"tag-eu","11":"tag-europe","12":"tag-fr","13":"tag-france","14":"tag-ile-de-france","15":"tag-logement","16":"tag-news","17":"tag-paris","18":"tag-republique-francaise","19":"tag-societe","20":"tag-television","21":"tag-travaux"},"share_on_mastodon":{"url":"https:\/\/pubeurope.com\/@fr\/114692594251200445","error":""},"_links":{"self":[{"href":"https:\/\/www.europesays.com\/fr\/wp-json\/wp\/v2\/posts\/180601","targetHints":{"allow":["GET"]}}],"collection":[{"href":"https:\/\/www.europesays.com\/fr\/wp-json\/wp\/v2\/posts"}],"about":[{"href":"https:\/\/www.europesays.com\/fr\/wp-json\/wp\/v2\/types\/post"}],"author":[{"embeddable":true,"href":"https:\/\/www.europesays.com\/fr\/wp-json\/wp\/v2\/users\/2"}],"replies":[{"embeddable":true,"href":"https:\/\/www.europesays.com\/fr\/wp-json\/wp\/v2\/comments?post=180601"}],"version-history":[{"count":0,"href":"https:\/\/www.europesays.com\/fr\/wp-json\/wp\/v2\/posts\/180601\/revisions"}],"wp:featuredmedia":[{"embeddable":true,"href":"https:\/\/www.europesays.com\/fr\/wp-json\/wp\/v2\/media\/180602"}],"wp:attachment":[{"href":"https:\/\/www.europesays.com\/fr\/wp-json\/wp\/v2\/media?parent=180601"}],"wp:term":[{"taxonomy":"category","embeddable":true,"href":"https:\/\/www.europesays.com\/fr\/wp-json\/wp\/v2\/categories?post=180601"},{"taxonomy":"post_tag","embeddable":true,"href":"https:\/\/www.europesays.com\/fr\/wp-json\/wp\/v2\/tags?post=180601"}],"curies":[{"name":"wp","href":"https:\/\/api.w.org\/{rel}","templated":true}]}}