{"id":180603,"date":"2025-06-16T10:34:10","date_gmt":"2025-06-16T10:34:10","guid":{"rendered":"https:\/\/www.europesays.com\/fr\/180603\/"},"modified":"2025-06-16T10:34:10","modified_gmt":"2025-06-16T10:34:10","slug":"facile-le-psg-debute-idealement-son-tournoi-face-a-latletico","status":"publish","type":"post","link":"https:\/\/www.europesays.com\/fr\/180603\/","title":{"rendered":"facile, le PSG d\u00e9bute id\u00e9alement son tournoi face \u00e0 l\u2019Atl\u00e9tico"},"content":{"rendered":"<p>Les Parisiens n\u2019ont gu\u00e8re trembl\u00e9 contre les Matelassiers dimanche, au Rose Bowl de Padasena, pour leur entr\u00e9e en lice au Mondial des clubs.<\/p>\n<p class=\"fig-paragraph\">Un d\u00e9part en fanfare. Et un message envoy\u00e9 au monde. Deux semaines apr\u00e8s avoir remport\u00e9 la Ligue des champions, le PSG a id\u00e9alement d\u00e9but\u00e9 le Mondial des clubs, en \u00e9trillant l\u2019Atl\u00e9tico Madrid \u00e0 Los Angeles (4-0). Le club de la capitale a fait honneur \u00e0 son statut de favori et a su appliquer les recettes qui ont fait sa force cette saison. Prochain rendez-vous pour les Parisiens\u00a0: jeudi face \u00e0 Botafogo, avec d\u2019ores et d\u00e9j\u00e0 l\u2019occasion de valider la qualification en huiti\u00e8mes de finale.<\/p>\n<p>Le PSG fait le show d\u2019entr\u00e9e<\/p>\n<p class=\"fig-paragraph\">Nouvelle comp\u00e9tition, mais un ind\u00e9niable air de d\u00e9j\u00e0-vu. Sacr\u00e9 champion d\u2019Europe au terme d\u2019un parcours remarquable, le PSG a d\u00e9marr\u00e9 son Mondial des clubs par une nouvelle d\u00e9monstration de force. Face \u00e0 un Atl\u00e9tico Madrid qui n\u2019a jamais fait le poids. Pour ce bapt\u00eame du feu au Rose Bowl de Los Angeles, Luis Enrique a sorti l\u2019artillerie lourde. Hormis Demb\u00e9l\u00e9, forfait et remplac\u00e9 par Ramos \u00e0 la pointe de l\u2019attaque, tous les titulaires de la derni\u00e8re finale de C1 \u00e9taient reconduits au coup d\u2019envoi. Et Fabian Ruiz a \u00e9t\u00e9 le premier \u00e0 se mettre en \u00e9vidence. A la conclusion d\u2019un (\u00e9ni\u00e8me) mod\u00e8le d\u2019action collective, le milieu de terrain espagnol a ouvert le score, d\u2019une frappe rasante bien plac\u00e9e (1-0, 19e). Asphyxi\u00e9s autant par la chaleur que par les longues s\u00e9quences de possession et le contre pressing du PSG, les Colchoneros n\u2019ont jamais r\u00e9agi en premi\u00e8re p\u00e9riode. Et ont de nouveau craqu\u00e9 juste avant la pause. Pas attaqu\u00e9 par une d\u00e9fense spectatrice, Vitinha a eu tout le temps d\u2019ajuster Oblak \u00e0 l\u2019entr\u00e9e de la surface (2-0, 45e+3).<\/p>\n<p>Lenglet craque, Paris sans piti\u00e9<\/p>\n<p class=\"fig-paragraph\">Sans avoir \u00e0 forcer, le PSG a gard\u00e9 le contr\u00f4le des d\u00e9bats en seconde p\u00e9riode. Hormis une grosse frayeur, sur un but d\u2019Alvarez finalement refus\u00e9 apr\u00e8s intervention du Var (55e), les Parisiens n\u2019ont laiss\u00e9 aucun espoir \u00e0 des Madril\u00e8nes toujours aussi impuissants. Et particuli\u00e8rement nerveux. \u00c0 l\u2019image d\u2019un Lenglet d\u00e9pass\u00e9 tout au long d\u2019une rencontre qu\u2019il a quitt\u00e9 pr\u00e9matur\u00e9ment, sur un carton rouge re\u00e7u en fin de match (78e). En sup\u00e9riorit\u00e9 num\u00e9rique, le PSG a d\u00e9roul\u00e9 et a su mat\u00e9rialiser la diff\u00e9rence de niveau abyssale qui existait ce dimanche entre les deux \u00e9quipes. Mayulu, servi involontairement par Griezmann (3-0, 87e) et Lee sur penalty (4-0, 90e+7) ont parachev\u00e9 la d\u00e9monstration parisienne. Surfant sur une incroyable dynamique, le PSG est effectivement pr\u00eat \u00e0 conqu\u00e9rir le monde, apr\u00e8s avoir mis l\u2019Europe \u00e0 ses pieds.<\/p>\n","protected":false},"excerpt":{"rendered":"Les Parisiens n\u2019ont gu\u00e8re trembl\u00e9 contre les Matelassiers dimanche, au Rose Bowl de Padasena, pour leur entr\u00e9e en&hellip;\n","protected":false},"author":2,"featured_media":180604,"comment_status":"","ping_status":"","sticky":false,"template":"","format":"standard","meta":{"footnotes":""},"categories":[1888],"tags":[1111,1928,11,1927,29295,1981,451,6714,7151,814,20535,1777,674,63,1011,27,955,12,1926,626,1925,28931,4589,93,1463,28930,25,1980],"class_list":{"0":"post-180603","1":"post","2":"type-post","3":"status-publish","4":"format-standard","5":"has-post-thumbnail","7":"category-paris","8":"tag-actu","9":"tag-actu-paris","10":"tag-actualites","11":"tag-actualites-paris","12":"tag-atletico-madrid","13":"tag-classement","14":"tag-coupe-du-monde","15":"tag-coupe-du-monde-2022","16":"tag-coupe-du-monde-des-clubs","17":"tag-direct","18":"tag-eliminatoires","19":"tag-eu","20":"tag-europe","21":"tag-football","22":"tag-fr","23":"tag-france","24":"tag-match","25":"tag-news","26":"tag-news-paris","27":"tag-paris","28":"tag-paris-news","29":"tag-phase-de-groupes","30":"tag-phase-finale","31":"tag-psg","32":"tag-qatar","33":"tag-qualif","34":"tag-republique-francaise","35":"tag-resultats"},"share_on_mastodon":{"url":"https:\/\/pubeurope.com\/@fr\/114692598165286282","error":""},"_links":{"self":[{"href":"https:\/\/www.europesays.com\/fr\/wp-json\/wp\/v2\/posts\/180603","targetHints":{"allow":["GET"]}}],"collection":[{"href":"https:\/\/www.europesays.com\/fr\/wp-json\/wp\/v2\/posts"}],"about":[{"href":"https:\/\/www.europesays.com\/fr\/wp-json\/wp\/v2\/types\/post"}],"author":[{"embeddable":true,"href":"https:\/\/www.europesays.com\/fr\/wp-json\/wp\/v2\/users\/2"}],"replies":[{"embeddable":true,"href":"https:\/\/www.europesays.com\/fr\/wp-json\/wp\/v2\/comments?post=180603"}],"version-history":[{"count":0,"href":"https:\/\/www.europesays.com\/fr\/wp-json\/wp\/v2\/posts\/180603\/revisions"}],"wp:featuredmedia":[{"embeddable":true,"href":"https:\/\/www.europesays.com\/fr\/wp-json\/wp\/v2\/media\/180604"}],"wp:attachment":[{"href":"https:\/\/www.europesays.com\/fr\/wp-json\/wp\/v2\/media?parent=180603"}],"wp:term":[{"taxonomy":"category","embeddable":true,"href":"https:\/\/www.europesays.com\/fr\/wp-json\/wp\/v2\/categories?post=180603"},{"taxonomy":"post_tag","embeddable":true,"href":"https:\/\/www.europesays.com\/fr\/wp-json\/wp\/v2\/tags?post=180603"}],"curies":[{"name":"wp","href":"https:\/\/api.w.org\/{rel}","templated":true}]}}