{"id":180607,"date":"2025-06-16T10:38:15","date_gmt":"2025-06-16T10:38:15","guid":{"rendered":"https:\/\/www.europesays.com\/fr\/180607\/"},"modified":"2025-06-16T10:38:15","modified_gmt":"2025-06-16T10:38:15","slug":"une-mauvaise-note-en-anglais-nest-plus-eliminatoire","status":"publish","type":"post","link":"https:\/\/www.europesays.com\/fr\/180607\/","title":{"rendered":"une mauvaise note en anglais n&rsquo;est plus \u00e9liminatoire"},"content":{"rendered":"<p>Bonne nouvelle pour les candidats aux concours d\u2019entr\u00e9e \u00e0 l\u2019Institut national du service public (INSP) ! Un\u00a0<a href=\"https:\/\/www.legifrance.gouv.fr\/jorf\/id\/JORFTEXT000051734949\" rel=\"nofollow noopener\" target=\"_blank\">arr\u00eat\u00e9 du 10 juin 2025<\/a> supprime le caract\u00e8re \u00e9liminatoire de l\u2019\u00e9preuve d\u2019anglais, que ce soit pour le concours externe de la voie g\u00e9n\u00e9rale d\u2019entr\u00e9e, le\u00a0concours interne de la voie g\u00e9n\u00e9rale d\u2019entr\u00e9e, ou le\u00a0troisi\u00e8me concours de la voie g\u00e9n\u00e9rale d\u2019entr\u00e9e.<\/p>\n<p>Pour le ministre de la Fonction publique, Laurent Marcangeli, il s\u2019agit d\u2019une \u00ab\u00a0d\u00e9cision de bon sens, attendue depuis longtemps : la ma\u00eetrise des langues est essentielle, mais ne doit pas \u00e9vincer d\u2019excellents profils\u00a0\u00bb.<\/p>\n<p>Cette mesure ne sort pas de nulle part : dans son <a href=\"http:\/\/chrome-extension:\/\/efaidnbmnnnibpcajpcglclefindmkaj\/https:\/\/insp.gouv.fr\/files\/files\/actualites\/2025-01\/Rapport%20du%20jury%20de%20concours%202024\/rapport_du_president_des_jurys_2024.pdf\" rel=\"nofollow\">rapport du jury 2024<\/a>,\u00a0Jean-Fran\u00e7ois Verdier, inspecteur g\u00e9n\u00e9ral des finances et pr\u00e9sident des jurys des concours d\u2019entr\u00e9e \u00e0 l\u2019Institut national du service public 2024, plaidait d\u00e9j\u00e0 pour une modification radicale de l\u2019\u00e9preuve d\u2019anglais. \u00ab\u00a0Plusieurs candidats remarquables, qui avaient fait forte impression aux jurys, ont \u00e9t\u00e9 \u00e9limin\u00e9s pour cette seule et unique raison. Je consid\u00e8re, comme la totalit\u00e9 du jury du concours 2024 que cette situation est absolument inacceptable\u00a0\u00bb, avait-il \u00e9crit.<\/p>\n<p>Formation en anglais<\/p>\n<p>Pour rappel,\u00a0il s\u2019agit d\u2019une\u00a0\u00e9preuve en langue anglaise consistant en la lecture d\u2019un extrait et le commentaire d\u2019un texte de 600 mots environ suivis d\u2019une conversation avec le jury. Toute note inf\u00e9rieure \u00e0 10 sur 20\u00a0\u00e9tait\u00a0\u00e9liminatoire : ce n\u2019est plus le cas d\u00e9sormais.\u00a0La situation de tout candidat ayant obtenu une note inf\u00e9rieure \u00e0 10 sur 20\u00a0sera examin\u00e9e par le jury d\u2019admission qui peut d\u00e9cider de le rayer de la liste d\u2019admission.<\/p>\n<p>Une mesure salu\u00e9e sur les r\u00e9seaux sociaux. St\u00e9phane Barget, charg\u00e9 de mission \u00e9conomie\/emploi \u00e0 la pr\u00e9fecture du Bas-Rhin, rel\u00e8ve par exemple que \u00ab\u00a0l\u2019\u00e9preuve d\u2019anglais \u00e9tait particuli\u00e8rement discriminante pour les profils issus de l\u2019administration territoriale de l\u2019Etat\u00a0\u00bb. D\u2019autres voix se sont aussi \u00e9lev\u00e9es pour aller encore plus loin : c\u2019est le cas de Nicolas Viard, directeur des services des greffes au minist\u00e8re de la Justice, qui souligne que cet arr\u00eat\u00e9 est \u00ab\u00a0effectivement utile et \u00e0 dupliquer pour le concours d\u2019attach\u00e9 ; tel fut le v\u0153u \u00e9mis lors du jury d\u2019admission du CIG Grande couronne le 13 juin. On ne peut se permettre de perdre de tr\u00e8s bons candidats \u00e9limin\u00e9s \u00e0 cause d\u2019une note \u00e9liminatoire de langue\u00a0\u00bb.<\/p>\n<p>Mais pas question de se rel\u00e2cher sur la maitrise de l\u2019anglais par les agents publics ! Le ministre a pr\u00e9cis\u00e9 que\u00a0\u00ab\u00a0la formation en anglais sera par ailleurs renforc\u00e9e au cours de la formation\u00a0\u00bb.<\/p>\n<p>Cet arr\u00eat\u00e9 pr\u00e9voit par ailleurs qu\u2019un candidat absent \u00e0 une \u00e9preuve d\u2019admissibilit\u00e9 ne peut \u00eatre autoris\u00e9 \u00e0 participer \u00e0 la suivante.<\/p>\n","protected":false},"excerpt":{"rendered":"Bonne nouvelle pour les candidats aux concours d\u2019entr\u00e9e \u00e0 l\u2019Institut national du service public (INSP) ! Un\u00a0arr\u00eat\u00e9 du&hellip;\n","protected":false},"author":2,"featured_media":180608,"comment_status":"","ping_status":"","sticky":false,"template":"","format":"standard","meta":{"footnotes":""},"categories":[1888],"tags":[31795,47,28653,11,28652,28651,31801,31794,1777,674,1011,27,31802,12,626,25,31797,31799,31800,31796,31798],"class_list":{"0":"post-180607","1":"post","2":"type-post","3":"status-publish","4":"format-standard","5":"has-post-thumbnail","7":"category-paris","8":"tag-actu-juridique","9":"tag-actualite","10":"tag-actualite-club-rh","11":"tag-actualites","12":"tag-actualites-rh","13":"tag-club-rh","14":"tag-concours-fonction-publique","15":"tag-droit-des-collectivites","16":"tag-eu","17":"tag-europe","18":"tag-fr","19":"tag-france","20":"tag-lena-jabre","21":"tag-news","22":"tag-paris","23":"tag-republique-francaise","24":"tag-textes-officiels","25":"tag-textes-officiels-rh","26":"tag-to-parus-au-jo","27":"tag-veille-juridique","28":"tag-veille-juridique-rh"},"share_on_mastodon":{"url":"https:\/\/pubeurope.com\/@fr\/114692614006754101","error":""},"_links":{"self":[{"href":"https:\/\/www.europesays.com\/fr\/wp-json\/wp\/v2\/posts\/180607","targetHints":{"allow":["GET"]}}],"collection":[{"href":"https:\/\/www.europesays.com\/fr\/wp-json\/wp\/v2\/posts"}],"about":[{"href":"https:\/\/www.europesays.com\/fr\/wp-json\/wp\/v2\/types\/post"}],"author":[{"embeddable":true,"href":"https:\/\/www.europesays.com\/fr\/wp-json\/wp\/v2\/users\/2"}],"replies":[{"embeddable":true,"href":"https:\/\/www.europesays.com\/fr\/wp-json\/wp\/v2\/comments?post=180607"}],"version-history":[{"count":0,"href":"https:\/\/www.europesays.com\/fr\/wp-json\/wp\/v2\/posts\/180607\/revisions"}],"wp:featuredmedia":[{"embeddable":true,"href":"https:\/\/www.europesays.com\/fr\/wp-json\/wp\/v2\/media\/180608"}],"wp:attachment":[{"href":"https:\/\/www.europesays.com\/fr\/wp-json\/wp\/v2\/media?parent=180607"}],"wp:term":[{"taxonomy":"category","embeddable":true,"href":"https:\/\/www.europesays.com\/fr\/wp-json\/wp\/v2\/categories?post=180607"},{"taxonomy":"post_tag","embeddable":true,"href":"https:\/\/www.europesays.com\/fr\/wp-json\/wp\/v2\/tags?post=180607"}],"curies":[{"name":"wp","href":"https:\/\/api.w.org\/{rel}","templated":true}]}}