{"id":180609,"date":"2025-06-16T10:39:14","date_gmt":"2025-06-16T10:39:14","guid":{"rendered":"https:\/\/www.europesays.com\/fr\/180609\/"},"modified":"2025-06-16T10:39:14","modified_gmt":"2025-06-16T10:39:14","slug":"kujten-se-dote-dun-cafe-ephemere-a-paris","status":"publish","type":"post","link":"https:\/\/www.europesays.com\/fr\/180609\/","title":{"rendered":"Kujten se dote d&rsquo;un caf\u00e9 \u00e9ph\u00e9m\u00e8re \u00e0 Paris"},"content":{"rendered":"<p class=\"article-content col-md-8 offset-md-1\">\n                                Embo\u00eetant le pas \u00e0 plusieurs marques de mode qui\u00a0<a href=\"https:\/\/fr.fashionnetwork.com\/news\/Ouvrir-un-cafe-relais-de-croissance-pour-les-marques-de-mode-,1692486.html\" target=\"_blank\" rel=\"noopener\">se frottent \u00e0 la tendance du coffee shop<\/a>, la griffe fran\u00e7aise sp\u00e9cialiste du cachemire Kujten s&rsquo;appr\u00eate \u00e0 proposer des boissons chaudes et des sucreries dans l&rsquo;une de ses boutiques parisiennes. Du 19 au 22 juin, elle installe un caf\u00e9 \u00e9ph\u00e9m\u00e8re dans son flagship du chic VIIIe arrondissement, au 47, rue Pierre-Charron. \u00a0<\/p>\n<p><img decoding=\"async\" class=\"news-image\" style=\"width:100%;max-width:726px;\" src=\"https:\/\/www.europesays.com\/fr\/wp-content\/uploads\/2025\/06\/663a.jpg\" alt=\"\" loading=\"lazy\"\/> Kujten<\/p>\n<p class=\"col-md-8 offset-md-1 article-content--texte\">Reprenant les codes locaux (chaises en rotin et tables bistrot), le Kujten Caf\u00e9 prendra place devant la boutique, sur le trottoir, en mode \u00ab\u00a0pop-up\u00a0\u00bb, et offrira gratuitement un matcha ou un iced latte, ainsi que des gaufres.<\/p>\n<p>\u00ab\u00a0Une parenth\u00e8se estivale pens\u00e9e pour nos clientes, nos amis, notre communaut\u00e9\u00a0\u00bb, relate l&rsquo;entreprise. L&rsquo;objectif est de \u00ab\u00a0faire vivre l\u2019univers Kujten autrement, en m\u00ealant mode, lifestyle et \u00e9l\u00e9gance parisienne\u00a0\u00bb. La marque n&rsquo;a pas fait appel \u00e0 un partenaire pour monter cette op\u00e9ration.<\/p>\n<p><img decoding=\"async\" class=\"news-image\" style=\"width:100%;max-width:736px;\" src=\"https:\/\/www.europesays.com\/fr\/wp-content\/uploads\/2025\/06\/92b6.jpg\" alt=\"\" loading=\"lazy\"\/> Kujten<\/p>\n<p class=\"col-md-8 offset-md-1 article-content--texte\">Fond\u00e9e en 2012 par Carole Benaroya et St\u00e9phanie Eriksson, Kujten cumule 46 boutiques \u00e0 l&rsquo;enseigne, pour un chiffre d&rsquo;affaires annuel de 50 millions d&rsquo;euros en 2023. L&rsquo;entreprise faisant confectionner ses collections en Mongolie a accueilli en 2024 des business angels \u00e0 son capital pour financer ses ambitions retail en France et \u00e0 l&rsquo;\u00e9tranger. Parmi les derni\u00e8res ouvertures? Biarritz et Lausanne.\n                            <\/p>\n<p>\n                                Tous droits de reproduction et de repr\u00e9sentation r\u00e9serv\u00e9s.<br \/>\u00a9 2025 FashionNetwork.com\n                            <\/p>\n","protected":false},"excerpt":{"rendered":"Embo\u00eetant le pas \u00e0 plusieurs marques de mode qui\u00a0se frottent \u00e0 la tendance du coffee shop, la griffe&hellip;\n","protected":false},"author":2,"featured_media":180610,"comment_status":"","ping_status":"","sticky":false,"template":"","format":"standard","meta":{"footnotes":""},"categories":[1888],"tags":[11,2424,537,2423,1777,674,1011,27,2425,985,12,2298,626,2426,2427,25,2421,2422],"class_list":{"0":"post-180609","1":"post","2":"type-post","3":"status-publish","4":"format-standard","5":"has-post-thumbnail","7":"category-paris","8":"tag-actualites","9":"tag-beaute","10":"tag-contact","11":"tag-cosmetiques","12":"tag-eu","13":"tag-europe","14":"tag-fr","15":"tag-france","16":"tag-luxe","17":"tag-mode","18":"tag-news","19":"tag-parfum","20":"tag-paris","21":"tag-professionnel","22":"tag-professionnels","23":"tag-republique-francaise","24":"tag-reseau","25":"tag-textile"},"share_on_mastodon":{"url":"https:\/\/pubeurope.com\/@fr\/114692618093720522","error":""},"_links":{"self":[{"href":"https:\/\/www.europesays.com\/fr\/wp-json\/wp\/v2\/posts\/180609","targetHints":{"allow":["GET"]}}],"collection":[{"href":"https:\/\/www.europesays.com\/fr\/wp-json\/wp\/v2\/posts"}],"about":[{"href":"https:\/\/www.europesays.com\/fr\/wp-json\/wp\/v2\/types\/post"}],"author":[{"embeddable":true,"href":"https:\/\/www.europesays.com\/fr\/wp-json\/wp\/v2\/users\/2"}],"replies":[{"embeddable":true,"href":"https:\/\/www.europesays.com\/fr\/wp-json\/wp\/v2\/comments?post=180609"}],"version-history":[{"count":0,"href":"https:\/\/www.europesays.com\/fr\/wp-json\/wp\/v2\/posts\/180609\/revisions"}],"wp:featuredmedia":[{"embeddable":true,"href":"https:\/\/www.europesays.com\/fr\/wp-json\/wp\/v2\/media\/180610"}],"wp:attachment":[{"href":"https:\/\/www.europesays.com\/fr\/wp-json\/wp\/v2\/media?parent=180609"}],"wp:term":[{"taxonomy":"category","embeddable":true,"href":"https:\/\/www.europesays.com\/fr\/wp-json\/wp\/v2\/categories?post=180609"},{"taxonomy":"post_tag","embeddable":true,"href":"https:\/\/www.europesays.com\/fr\/wp-json\/wp\/v2\/tags?post=180609"}],"curies":[{"name":"wp","href":"https:\/\/api.w.org\/{rel}","templated":true}]}}