{"id":180611,"date":"2025-06-16T10:40:13","date_gmt":"2025-06-16T10:40:13","guid":{"rendered":"https:\/\/www.europesays.com\/fr\/180611\/"},"modified":"2025-06-16T10:40:13","modified_gmt":"2025-06-16T10:40:13","slug":"en-direct-ukraine-zelensky-est-arrive-en-autriche-en-quete-de-soutien-occidental","status":"publish","type":"post","link":"https:\/\/www.europesays.com\/fr\/180611\/","title":{"rendered":"EN DIRECT &#8211; Ukraine : Zelensky est arriv\u00e9 en Autriche en qu\u00eate de soutien occidental"},"content":{"rendered":"<ul class=\"jsx-862013697 ArticleChapo__List\">\n<li class=\"jsx-862013697 ArticleChapo__List_Item flex\">Le pr\u00e9sident ukrainien est arriv\u00e9 lundi \u00e0 Vienne pour y rencontrer son homologue autrichien Alexander Van der Bellen.<\/li>\n<li class=\"jsx-862013697 ArticleChapo__List_Item flex\">Emmanuel Macron, lui, entend relancer le d\u00e9bat sur les sanctions envers Moscou.<\/li>\n<li class=\"jsx-862013697 ArticleChapo__List_Item flex\">Suivez les derni\u00e8res informations.<\/li>\n<\/ul>\n<p><a href=\"https:\/\/www.tf1info.fr\/actualite\/invasion-de-l-ukraine-par-la-russie-une-guerre-qui-dure-12951\/\" rel=\"noopener\" class=\"jsx-484472199 Link jsx-1428418400 jsx-554215408\" target=\"_blank\"><\/p>\n<p style=\"font-weight:400\" class=\"jsx-1837267516\">Suivez la couverture compl\u00e8te<\/p>\n<p style=\"font-weight:800\" class=\"jsx-1837267516\">Ukraine : 4\u1d49 ann\u00e9e de guerre<\/p>\n<p><\/a>Minute par minute12:35DEPOUILLES DE SOLDATS<\/p>\n<p>Kiev dit avoir re\u00e7u de la Russie 1.245 nouvelles d\u00e9pouilles de soldats ukrainiens.<\/p>\n<p>12:21ZELENSKY A VIENNE <\/p>\n<p>Le pr\u00e9sident ukrainien Volodymyr Zelensky est arriv\u00e9 lundi \u00e0 Vienne pour y rencontrer son homologue autrichien Alexander Van der Bellen dans le cadre de ses efforts visant \u00e0 assurer la poursuite du soutien occidental de son pays face \u00e0 l&rsquo;invasion russe, a indiqu\u00e9 \u00e0 l&rsquo;AFP une source au sein de la d\u00e9l\u00e9gation ukrainienne.<\/p>\n<p>\u00ab\u00a0Nous sommes arriv\u00e9s\u00a0\u00bb \u00e0 Vienne, a indiqu\u00e9 cette source ukrainienne, sans donner plus de pr\u00e9cisions.\u00a0<\/p>\n<p>09:17GLUCKSMANN SUR POUTINE <\/p>\n<p>Rapha\u00ebl Glucksmann est revenu, sur TF1, sur la piste \u00e9voqu\u00e9e par Donald Trump que Vladimir Poutine joue un r\u00f4le de m\u00e9diateur dans le conflit entre Isra\u00ebl et l&rsquo;Iran, alors m\u00eame que le pr\u00e9sident russe m\u00e8ne toujours son invasion de l&rsquo;Ukraine. \u00ab\u00a0On ne va pas le r\u00e9introduire dans le jeu international\u00a0\u00bb, appelle l&rsquo;eurod\u00e9put\u00e9 Place publique, estimant que \u00ab\u00a0l&rsquo;objectif depuis le d\u00e9but\u00a0\u00bb du pr\u00e9sident am\u00e9ricain \u00e9tait \u00ab\u00a0de faire en sorte qu&rsquo;il devienne un acteur cl\u00e9 \u00e0 nouveau, comme s&rsquo;il n&rsquo;y avait pas la guerre en Ukraine, pas de menaces qui p\u00e8sent sur notre s\u00e9curit\u00e9 europ\u00e9enne\u00a0\u00bb.\u00a0<\/p>\n<p>\u00ab\u00a0Vladimir Poutine veut la remise en question de la s\u00e9curit\u00e9 m\u00eame de l&rsquo;Europe\u00a0\u00bb, et Donald Trump \u00ab\u00a0utilise la guerre entre Isra\u00ebl et l&rsquo;Iran pour r\u00e9introduire Poutine dans le jeu diplomatique international\u00a0\u00bb, accuse-t-il. \u00ab\u00a0C&rsquo;est pour \u00e7a que l&rsquo;Europe ne peut pas \u00eatre silencieuse\u00a0\u00bb dans ce dossier, sans quoi \u00e9mergera un accord entre \u00ab\u00a0Poutine, Netanyahou et Trump et nous nous serons compl\u00e8tement mis de c\u00f4t\u00e9\u00a0\u00bb, met-il en garde.\u00a0<\/p>\n<blockquote data-testid=\"EmbedTwitter\" id=\"tweet-1934487878077215193-:Rspkqqb6ij9n79m:\" class=\"jsx-aeff1a1c40f54d7a twitter-tweet flex justify-center items-center\"><p>Isra\u00ebl\/Iran : \u00ab\u00a0Vladimir Poutine est en guerre contre nous, contre l&rsquo;Europe (&#8230;) Il faut qu&rsquo;on entende l&rsquo;Europe (&#8230;) Trump utilise la guerre entre Isra\u00ebl et l&rsquo;Iran pour r\u00e9introduire Poutine dans le jeu diplomatique international\u00a0\u00bb, @rglucks1dans  #BonjourLaMatinaleTF1 pic.twitter.com\/kGUDQN48O4 \u2014 TF1Info (@TF1Info)  June 16, 2025<\/p><\/blockquote>\n<p>09:05&Prime;UN CRACHAT AU VISAGE\u00a0\u00bb<\/p>\n<p>\u00ab\u00a0Les Russes ont lanc\u00e9 une attaque combin\u00e9e contre notre infrastructure \u00e9nerg\u00e9tique. C&rsquo;est un crachat au visage \u00e0 tout ce que la communaut\u00e9 internationale essaie de faire pour arr\u00eater cette guerre\u00a0\u00bb, a d\u00e9nonc\u00e9 dimanche Volodymyr Zelensky, dans une vid\u00e9o sur les r\u00e9seaux sociaux. \u00ab\u00a0Cela s&rsquo;est produit juste apr\u00e8s la conversation de Poutine avec Trump. Juste apr\u00e8s que les Am\u00e9ricains nous aient demand\u00e9 de ne pas frapper les installations \u00e9nerg\u00e9tiques russes. Au moment m\u00eame o\u00f9 Poutine essaie de se pr\u00e9senter comme un m\u00e9diateur pour le Moyen-Orient et tente d&rsquo;aider d&rsquo;une mani\u00e8re ou d&rsquo;une autre ses complices \u00e0 T\u00e9h\u00e9ran. Le niveau de cynisme est stup\u00e9fiant\u00a0\u00bb, ajoute le pr\u00e9sident ukrainien , qui appelle \u00e0 des \u00ab\u00a0sanctions n\u00e9cessaires contre le p\u00e9trole russe\u00a0\u00bb.<\/p>\n<blockquote data-testid=\"EmbedTwitter\" id=\"tweet-1934348635572932714-:Rsq4qqb6ij9n79m:\" class=\"jsx-aeff1a1c40f54d7a twitter-tweet flex justify-center items-center\"><p>Today, the Russians launched a stone-cold, combined attack on our energy infrastructure. This is a spit in the face of everything the international community is trying to do to stop this war.  It happened right after Putin\u2019s conversation with Trump. After the Americans asked us\u2026  pic.twitter.com\/P4hppqKXH6 \u2014 Volodymyr Zelenskyy \/ \u0412\u043e\u043b\u043e\u0434\u0438\u043c\u0438\u0440 \u0417\u0435\u043b\u0435\u043d\u0441\u044c\u043a\u0438\u0439 (@ZelenskyyUa)  June 15, 2025<\/p><\/blockquote>\n<p>06:50AIDE EUROP\u00c9ENNE<\/p>\n<p>Une hausse de l&rsquo;aide des pays europ\u00e9ens \u00e0 l&rsquo;Ukraine a permis d\u00e9but 2025 de combler le vide laiss\u00e9 par le d\u00e9sengagement de la nouvelle administration am\u00e9ricaine de Donald Trump, rapporte lundi l&rsquo;institut de recherche allemand Kiel Institute.\u00a0<\/p>\n<p>\u00ab\u00a0L&rsquo;Europe comble largement le retrait de l&rsquo;aide am\u00e9ricaine\u00a0\u00bb, \u00e9crit dans un communiqu\u00e9 l&rsquo;institut, qui recense l&rsquo;aide militaire, financi\u00e8re et humanitaire promise et livr\u00e9e \u00e0 l&rsquo;Ukraine depuis l&rsquo;invasion russe du 24 f\u00e9vrier 2022. Ainsi, alors que \u00ab\u00a0les Etats-Unis, qui \u00e9taient auparavant le plus gros donateur \u00e0 l&rsquo;Ukraine, n&rsquo;ont pas annonc\u00e9 de nouvelle enveloppe depuis d\u00e9but janvier\u00a0\u00bb, l&rsquo;Ukraine a tout de m\u00eame re\u00e7u plus d&rsquo;aide de janvier \u00e0 avril 2025 qu&rsquo;en moyenne les ann\u00e9es pr\u00e9c\u00e9dentes sur la m\u00eame p\u00e9riode. \u00ab\u00a0Reste \u00e0 savoir s&rsquo;il s&rsquo;agit d&rsquo;une hausse temporaire ou du d\u00e9but d&rsquo;une \u00e9volution plus durable du r\u00f4le de l&rsquo;Europe en tant que principal soutien de l&rsquo;Ukraine\u00a0\u00bb, souligne Christoph Trebesch, qui dirige l&rsquo;\u00e9quipe du Kiel Institute charg\u00e9e de suivre les engagements en faveur de l&rsquo;Ukraine.\u00a0<\/p>\n<p>06:33BONJOUR \u00c0 TOUS<\/p>\n<p>Bonjour \u00e0 toutes et \u00e0 tous et bienvenue dans ce direct du 16 juin 2025 consacr\u00e9 \u00e0 la guerre entre l&rsquo;Ukraine et la Russie.<\/p>\n<p data-module=\"article-paragraph\" class=\"jsx-3046738180 Paragraph\">Le pr\u00e9sident fran\u00e7ais Emmanuel Macron entend demander \u00e0 son homologue am\u00e9ricain <a href=\"https:\/\/www.tf1info.fr\/international\/israel-iran-trump-se-dit-ouvert-a-une-mediation-par-moscou-et-evoque-une-eventuelle-implication-des-etats-unis-2377133.html\" target=\"_blank\" rel=\"noopener\">Donald Trump<\/a> s&rsquo;il est \u00ab\u00a0disponible\u00a0\u00bb pour mettre en \u0153uvre plus de sanctions contre la Russie, a-t-il dit dimanche lors d&rsquo;une halte au Groenland avant de participer <a href=\"https:\/\/www.tf1info.fr\/international\/g7-canada-iran-ukraine-droits-de-douane-et-climat-au-menu-le-premier-sommet-depuis-le-retour-de-trump-au-pouvoir-2377125.html\" target=\"_blank\" rel=\"noopener\">au G7 au Canada<\/a>.<\/p>\n<p data-module=\"article-paragraph\" class=\"jsx-3046738180 Paragraph Paragraph__End\">\u00ab\u00a0\u00c0 mes yeux, la question est de savoir si le pr\u00e9sident Trump est disponible \u00e0 mettre en avant des sanctions beaucoup plus fortes \u00e0 l&rsquo;\u00e9gard de la Russie si elle refusait de r\u00e9pondre \u00e0 la proposition\u00a0\u00bb de cessez-le-feu en Ukraine, a affirm\u00e9 M. Macron.<\/p>\n<p data-module=\"article-paragraph\" class=\"jsx-3046738180 Paragraph\">Les dirigeants du G7 sont attendus dans les Rocheuses canadiennes o\u00f9 certains se sont retrouv\u00e9s \u00e0 partir de dimanche soir pour un sommet sur fond de craintes d&rsquo;une escalade hors de contr\u00f4le au Moyen-Orient apr\u00e8s trois jours de conflit entre l&rsquo;Iran et Isra\u00ebl.<\/p>\n<p data-module=\"article-paragraph\" class=\"jsx-3046738180 Paragraph Paragraph__End\">Le sommet, qui se d\u00e9roule jusqu&rsquo;\u00e0 mardi \u00e0 Kananaskis dans l&rsquo;\u00e9crin du parc national de Banff, dans l&rsquo;ouest canadien, est le premier depuis que le retour du pr\u00e9sident am\u00e9ricain au pouvoir a fragilis\u00e9 l&rsquo;unit\u00e9 du club des grandes d\u00e9mocraties industrialis\u00e9es (Allemagne, Grande-Bretagne, Canada, \u00c9tats-Unis, France, Italie et Japon).<\/p>\n<p><a href=\"https:\/\/www.tf1info.fr\/international\/g7-canada-iran-ukraine-droits-de-douane-et-climat-au-menu-le-premier-sommet-depuis-le-retour-de-trump-au-pouvoir-2377125.html\" rel=\"noopener\" class=\"jsx-3308031228 Link flex\" target=\"_blank\"><img decoding=\"async\" src=\"https:\/\/www.europesays.com\/fr\/wp-content\/uploads\/2025\/06\/macron-trump-2358-b76fb3-0@1x.jpeg\" alt=\"AFP\" loading=\"lazy\" importance=\"low\" fetchpriority=\"low\" class=\"\"\/><\/p>\n<p class=\"jsx-3657663356 ReadMoreArticle__Title\">Lire aussi<\/p>\n<p class=\"jsx-3657663356\">G7 : Iran, Ukraine, droits de douane et climat au menu du premier sommet depuis le retour de Trump au pouvoir<\/p>\n<p><\/a><\/p>\n<p data-module=\"article-paragraph\" class=\"jsx-3046738180 Paragraph\">Dans ce contexte, le nouveau Premier ministre canadien Mark Carney a choisi d&rsquo;inviter \u00e9galement de nombreux dirigeants d&rsquo;autres pays : Inde, Ukraine, Mexique, Afrique du Sud, Australie et Cor\u00e9e du Sud seront pr\u00e9sents.<\/p>\n<p data-module=\"article-paragraph\" class=\"jsx-3046738180 Paragraph Paragraph__End\">\u00c9viter les drames sera une priorit\u00e9 absolue pour tous malgr\u00e9 les nombreux sujets de frictions, des droits de douane impos\u00e9s par Donald Trump \u00e0 la guerre en Ukraine, ou encore celle au Moyen-Orient.<\/p>\n<p>La r\u00e9daction de TF1info<\/p>\n<p><script async src=\"https:\/\/platform.twitter.com\/widgets.js\" charset=\"utf-8\"><\/script><\/p>\n","protected":false},"excerpt":{"rendered":"Le pr\u00e9sident ukrainien est arriv\u00e9 lundi \u00e0 Vienne pour y rencontrer son homologue autrichien Alexander Van der Bellen.&hellip;\n","protected":false},"author":2,"featured_media":180612,"comment_status":"","ping_status":"","sticky":false,"template":"","format":"standard","meta":{"footnotes":""},"categories":[1591],"tags":[1111,11,1921,5925,75,1073,1887,28083,1922,12,1885,1886,132,220,1917,133,1920,134],"class_list":{"0":"post-180611","1":"post","2":"type-post","3":"status-publish","4":"format-standard","5":"has-post-thumbnail","7":"category-russie","8":"tag-actu","9":"tag-actualites","10":"tag-article-video","11":"tag-conflits-et-guerre","12":"tag-donald-trump","13":"tag-emmanuel-macron","14":"tag-federation-de-russie","15":"tag-guerre-en-ukraine-une-treve-sera-t-elle-possible","16":"tag-info","17":"tag-news","18":"tag-russia","19":"tag-russian-federation","20":"tag-russie","21":"tag-ukraine","22":"tag-ukraine-4-annee-de-guerre","23":"tag-video","24":"tag-video-international","25":"tag-volodymyr-zelensky"},"share_on_mastodon":{"url":"https:\/\/pubeurope.com\/@fr\/114692622107913648","error":""},"_links":{"self":[{"href":"https:\/\/www.europesays.com\/fr\/wp-json\/wp\/v2\/posts\/180611","targetHints":{"allow":["GET"]}}],"collection":[{"href":"https:\/\/www.europesays.com\/fr\/wp-json\/wp\/v2\/posts"}],"about":[{"href":"https:\/\/www.europesays.com\/fr\/wp-json\/wp\/v2\/types\/post"}],"author":[{"embeddable":true,"href":"https:\/\/www.europesays.com\/fr\/wp-json\/wp\/v2\/users\/2"}],"replies":[{"embeddable":true,"href":"https:\/\/www.europesays.com\/fr\/wp-json\/wp\/v2\/comments?post=180611"}],"version-history":[{"count":0,"href":"https:\/\/www.europesays.com\/fr\/wp-json\/wp\/v2\/posts\/180611\/revisions"}],"wp:featuredmedia":[{"embeddable":true,"href":"https:\/\/www.europesays.com\/fr\/wp-json\/wp\/v2\/media\/180612"}],"wp:attachment":[{"href":"https:\/\/www.europesays.com\/fr\/wp-json\/wp\/v2\/media?parent=180611"}],"wp:term":[{"taxonomy":"category","embeddable":true,"href":"https:\/\/www.europesays.com\/fr\/wp-json\/wp\/v2\/categories?post=180611"},{"taxonomy":"post_tag","embeddable":true,"href":"https:\/\/www.europesays.com\/fr\/wp-json\/wp\/v2\/tags?post=180611"}],"curies":[{"name":"wp","href":"https:\/\/api.w.org\/{rel}","templated":true}]}}