{"id":180613,"date":"2025-06-16T10:41:09","date_gmt":"2025-06-16T10:41:09","guid":{"rendered":"https:\/\/www.europesays.com\/fr\/180613\/"},"modified":"2025-06-16T10:41:09","modified_gmt":"2025-06-16T10:41:09","slug":"non-ces-images-ne-prouvent-pas-la-preparation-dune-riposte-russe-disproportionnee","status":"publish","type":"post","link":"https:\/\/www.europesays.com\/fr\/180613\/","title":{"rendered":"Non, ces images ne prouvent pas la pr\u00e9paration d\u2019une riposte russe \u00ab\u00a0disproportionn\u00e9e\u00a0\u00bb"},"content":{"rendered":"<p>Une riposte de la Russie sur l\u2019<a href=\"https:\/\/www.20minutes.fr\/monde\/ukraine\/\" class=\"color-ultramarine c-link\" rel=\"nofollow noopener\" target=\"_blank\">Ukraine<\/a> serait-elle imminente\u00a0? Des internautes affirment avoir eu acc\u00e8s \u00e0 des images qui prouveraient que <a href=\"https:\/\/www.20minutes.fr\/monde\/vladimir_poutine\/\" class=\"color-ultramarine c-link\" rel=\"nofollow noopener\" target=\"_blank\">Vladimir Poutine <\/a>se pr\u00e9pare. \u00ab\u00a0Les \u00c9tats-Unis ont averti leurs \u00ab\u00a0alli\u00e9s\u00a0\u00bb europ\u00e9ens que la <a href=\"https:\/\/www.20minutes.fr\/monde\/russie\/\" class=\"color-ultramarine c-link\" rel=\"nofollow noopener\" target=\"_blank\">Russie <\/a>pr\u00e9parait une \u00a0\u00bbr\u00e9ponse disproportionn\u00e9e\u00a0\u00bb \u00e0 l\u2019attaque contre des bases a\u00e9riennes\u00a0\u00bb, \u00e9crivent-ils sur X.<\/p>\n<blockquote class=\"twitter-tweet\" align=\"center\" data-lang=\"fr_FR\">\n<p lang=\"fr\" dir=\"ltr\">\ud83c\udf10\ud83c\uddfa\ud83c\uddf3\ud83c\udf0d\ud83c\udf0eALERTE\ud83c\uddfa\ud83c\uddf2\ud83c\uddfa\ud83c\udde6\ud83c\uddf7\ud83c\uddfa\ud83c\uddea\ud83c\uddfa<br \/>\ud83d\udea8\ud83d\udea8\ud83d\udea8<br \/>\ud83d\udca5\ud83d\udca5\ud83d\udca5Les \u00c9tats-Unis ont averti leurs \u00ab\u00a0alli\u00e9s\u00a0\u00bb europ\u00e9ens que la Russie pr\u00e9parait une \u00ab r\u00e9ponse disproportionn\u00e9e \u00bb \u00e0 l&rsquo;attaque  contre des bases a\u00e9riennes<\/p>\n<p>\ud83d\udca5Les d\u00e9tails sur notre Canal Telegram :<a href=\"https:\/\/t.co\/YtkMbn6sjx\" rel=\"nofollow\">https:\/\/t.co\/YtkMbn6sjx<\/a> <a href=\"https:\/\/t.co\/G4Fd4Kh66p\" rel=\"nofollow\">pic.twitter.com\/G4Fd4Kh66p<\/a><\/p>\n<p>\u2014 NDAYAOK (@Christ24Intern) <a href=\"https:\/\/twitter.com\/Christ24Intern\/status\/1929548915533066435?ref_src=twsrc%5Etfw\" rel=\"nofollow noopener\" target=\"_blank\">June 2, 2025<\/a><\/p><\/blockquote>\n<p class=\"mb-m@xs text-l@xs\">En cliquant sur\u00ab J\u2019accepte \u00bb, vous acceptez le d\u00e9p\u00f4t de cookies par des services externes et aurez ainsi acc\u00e8s aux contenus de nos partenaires.<\/p>\n<p class=\"mb-xl@xs text-s@xs\">Plus d\u2019informations sur la page<a href=\"https:\/\/www.20minutes.fr\/gestion-cookies\" class=\"mx-xxs@xs color-ultramarine\" rel=\"nofollow noopener\" target=\"_blank\">Politique de gestion des cookies<\/a><\/p>\n<p>J\u2019accepte<\/p>\n<p>Le message a \u00e9galement \u00e9t\u00e9 partag\u00e9 sur des canaux Telegram. Sur la vid\u00e9o partag\u00e9e, des v\u00e9hicules semblent transporter des missiles, certains portent justement un drapeau russe. Des hommes y inspectent les v\u00e9hicules.<\/p>\n<p>FAKE OFF<\/p>\n<p>D\u2019apr\u00e8s les publications, cette riposte qui serait en pr\u00e9paration serait li\u00e9e \u00e0 des attaques qui avaient d\u00e9truit ou endommag\u00e9 de nombreux avions militaires sur plusieurs a\u00e9rodromes russes \u00e0 l\u2019aide de drones amen\u00e9s clandestinement. Des faits survenus au d\u00e9but du mois de juin.<\/p>\n<\/p>\n<p>La Russie n\u2019a pas attendu pour r\u00e9pondre et moins d\u2019une semaine plus tard elle a men\u00e9 des <a href=\"https:\/\/www.20minutes.fr\/monde\/ukraine\/4157379-20250606-guerre-ukraine-heure-vengeance-russie-sonne-drones-clandestins-kiev-faufilent-encore\" class=\"color-ultramarine c-link\" rel=\"nofollow noopener\" target=\"_blank\">frappes dans neuf r\u00e9gions d\u2019Ukraine<\/a>, notamment \u00e0 Kiev, la capitale. Selon l\u2019arm\u00e9e de l\u2019air ukrainienne, le pays a \u00e9t\u00e9 attaqu\u00e9 par 407 drones et 45 missiles. Une riposte d\u00e9j\u00e0 op\u00e9r\u00e9e donc.<\/p>\n<p>Des images partag\u00e9es en\u00a02024 par la d\u00e9fense russe<\/p>\n<p>Mais celle dont parlent les internautes serait-elle de plus grande envergure\u00a0? Les images partag\u00e9es sur les r\u00e9seaux sociaux ne le prouvent pas, et pour cause, elles remontent \u00e0\u00a02024.<\/p>\n<p>Par une recherche d\u2019image invers\u00e9e, on retrouve des passages de la vid\u00e9o en question qui avait \u00e9t\u00e9 diffus\u00e9e par le minist\u00e8re russe de la D\u00e9fense sur sa cha\u00eene <a href=\"https:\/\/www.20minutes.fr\/high-tech\/telegram\/\" class=\"color-ultramarine c-link\" rel=\"nofollow noopener\" target=\"_blank\">Telegram<\/a>, le 27\u00a0f\u00e9vrier 2024.<\/p>\n<p>\u00ab\u00a0Des unit\u00e9s de lancement du syst\u00e8me mobile de missiles terrestres Yars sont arriv\u00e9es \u00e0 Alabino, pr\u00e8s de <a href=\"https:\/\/www.20minutes.fr\/monde\/moscou\/\" class=\"color-ultramarine c-link\" rel=\"nofollow noopener\" target=\"_blank\">Moscou<\/a>, pour se pr\u00e9parer \u00e0 la parade militaire sur la Place Rouge\u00a0\u00bb, \u00e9crivait-il \u00e0 l\u2019\u00e9poque.<\/p>\n<p>M\u00eame les inspections visibles sur les vid\u00e9os et relev\u00e9es par les internautes y \u00e9taient expliqu\u00e9es\u00a0: \u00ab\u00a0Les m\u00e9caniciens chauffeurs des trois lanceurs autonomes se sont arr\u00eat\u00e9s pour effectuer des inspections de routine et de contr\u00f4le de l\u2019\u00e9quipement de grande taille.\u00a0\u00bb<\/p>\n<p>Des vid\u00e9os et un d\u00e9fil\u00e9 en d\u00e9monstration de force<\/p>\n<p>Et effectivement, quelques mois plus tard, lors du d\u00e9fil\u00e9 organis\u00e9 pour le 79e anniversaire de la victoire face \u00e0 l\u2019Allemagne nazie, des v\u00e9hicules similaires ont d\u00e9fil\u00e9.<\/p>\n<p><a href=\"https:\/\/www.20minutes.fr\/monde\/ukraine\/\" class=\"c-link c-btn c-btn--primary\" rel=\"nofollow noopener\" target=\"_blank\">Retrouvez nos articles sur la Guerre en Ukraine<\/a><\/p>\n<p>Des <a href=\"https:\/\/youtu.be\/qY1vJYNGthM?si=LGqLpvhBoUz7ACXK\" target=\"_blank\" class=\"color-ultramarine c-link\" rel=\"nofollow noopener\">vid\u00e9os presque identiques <\/a>sont r\u00e9guli\u00e8rement publi\u00e9es depuis plusieurs ann\u00e9es. Elles sont toujours partag\u00e9es par le minist\u00e8re de la D\u00e9fense russe, et le proc\u00e9d\u00e9 est syst\u00e9matiquement le m\u00eame\u00a0: des v\u00e9hicules du m\u00eame type y sont visibles, des images d\u2019un convoi important, d\u2019un drapeau, mais aussi de ces fameuses inspections en cours de route.<\/p>\n<p>Tout un c\u00e9r\u00e9moniel, tout comme <a href=\"https:\/\/www.20minutes.fr\/diaporama\/diaporama-4152572-images-russie-sort-grosse-artillerie-star-americaine-celebrer-victoire-allemagne-nazie\" class=\"color-ultramarine c-link\" rel=\"nofollow noopener\" target=\"_blank\">le d\u00e9fil\u00e9 du 9\u00a0mai<\/a>, qui s\u2019apparente d\u2019ailleurs davantage \u00e0 une d\u00e9monstration de force de la part de la Russie qui y fait l\u2019\u00e9loge de son arsenal militaire.<\/p>\n<p><script async src=\"https:\/\/platform.twitter.com\/widgets.js\" charset=\"utf-8\"><\/script><\/p>\n","protected":false},"excerpt":{"rendered":"Une riposte de la Russie sur l\u2019Ukraine serait-elle imminente\u00a0? Des internautes affirment avoir eu acc\u00e8s \u00e0 des images&hellip;\n","protected":false},"author":2,"featured_media":180614,"comment_status":"","ping_status":"","sticky":false,"template":"","format":"standard","meta":{"footnotes":""},"categories":[1590],"tags":[47,11,1777,674,841,840,131,74,12,132,220],"class_list":{"0":"post-180613","1":"post","2":"type-post","3":"status-publish","4":"format-standard","5":"has-post-thumbnail","7":"category-ukraine","8":"tag-actualite","9":"tag-actualites","10":"tag-eu","11":"tag-europe","12":"tag-fact-checking-fake-off","13":"tag-fake-off","14":"tag-guerre-en-ukraine","15":"tag-monde","16":"tag-news","17":"tag-russie","18":"tag-ukraine"},"share_on_mastodon":{"url":"https:\/\/pubeurope.com\/@fr\/114692625783346083","error":""},"_links":{"self":[{"href":"https:\/\/www.europesays.com\/fr\/wp-json\/wp\/v2\/posts\/180613","targetHints":{"allow":["GET"]}}],"collection":[{"href":"https:\/\/www.europesays.com\/fr\/wp-json\/wp\/v2\/posts"}],"about":[{"href":"https:\/\/www.europesays.com\/fr\/wp-json\/wp\/v2\/types\/post"}],"author":[{"embeddable":true,"href":"https:\/\/www.europesays.com\/fr\/wp-json\/wp\/v2\/users\/2"}],"replies":[{"embeddable":true,"href":"https:\/\/www.europesays.com\/fr\/wp-json\/wp\/v2\/comments?post=180613"}],"version-history":[{"count":0,"href":"https:\/\/www.europesays.com\/fr\/wp-json\/wp\/v2\/posts\/180613\/revisions"}],"wp:featuredmedia":[{"embeddable":true,"href":"https:\/\/www.europesays.com\/fr\/wp-json\/wp\/v2\/media\/180614"}],"wp:attachment":[{"href":"https:\/\/www.europesays.com\/fr\/wp-json\/wp\/v2\/media?parent=180613"}],"wp:term":[{"taxonomy":"category","embeddable":true,"href":"https:\/\/www.europesays.com\/fr\/wp-json\/wp\/v2\/categories?post=180613"},{"taxonomy":"post_tag","embeddable":true,"href":"https:\/\/www.europesays.com\/fr\/wp-json\/wp\/v2\/tags?post=180613"}],"curies":[{"name":"wp","href":"https:\/\/api.w.org\/{rel}","templated":true}]}}