{"id":180626,"date":"2025-06-16T10:48:10","date_gmt":"2025-06-16T10:48:10","guid":{"rendered":"https:\/\/www.europesays.com\/fr\/180626\/"},"modified":"2025-06-16T10:48:10","modified_gmt":"2025-06-16T10:48:10","slug":"decheance-de-legion-dhonneur-de-sarkozy-lelysee-mis-devant-le-fait-accompli-liberation","status":"publish","type":"post","link":"https:\/\/www.europesays.com\/fr\/180626\/","title":{"rendered":"D\u00e9ch\u00e9ance de L\u00e9gion d\u2019honneur de Sarkozy : l\u2019Elys\u00e9e mis devant le fait accompli &#8211; Lib\u00e9ration"},"content":{"rendered":"<ol>\n<li><a href=\"https:\/\/news.google.com\/rss\/articles\/CBMi4gFBVV95cUxNSVZ2c3dOUWhGcDZzMkNZMW1iTWdJSnp2VkpaWEJPOVQ3bGlKYmZLOXdLTExmNGNHVnNzT013SFhOcXNXUllRZXB0WndYVTdWeGM5OUVPMTVpT2hJdUZLNjJHX3Z1dG9QOUpRaVZpN1pGUlRRQUVmTlhyLVF1LVpNeVo0NkUzR3lhV2FfLUpWSkpJX3BtMW02UE9lUnhHNXJhWDR0QTBYMlpJb2FlY2JaMmpISy1xUlh5N1JMdUhmY0UwMEgxN2NObms1Y3dGaU1nZW9WRXE4b2NWSHN3WVhXTFNn?oc=5\" target=\"_blank\" rel=\"noopener\">D\u00e9ch\u00e9ance de L\u00e9gion d\u2019honneur de Sarkozy : l\u2019Elys\u00e9e mis devant le fait accompli<\/a>&nbsp;&nbsp;Lib\u00e9ration<\/li>\n<li><a href=\"https:\/\/news.google.com\/rss\/articles\/CBMi8wFBVV95cUxNZE96STBMNWczY2RYTDg4MHZRUlVtZVVSUTM5bnZwbS00bC1YUE1vX1RRSW9MMXZpNFFxZW1Ma3puTlJNeUVZNlIyV3NVSDIzRlktRDhmWXBUaHY3ZjVGaVVrY2t3LXhRX3dhVDEyLXk3T0hfUGVrenY0OV9YRE1JYzk3Zy1UNzVZS201N2kwX0hrc2ZHcGdBNG02YV9yWHhxQUowOTdxYzlFSWY3S2ZpNkJQOHAwZVJlb0NQZl82X2wyb0VDLU1yT3VjR2pVMlBzbVlFdE15b0FPanRvZENFdUlFLUs0bk9wQjdJaE9hYWNuVGs?oc=5\" target=\"_blank\" rel=\"noopener\">\u00ab\u00a0Cette d\u00e9cision me choque\u00a0\u00bb : Jordan Bardella r\u00e9agit \u00e0 l&rsquo;\u00e9viction de Nicolas Sarkozy de la L\u00e9gion d&rsquo;honneur<\/a>&nbsp;&nbsp;Orange<\/li>\n<li><a href=\"https:\/\/news.google.com\/rss\/articles\/CBMi8gFBVV95cUxONUVFX09oQXJqQmpmdC1SWkZTa1JWSjc5YzJBMzZjWHFjaFZrX2g3QlZxN3lEYlh1SjlZOGdTNzZuVmEteHN3YTNwY0NiTmpBMzdxTmFzbmt6bHZBNVFsampycDAxbmlyMkUxMVhnTW84VHpON05QRnU4aWNPbTRBUUFCckVSWFFkUzVZTi1OejZVSlotZUJhM2RveDN2Vl85QWtMeU90RFdSR1dpSThwOGJMcnUtc1RRbmVNa0xodnJOc3VWdkxObWdnOWh4a09WODZtWGxJTnFoc2h1RVJoVVZTTHF6OW1VeVd6SGd4blhVZw?oc=5\" target=\"_blank\" rel=\"noopener\">Sur la L\u00e9gion d\u2019honneur, l\u2019argument bidon de Jordan Bardella pour d\u00e9fendre Nicolas Sarkozy<\/a>&nbsp;&nbsp;Lib\u00e9ration<\/li>\n<li><a href=\"https:\/\/news.google.com\/rss\/articles\/CBMisAFBVV95cUxPdDI5NHVKc2VOdEdoZlNpT3V4ZEFKSm1NQTJOOExSYWpha1Njd25nMkZCb2Yxb2FRTDRRVnpuOWNGUlFjMG5IQlN0RG1hM3VFbVpwOUxCb2VyemNobFpmcFE5MVJ6d29jYXNUc3FvdVdsdTRJTEtfb3NHdzFWeEd4RVVQMHBvdnRoRGpJTzVVT3VDbDRNNmZRS1hrSEkxdnhRalNBY00wcVdTSy1GU0psNg?oc=5\" target=\"_blank\" rel=\"noopener\">Sarkozy perd sa L\u00e9gion d\u2019honneur, effroi chez Les R\u00e9publicains<\/a>&nbsp;&nbsp;Mediapart<\/li>\n<li><a href=\"https:\/\/news.google.com\/rss\/articles\/CBMixwFBVV95cUxQYWRURFRlWVZvWFRUTDBCNmZsV1RQanl2SHJzWlJQZVp6cnd4NWtYa3owWUQySUhoUmsyQ3NXOTVyc1VLWlVWTXktdXVMVV9fMEFqM2EwQjJvdkdOdlg4alBua2I1WDMtTlN3c0JHZmh6dWphZEg3RTYxbE9HakM5MEROWS1sQXZwd3lFNEtaTk1ILVhqZGlsRkNDUUlEYjhGeEJKNzgzc09pQ294QTVMZjU0TlV0bXVQSXluc3FVREtJb1hVRk9v?oc=5\" target=\"_blank\" rel=\"noopener\">Bardella se dit \u00ab choqu\u00e9 \u00bb par le retrait de la L\u00e9gion d\u2019honneur de Sarkozy<\/a>&nbsp;&nbsp;20 Minutes<\/li>\n<\/ol>\n","protected":false},"excerpt":{"rendered":"D\u00e9ch\u00e9ance de L\u00e9gion d\u2019honneur de Sarkozy : l\u2019Elys\u00e9e mis devant le fait accompli&nbsp;&nbsp;Lib\u00e9ration \u00ab\u00a0Cette d\u00e9cision me choque\u00a0\u00bb :&hellip;\n","protected":false},"author":2,"featured_media":180627,"comment_status":"","ping_status":"","sticky":false,"template":"","format":"standard","meta":{"footnotes":""},"categories":[2],"tags":[11,1073,1011,27,12,3091,25],"class_list":{"0":"post-180626","1":"post","2":"type-post","3":"status-publish","4":"format-standard","5":"has-post-thumbnail","7":"category-actualites","8":"tag-actualites","9":"tag-emmanuel-macron","10":"tag-fr","11":"tag-france","12":"tag-news","13":"tag-nicolas-sarkozy","14":"tag-republique-francaise"},"share_on_mastodon":{"url":"https:\/\/pubeurope.com\/@fr\/114692653246023357","error":""},"_links":{"self":[{"href":"https:\/\/www.europesays.com\/fr\/wp-json\/wp\/v2\/posts\/180626","targetHints":{"allow":["GET"]}}],"collection":[{"href":"https:\/\/www.europesays.com\/fr\/wp-json\/wp\/v2\/posts"}],"about":[{"href":"https:\/\/www.europesays.com\/fr\/wp-json\/wp\/v2\/types\/post"}],"author":[{"embeddable":true,"href":"https:\/\/www.europesays.com\/fr\/wp-json\/wp\/v2\/users\/2"}],"replies":[{"embeddable":true,"href":"https:\/\/www.europesays.com\/fr\/wp-json\/wp\/v2\/comments?post=180626"}],"version-history":[{"count":0,"href":"https:\/\/www.europesays.com\/fr\/wp-json\/wp\/v2\/posts\/180626\/revisions"}],"wp:featuredmedia":[{"embeddable":true,"href":"https:\/\/www.europesays.com\/fr\/wp-json\/wp\/v2\/media\/180627"}],"wp:attachment":[{"href":"https:\/\/www.europesays.com\/fr\/wp-json\/wp\/v2\/media?parent=180626"}],"wp:term":[{"taxonomy":"category","embeddable":true,"href":"https:\/\/www.europesays.com\/fr\/wp-json\/wp\/v2\/categories?post=180626"},{"taxonomy":"post_tag","embeddable":true,"href":"https:\/\/www.europesays.com\/fr\/wp-json\/wp\/v2\/tags?post=180626"}],"curies":[{"name":"wp","href":"https:\/\/api.w.org\/{rel}","templated":true}]}}