{"id":180628,"date":"2025-06-16T10:49:11","date_gmt":"2025-06-16T10:49:11","guid":{"rendered":"https:\/\/www.europesays.com\/fr\/180628\/"},"modified":"2025-06-16T10:49:11","modified_gmt":"2025-06-16T10:49:11","slug":"le-reseau-impacte-dans-toute-la-france-ce-lundi-16-juin","status":"publish","type":"post","link":"https:\/\/www.europesays.com\/fr\/180628\/","title":{"rendered":"le r\u00e9seau impact\u00e9 dans toute la France ce lundi 16\u00a0juin"},"content":{"rendered":"<p>Il vous sera sans doute difficile de lire cet article si vous \u00eates chez SFR. En fin de matin\u00e9e ce lundi 16\u00a0juin, plus de 1\u00a0000 signalements ont \u00e9t\u00e9 faits sur le site Dowdetector, qui recense les pannes et interruptions en temps r\u00e9el des services tels qu\u2019Internet, les plateformes d\u2019h\u00e9bergement web et les r\u00e9seaux sociaux.<\/p>\n<p>Le r\u00e9seau mobile (sms, appels) et internet sont concern\u00e9s par la panne.<\/p>\n<p>Sur X, les internautes ont partag\u00e9 les difficult\u00e9s rencontr\u00e9es. Y\u2019a une panne de 4G SFR dans toute la France l\u00e0 on est d\u2019accords\u00a0??<\/p>\n<p>Plus d\u2019informations \u00e0 venir\u2026<\/p>\n","protected":false},"excerpt":{"rendered":"Il vous sera sans doute difficile de lire cet article si vous \u00eates chez SFR. En fin de&hellip;\n","protected":false},"author":2,"featured_media":180629,"comment_status":"","ping_status":"","sticky":false,"template":"","format":"standard","meta":{"footnotes":""},"categories":[4],"tags":[17,11,1446,1011,27,31807,12,10899,25,2421,740,104,7822],"class_list":{"0":"post-180628","1":"post","2":"type-post","3":"status-publish","4":"format-standard","5":"has-post-thumbnail","7":"category-france","8":"tag-17","9":"tag-actualites","10":"tag-dans","11":"tag-fr","12":"tag-france","13":"tag-impacte","14":"tag-news","15":"tag-panne","16":"tag-republique-francaise","17":"tag-reseau","18":"tag-sfr","19":"tag-societe","20":"tag-toute"},"share_on_mastodon":{"url":"https:\/\/pubeurope.com\/@fr\/114692657261435713","error":""},"_links":{"self":[{"href":"https:\/\/www.europesays.com\/fr\/wp-json\/wp\/v2\/posts\/180628","targetHints":{"allow":["GET"]}}],"collection":[{"href":"https:\/\/www.europesays.com\/fr\/wp-json\/wp\/v2\/posts"}],"about":[{"href":"https:\/\/www.europesays.com\/fr\/wp-json\/wp\/v2\/types\/post"}],"author":[{"embeddable":true,"href":"https:\/\/www.europesays.com\/fr\/wp-json\/wp\/v2\/users\/2"}],"replies":[{"embeddable":true,"href":"https:\/\/www.europesays.com\/fr\/wp-json\/wp\/v2\/comments?post=180628"}],"version-history":[{"count":0,"href":"https:\/\/www.europesays.com\/fr\/wp-json\/wp\/v2\/posts\/180628\/revisions"}],"wp:featuredmedia":[{"embeddable":true,"href":"https:\/\/www.europesays.com\/fr\/wp-json\/wp\/v2\/media\/180629"}],"wp:attachment":[{"href":"https:\/\/www.europesays.com\/fr\/wp-json\/wp\/v2\/media?parent=180628"}],"wp:term":[{"taxonomy":"category","embeddable":true,"href":"https:\/\/www.europesays.com\/fr\/wp-json\/wp\/v2\/categories?post=180628"},{"taxonomy":"post_tag","embeddable":true,"href":"https:\/\/www.europesays.com\/fr\/wp-json\/wp\/v2\/tags?post=180628"}],"curies":[{"name":"wp","href":"https:\/\/api.w.org\/{rel}","templated":true}]}}