{"id":180634,"date":"2025-06-16T10:53:09","date_gmt":"2025-06-16T10:53:09","guid":{"rendered":"https:\/\/www.europesays.com\/fr\/180634\/"},"modified":"2025-06-16T10:53:09","modified_gmt":"2025-06-16T10:53:09","slug":"atp-djokovic-va-demenager-en-grece-surement-pour-eviter-de-signer-un-tres-gros-cheque","status":"publish","type":"post","link":"https:\/\/www.europesays.com\/fr\/180634\/","title":{"rendered":"ATP > Djokovic va d\u00e9m\u00e9nager en Gr\u00e8ce ? S\u00fbrement pour \u00e9viter de signer un tr\u00e8s gros ch\u00e8que"},"content":{"rendered":"<p>Selon les infor\u00adma\u00adtions de la Gazzetta, Novak Djokovic aurait pris la d\u00e9ci\u00adsion de s\u2019ins\u00adtaller en Gr\u00e8ce avec sa famille \u00e0 partir de septembre prochain, apr\u00e8s l\u2019US\u00a0Open.\u00a0<\/p>\n<p><a href=\"https:\/\/www.welovetennis.fr\/atp\/censure-en-serbie-djokovic-pourrait-rapidement-demenager\" data-wpel-link=\"internal\" target=\"_blank\" rel=\"noopener\">Si l\u2019on a dans un premier temps \u00e9voqu\u00e9 la censure qu\u2019il subit dans son pays en raison de son soutien au mouve\u00adment \u00e9tudiant en Serbie<\/a>, l\u2019homme aux 24 titres vivrait surtout depuis quelques temps \u00e0 Marbella en Espagne, o\u00f9 il conna\u00ee\u00adtrait quelques soucis juridiques.<\/p>\n<p>Le m\u00e9dia britan\u00adnique <a href=\"https:\/\/www.express.co.uk\/sport\/tennis\/2041863\/Inside-Novak-Djokovic-Marbella-mansion-fines\" data-wpel-link=\"external\" target=\"_blank\" rel=\"nofollow external noopener\">Express<\/a> expli\u00adquait en avril dernier que Novak Djokovic et sa femme, Jelena, avaient \u00e9t\u00e9 condamn\u00e9s \u00e0 plusieurs amendes de quelques milliers d\u2019euros pour avoir entam\u00e9 des travaux sans les permis n\u00e9cessaires.\u00a0<\/p>\n<p>Le couple Djokovic aurait m\u00eame \u00e9t\u00e9 contraint de \u00ab\u202fd\u00e9molir certaines parties achev\u00e9es\u202f\u00bb.\u00a0<\/p>\n<p>On imagine que la situa\u00adtion le pousse \u00e0 quitter l\u2019Espagne et \u00e0 s\u2019ins\u00adtaller, non pas \u00e0 Monaco o\u00f9 il poss\u00e8de \u00e9gale\u00adment une r\u00e9si\u00addence, mais en Gr\u00e8ce o\u00f9 il trou\u00advera peut\u2010\u00eatre son havre de\u00a0paix.<\/p>\n<p class=\"post-published-date\" style=\"color: silver; font-size: 75%; text-align: left;\">Publi\u00e9 le lundi 16 juin 2025 \u00e0 11:20<\/p>\n","protected":false},"excerpt":{"rendered":"Selon les infor\u00adma\u00adtions de la Gazzetta, Novak Djokovic aurait pris la d\u00e9ci\u00adsion de s\u2019ins\u00adtaller en Gr\u00e8ce avec sa&hellip;\n","protected":false},"author":2,"featured_media":155627,"comment_status":"","ping_status":"","sticky":false,"template":"","format":"standard","meta":{"footnotes":""},"categories":[1415],"tags":[105,1011,27,60,1467],"class_list":{"0":"post-180634","1":"post","2":"type-post","3":"status-publish","4":"format-standard","5":"has-post-thumbnail","7":"category-tennis","8":"tag-djokovic","9":"tag-fr","10":"tag-france","11":"tag-sports","12":"tag-tennis"},"share_on_mastodon":{"url":"https:\/\/pubeurope.com\/@fr\/114692672871853032","error":""},"_links":{"self":[{"href":"https:\/\/www.europesays.com\/fr\/wp-json\/wp\/v2\/posts\/180634","targetHints":{"allow":["GET"]}}],"collection":[{"href":"https:\/\/www.europesays.com\/fr\/wp-json\/wp\/v2\/posts"}],"about":[{"href":"https:\/\/www.europesays.com\/fr\/wp-json\/wp\/v2\/types\/post"}],"author":[{"embeddable":true,"href":"https:\/\/www.europesays.com\/fr\/wp-json\/wp\/v2\/users\/2"}],"replies":[{"embeddable":true,"href":"https:\/\/www.europesays.com\/fr\/wp-json\/wp\/v2\/comments?post=180634"}],"version-history":[{"count":0,"href":"https:\/\/www.europesays.com\/fr\/wp-json\/wp\/v2\/posts\/180634\/revisions"}],"wp:featuredmedia":[{"embeddable":true,"href":"https:\/\/www.europesays.com\/fr\/wp-json\/wp\/v2\/media\/155627"}],"wp:attachment":[{"href":"https:\/\/www.europesays.com\/fr\/wp-json\/wp\/v2\/media?parent=180634"}],"wp:term":[{"taxonomy":"category","embeddable":true,"href":"https:\/\/www.europesays.com\/fr\/wp-json\/wp\/v2\/categories?post=180634"},{"taxonomy":"post_tag","embeddable":true,"href":"https:\/\/www.europesays.com\/fr\/wp-json\/wp\/v2\/tags?post=180634"}],"curies":[{"name":"wp","href":"https:\/\/api.w.org\/{rel}","templated":true}]}}