{"id":180635,"date":"2025-06-16T10:55:11","date_gmt":"2025-06-16T10:55:11","guid":{"rendered":"https:\/\/www.europesays.com\/fr\/180635\/"},"modified":"2025-06-16T10:55:11","modified_gmt":"2025-06-16T10:55:11","slug":"le-pire-accident-de-toute-ma-carriere","status":"publish","type":"post","link":"https:\/\/www.europesays.com\/fr\/180635\/","title":{"rendered":"Le pire accident de toute ma carri\u00e8re"},"content":{"rendered":"<p>Deux semaines et demie apr\u00e8s les faits, <a href=\"https:\/\/fr.motorsport.com\/driver\/luca-marini\/201098\/\" target=\"_blank\" rel=\"noopener nofollow\">Luca Marini<\/a>\u00a0continue de se remettre du grave accident dont il a \u00e9t\u00e9 victime \u00e0 Suzuka. Il a pu quitter le Japon et rejoindre son domicile depuis plusieurs jours d\u00e9j\u00e0, il a aussi fait une visite de courtoisie dans le paddock WorldSBK de Misano ce week-end, mais n&rsquo;est pas encore apte \u00e0 reprendre la comp\u00e9tition.<\/p>\n<p>Le pilote Honda se souviendra longtemps de ce test r\u00e9alis\u00e9 apr\u00e8s le GP de Grande-Bretagne et ayant eu pour but de contr\u00f4ler si sa grande taille lui permettrait ou non de piloter convenablement la moto d&rsquo;endurance engag\u00e9e sur les 8 Heures de Suzuka. Le verdict a \u00e9t\u00e9 n\u00e9gatif, mais le pire \u00e9tait \u00e0 venir, au second jour de ce roulage.<\/p>\n<p><a href=\"https:\/\/fr.motorsport.com\/motogp\/news\/luca-marini-serieusement-blesse-honda\/10727496\/\" target=\"_self\" rel=\"noopener nofollow\">Marini a alors \u00e9t\u00e9 victime d&rsquo;une tr\u00e8s grosse chute<\/a> dans le premier virage de la piste, laquelle ne figure plus au <a href=\"https:\/\/fr.motorsport.com\/motogp\/schedule\/2025\/?event_types%5B%5D=race\" target=\"_self\" rel=\"noopener nofollow\">calendrier MotoGP<\/a> depuis plus de 20 ans. Souffrant d&rsquo;un pneumothorax, d&rsquo;une luxation de la hanche, de l\u00e9sions ligamentaires au genou, ainsi que de fractures au sternum et \u00e0 la clavicule, l&rsquo;Italien a d\u00fb rester hospitalis\u00e9 11 jours.<\/p>\n<p>Malgr\u00e9 la s\u00e9v\u00e9rit\u00e9 du bilan m\u00e9dical, son \u00e9tat a sembl\u00e9 s&rsquo;arranger rapidement. Vite rejoint au Japon par sa femme, leur jeune fille et sa m\u00e8re, il a finalement \u00e9t\u00e9 autoris\u00e9 \u00e0 prendre un vol pour rejoindre l&rsquo;Europe pendant qu&rsquo;au GP d&rsquo;Arag\u00f3n son stand restait vide.<\/p>\n<p>Marini doit n\u00e9anmoins poursuivre les soins maintenant qu&rsquo;il est de retour en Italie et, bien qu&rsquo;il envisage de se rendre au Mugello si son \u00e9tat le lui permet, il n&rsquo;y sera que spectateur, remplac\u00e9 par <a href=\"https:\/\/fr.motorsport.com\/driver\/takaaki-nakagami\/109418\/\" target=\"_blank\" rel=\"noopener nofollow\">Takaaki Nakagami<\/a>, et ignore pour le moment quelle pourra \u00eatre la date de son retour \u00e0 la comp\u00e9tition.<\/p>\n<p>Lire aussi :<\/p>\n<p>Dans <a href=\"https:\/\/sport.sky.it\/motogp\/video\/2025\/06\/07\/luca-marini-incidente-suzuka-infortunio-news\" target=\"_blank\" rel=\"noopener nofollow\">une interview sur la cha\u00eene de TV italienne Sky<\/a>, Luca Marini a expliqu\u00e9 avoir pris \u00ab\u00a0le premier vol possible pour rentrer en Italie\u00a0\u00bb lorsque les contr\u00f4les m\u00e9dicaux ont enfin apport\u00e9 les r\u00e9sultats attendus. Soulignant son impatience \u00e0 l&rsquo;id\u00e9e de quitter le Japon, il savait aussi que cette \u00e9tape apporterait une clarification quant \u00e0 la suite\u00a0:\u00a0\u00ab\u00a0En passant d&rsquo;autres examens \u00e0 la maison et en voyant les m\u00e9decins italiens, je pourrai comprendre quelle est r\u00e9ellement la situation et quand je pourrai revenir.\u00a0\u00bb<\/p>\n<p>Mais le pilote de 27 ans a surtout expliqu\u00e9 \u00e0 quel point cet accident restera marquant dans sa vie. \u00ab\u00a0C&rsquo;est dur\u00a0\u00bb, expliquait-il. \u00ab\u00a0J&rsquo;ai mal un peu partout, j&rsquo;ai pris un tr\u00e8s gros choc, le pire accident de toute ma carri\u00e8re, sans aucun doute un accident que je n&rsquo;oublierai pas.\u00a0\u00bb<\/p>\n<p>Et d&rsquo;expliquer la dynamique de cette chute\u00a0:\u00a0\u00ab\u00a0Suzuka n&rsquo;a pas de voie de d\u00e9gagement adapt\u00e9e aux motos modernes. Au freinage pour le virage 1, la troisi\u00e8me vitesse n&rsquo;est pas pass\u00e9e et je suis rest\u00e9 dans un entre-deux entre la quatri\u00e8me et la troisi\u00e8me. Je n&rsquo;ai pas eu le temps de me saisir de l&#8217;embrayage, la vitesse est pass\u00e9e d&rsquo;un coup, l&rsquo;arri\u00e8re s&rsquo;est bloqu\u00e9 et je me suis retrouv\u00e9 projet\u00e9 tr\u00e8s fort contre les protections.\u00a0\u00bb<\/p>\n<p>   <img decoding=\"async\" draggable=\"false\" src=\"https:\/\/www.europesays.com\/fr\/wp-content\/uploads\/2025\/06\/luca-marini-honda-hrc.jpg\" alt=\"Luca Marini avec sa femme Marta et leur fille Angelina, n\u00e9e au mois d'octobre.\" width=\"1200\" height=\"800\" loading=\"lazy\"\/> <\/p>\n<p class=\"title\">Luca Marini avec sa femme Marta et leur fille Angelina, n\u00e9e au mois d&rsquo;octobre.<\/p>\n<p class=\"photographer\">Photo de: Honda Racing<\/p>\n<p>\u00ab\u00a0D\u00e8s le d\u00e9but, je suis rest\u00e9 calme. J&rsquo;ai toujours \u00e9t\u00e9 conscient et lucide quant \u00e0 ce qui se passait. Initialement, je n&rsquo;arrivais pas \u00e0 comprendre la gravit\u00e9 de la situation, mais j&rsquo;ai toujours eu pour objectif de revenir le plus vite possible, d\u00e8s que mon corps me le permettra.\u00a0\u00bb<\/p>\n<p>Comme l&rsquo;ont pudiquement expliqu\u00e9 ses coll\u00e8gues de la VR46 Riders Academy en marge du GP d&rsquo;Arag\u00f3n, Luca Marini a vu son \u00e9tat rapidement s&rsquo;am\u00e9liorer dans les jours qui ont suivi. \u00ab\u00a0En une semaine, j&rsquo;ai connue une am\u00e9lioration incroyable, et j&rsquo;ai la chance d&rsquo;avoir eu avec moi Marta, Angelina et ma m\u00e8re qui m&rsquo;ont aid\u00e9 \u00e0 \u00eatre plus tranquille et \u00e0 vivre ces jours de la meilleure mani\u00e8re possible pour reprendre de l&rsquo;\u00e9nergie et gu\u00e9rir.\u00a0\u00bb<\/p>\n<p>\u00ab\u00a0J&rsquo;ai toujours gard\u00e9 le contact avec mon \u00e9quipe et mes ing\u00e9nieurs\u00a0\u00bb, a ajout\u00e9 Luca Marini, qui devrait pouvoir apporter plus de pr\u00e9cisions sur l&rsquo;\u00e9volution de son \u00e9tat cette semaine, s&rsquo;il parvient \u00e0 se rendre au Mugello. Apr\u00e8s ce GP d&rsquo;Italie, l&rsquo;\u00e9preuve suivante aura lieu d\u00e8s la semaine prochaine, aux Pays-Bas, apr\u00e8s quoi le calendrier va observer deux semaines de pause avant l&rsquo;encha\u00eenement des GP d&rsquo;Allemagne et de R\u00e9publique tch\u00e8que menant ensuite \u00e0 la tr\u00eave estivale.<\/p>\n<p>Dans cet article<\/p>\n<p>    Germ\u00e1n Garcia Casanova\n<\/p>\n<p>    MotoGP\n<\/p>\n<p>    Luca Marini\n<\/p>\n<p>    Honda HRC\n<\/p>\n<p>Soyez le premier inform\u00e9 et souscrivez aux alertes mails pour recevoir les infos en temps r\u00e9el<\/p>\n<p>    S&rsquo;abonner aux alertes de news<\/p>\n","protected":false},"excerpt":{"rendered":"Deux semaines et demie apr\u00e8s les faits, Luca Marini\u00a0continue de se remettre du grave accident dont il a&hellip;\n","protected":false},"author":2,"featured_media":180636,"comment_status":"","ping_status":"","sticky":false,"template":"","format":"standard","meta":{"footnotes":""},"categories":[1413],"tags":[1011,27,3345,15966,1457,1456,1458,60],"class_list":{"0":"post-180635","1":"post","2":"type-post","3":"status-publish","4":"format-standard","5":"has-post-thumbnail","7":"category-moto","8":"tag-fr","9":"tag-france","10":"tag-honda-hrc","11":"tag-luca-marini","12":"tag-moto","13":"tag-motocycle","14":"tag-motogp","15":"tag-sports"},"share_on_mastodon":{"url":"https:\/\/pubeurope.com\/@fr\/114692680851537715","error":""},"_links":{"self":[{"href":"https:\/\/www.europesays.com\/fr\/wp-json\/wp\/v2\/posts\/180635","targetHints":{"allow":["GET"]}}],"collection":[{"href":"https:\/\/www.europesays.com\/fr\/wp-json\/wp\/v2\/posts"}],"about":[{"href":"https:\/\/www.europesays.com\/fr\/wp-json\/wp\/v2\/types\/post"}],"author":[{"embeddable":true,"href":"https:\/\/www.europesays.com\/fr\/wp-json\/wp\/v2\/users\/2"}],"replies":[{"embeddable":true,"href":"https:\/\/www.europesays.com\/fr\/wp-json\/wp\/v2\/comments?post=180635"}],"version-history":[{"count":0,"href":"https:\/\/www.europesays.com\/fr\/wp-json\/wp\/v2\/posts\/180635\/revisions"}],"wp:featuredmedia":[{"embeddable":true,"href":"https:\/\/www.europesays.com\/fr\/wp-json\/wp\/v2\/media\/180636"}],"wp:attachment":[{"href":"https:\/\/www.europesays.com\/fr\/wp-json\/wp\/v2\/media?parent=180635"}],"wp:term":[{"taxonomy":"category","embeddable":true,"href":"https:\/\/www.europesays.com\/fr\/wp-json\/wp\/v2\/categories?post=180635"},{"taxonomy":"post_tag","embeddable":true,"href":"https:\/\/www.europesays.com\/fr\/wp-json\/wp\/v2\/tags?post=180635"}],"curies":[{"name":"wp","href":"https:\/\/api.w.org\/{rel}","templated":true}]}}