{"id":180644,"date":"2025-06-16T11:00:10","date_gmt":"2025-06-16T11:00:10","guid":{"rendered":"https:\/\/www.europesays.com\/fr\/180644\/"},"modified":"2025-06-16T11:00:10","modified_gmt":"2025-06-16T11:00:10","slug":"des-touristes-pulverisent-la-chaise-de-van-gogh-pour-prendre-un-selfie-dans-un-musee-italien","status":"publish","type":"post","link":"https:\/\/www.europesays.com\/fr\/180644\/","title":{"rendered":"Des touristes pulv\u00e9risent la \u00ab\u00a0chaise de Van Gogh\u00a0\u00bb pour prendre un selfie dans un mus\u00e9e italien"},"content":{"rendered":"<p>C\u2019est l\u2019angoisse de tous les conservateurs de <a href=\"https:\/\/www.20minutes.fr\/dossier\/musee\" class=\"color-ultramarine c-link\" target=\"_blank\" rel=\"noopener\">mus\u00e9e\u00a0<\/a>: la chaise \u00ab\u00a0Van Gogh\u00a0\u00bb, de l\u2019artiste <a href=\"https:\/\/www.finestresullarte.info\/fr\/art-et-artistes\/qui-est-nicola-bolla-l-artiste-de-la-chaise-swarovski-brisee-par-des-touristes-en-quete-de-selfie\" rel=\"nofollow noopener\" target=\"_blank\" class=\"color-ultramarine c-link\">Nicola Bolla<\/a>, une \u0153uvre d\u2019art unique expos\u00e9e au Palazzo Maffei \u00e0 V\u00e9rone (<a href=\"https:\/\/www.20minutes.fr\/dossier\/italie\" class=\"color-ultramarine c-link\" target=\"_blank\" rel=\"noopener\">Italie<\/a>), a \u00e9t\u00e9 <a href=\"https:\/\/www.20minutes.fr\/faits_divers\/4105866-20240814-dordogne-touriste-casse-stalactite-millenaire-grotte-voulait-savoir-si-solide\" class=\"color-ultramarine c-link\" target=\"_blank\" rel=\"noopener\">cass\u00e9e par un touriste<\/a> qui s\u2019\u00e9tait assis dessus\u2026 avant de prendre ses jambes \u00e0 son cou, <a href=\"https:\/\/www.cnews.fr\/monde\/2025-06-15\/italie-ce-touriste-pulverise-une-replique-de-la-chaise-de-van-gogh-dans-un-musee\" rel=\"nofollow noopener\" target=\"_blank\" class=\"color-ultramarine c-link\">rapporte CNews<\/a>.<\/p>\n<\/p>\n<p>Sur une <a href=\"https:\/\/www.20minutes.fr\/dossier\/video\" class=\"color-ultramarine c-link\" target=\"_blank\" rel=\"noopener\">vid\u00e9o<\/a> diffus\u00e9e sur <a href=\"https:\/\/www.20minutes.fr\/high-tech\/instagram\/\" class=\"color-ultramarine c-link\" target=\"_blank\" rel=\"noopener\">Instagram <\/a>le 12\u00a0juin 2025, le mus\u00e9e a en effet fustig\u00e9 le comportement d\u2019un couple de touristes qui, faisant fi des consignes de l\u2019\u00e9tablissement, avait d\u00e9cid\u00e9 de se prendre en photo sur la c\u00e9l\u00e8bre chaise <a href=\"https:\/\/www.20minutes.fr\/tempo\/escapade\/4098150-20240630-cristaux-swarovski-jean-paul-gaultier-matieres-fecales-vu-plus-grand-spectacle-monde\" class=\"color-ultramarine c-link\" target=\"_blank\" rel=\"noopener\">recouverte de cristaux Swarovski<\/a>.<\/p>\n<p class=\"mb-m@xs text-l@xs\">En cliquant sur\u00ab J\u2019accepte \u00bb, vous acceptez le d\u00e9p\u00f4t de cookies par des services externes et aurez ainsi acc\u00e8s aux contenus de nos partenaires.<\/p>\n<p class=\"mb-xl@xs text-s@xs\">Plus d\u2019informations sur la page<a href=\"https:\/\/www.20minutes.fr\/gestion-cookies\" class=\"mx-xxs@xs color-ultramarine\" target=\"_blank\" rel=\"noopener\">Politique de gestion des cookies<\/a><\/p>\n<p>J\u2019accepteTouristes en fuite<\/p>\n<p>Les cam\u00e9ras de <a href=\"https:\/\/www.20minutes.fr\/arts-stars\/culture\/4080523-20240310-vannes-vandalisme-gratuit-uvre-incendiee-musee-beaux-arts\" class=\"color-ultramarine c-link\" target=\"_blank\" rel=\"noopener\">vid\u00e9osurveillance du mus\u00e9e<\/a> y restituent le moment o\u00f9 l\u2019\u0153uvre craque sous le poids du touriste, imm\u00e9diatement suivi de celui o\u00f9 sa complice et lui, paniqu\u00e9s, prennent la fuite. En l\u00e9gende, le Palazzo Maffei d\u00e9nonce \u00ab\u00a0Un geste irresponsable, [\u2026] un comportement superficiel et irrespectueux [\u2026] qui ignore toutes les r\u00e8gles de respect de l\u2019art et du <a href=\"https:\/\/www.20minutes.fr\/dossier\/patrimoine\" class=\"color-ultramarine c-link\" target=\"_blank\" rel=\"noopener\">patrimoine <\/a>culturel\u00a0\u00bb.<\/p>\n<p><a href=\"https:\/\/www.20minutes.fr\/dossier\/musee\" class=\"c-link c-btn c-btn--primary\" target=\"_blank\" rel=\"noopener\">Notre dossier \u00ab Mus\u00e9es \u00bb<\/a><\/p>\n<p>Fort heureusement, la chaise \u00ab\u00a0Van Gogh\u00a0\u00bb a pu <a href=\"https:\/\/www.20minutes.fr\/insolite\/2548175-20190624-sculpture-xvie-siecle-sauvee-restauration-desastreuse\" class=\"color-ultramarine c-link\" target=\"_blank\" rel=\"noopener\">\u00eatre restaur\u00e9e<\/a>, a pr\u00e9cis\u00e9 plus tard l\u2019\u00e9tablissement culturel, qui a soulign\u00e9 que \u00ab\u00a0l\u2019Art doit \u00eatre aim\u00e9, appr\u00e9ci\u00e9 et toujours respect\u00e9\u00a0\u00bb\u2026 avant de porter <a href=\"https:\/\/www.20minutes.fr\/societe\/4037425-20230517-securite-desormais-possible-deposer-plainte-depuis-telephone-visio\" class=\"color-ultramarine c-link\" target=\"_blank\" rel=\"noopener\">plainte contre X<\/a>, le couple de touristes ind\u00e9licats restant introuvable.<\/p>\n","protected":false},"excerpt":{"rendered":"C\u2019est l\u2019angoisse de tous les conservateurs de mus\u00e9e\u00a0: la chaise \u00ab\u00a0Van Gogh\u00a0\u00bb, de l\u2019artiste Nicola Bolla, une \u0153uvre&hellip;\n","protected":false},"author":2,"featured_media":180645,"comment_status":"","ping_status":"","sticky":false,"template":"","format":"standard","meta":{"footnotes":""},"categories":[1358],"tags":[1348,1384,1385,251,1386,58,59,1011,27,2440,452,3048,21832,2021,31808,11942,133],"class_list":{"0":"post-180644","1":"post","2":"type-post","3":"status-publish","4":"format-standard","5":"has-post-thumbnail","7":"category-arts-et-design","8":"tag-arts","9":"tag-arts-and-design","10":"tag-arts-et-design","11":"tag-culture","12":"tag-design","13":"tag-divertissement","14":"tag-entertainment","15":"tag-fr","16":"tag-france","17":"tag-instagram","18":"tag-italie","19":"tag-musee","20":"tag-oeuvre-dart","21":"tag-restauration","22":"tag-selfie","23":"tag-vandalisme","24":"tag-video"},"share_on_mastodon":{"url":"https:\/\/pubeurope.com\/@fr\/114692700567883035","error":""},"_links":{"self":[{"href":"https:\/\/www.europesays.com\/fr\/wp-json\/wp\/v2\/posts\/180644","targetHints":{"allow":["GET"]}}],"collection":[{"href":"https:\/\/www.europesays.com\/fr\/wp-json\/wp\/v2\/posts"}],"about":[{"href":"https:\/\/www.europesays.com\/fr\/wp-json\/wp\/v2\/types\/post"}],"author":[{"embeddable":true,"href":"https:\/\/www.europesays.com\/fr\/wp-json\/wp\/v2\/users\/2"}],"replies":[{"embeddable":true,"href":"https:\/\/www.europesays.com\/fr\/wp-json\/wp\/v2\/comments?post=180644"}],"version-history":[{"count":0,"href":"https:\/\/www.europesays.com\/fr\/wp-json\/wp\/v2\/posts\/180644\/revisions"}],"wp:featuredmedia":[{"embeddable":true,"href":"https:\/\/www.europesays.com\/fr\/wp-json\/wp\/v2\/media\/180645"}],"wp:attachment":[{"href":"https:\/\/www.europesays.com\/fr\/wp-json\/wp\/v2\/media?parent=180644"}],"wp:term":[{"taxonomy":"category","embeddable":true,"href":"https:\/\/www.europesays.com\/fr\/wp-json\/wp\/v2\/categories?post=180644"},{"taxonomy":"post_tag","embeddable":true,"href":"https:\/\/www.europesays.com\/fr\/wp-json\/wp\/v2\/tags?post=180644"}],"curies":[{"name":"wp","href":"https:\/\/api.w.org\/{rel}","templated":true}]}}