{"id":180646,"date":"2025-06-16T11:01:09","date_gmt":"2025-06-16T11:01:09","guid":{"rendered":"https:\/\/www.europesays.com\/fr\/180646\/"},"modified":"2025-06-16T11:01:09","modified_gmt":"2025-06-16T11:01:09","slug":"apres-la-censure-de-borne-jul-fait-lire-son-livre-a-philippe-ruffin-hollande-et-meme-une-ministre","status":"publish","type":"post","link":"https:\/\/www.europesays.com\/fr\/180646\/","title":{"rendered":"Apr\u00e8s la \u00ab\u00a0censure\u00a0\u00bb de Borne, Jul fait lire son livre \u00e0 Philippe, Ruffin, Hollande&#8230; et m\u00eame une ministre"},"content":{"rendered":"<p>        <img decoding=\"async\" loading=\"lazy\" src=\"https:\/\/www.europesays.com\/fr\/wp-content\/uploads\/2025\/06\/96e28a4_sirius-fs-upload-1-7vwlahsg3kri-1742120246126-000-36yq8u9.jpg\"  width=\"728\" height=\"409\" alt=\"\u00c9lisabeth Borne photographi\u00e9e \u00e0 Matignon le 26\u00a0f\u00e9vrier 2025\"\/>  <\/p>\n<p>LUDOVIC MARIN \/ AFP<\/p>\n<p>\u00c9lisabeth Borne photographi\u00e9e \u00e0 Matignon le 26\u00a0f\u00e9vrier 2025<\/p>\n<p class=\"asset asset-text\">POLITIQUE &#8211; L\u2019\u00e9pilogue\u00a0? En mars dernier, <a href=\"https:\/\/www.huffingtonpost.fr\/culture\/article\/jul-denonce-la-censure-de-son-conte-modernise-la-belle-et-la-bete-par-l-education-nationale_247699.html\" target=\"_blank\" rel=\"noopener\">le dessinateur Jul<\/a> et la ministre de l\u2019\u00c9ducation nationale, <a href=\"https:\/\/www.huffingtonpost.fr\/politique\/article\/elisabeth-borne-hausse-le-ton-et-denonce-les-propos-diffamatoires-et-outranciers-de-jul_247816.html\" target=\"_blank\" rel=\"noopener\">\u00c9lisabeth Borne<\/a>, s\u2019\u00e9taient livr\u00e9s \u00e0 une virulente joute verbale par m\u00e9dias interpos\u00e9s. Le dessinateur de <a href=\"https:\/\/www.huffingtonpost.fr\/culture\/article\/l-humour-decale-de-jul-dans-silex-and-the-city-et-50-nuances-de-grecs-merite-aussi-le-detour_247770.html\" target=\"_blank\" rel=\"noopener\">Silex and the City<\/a> avait \u00e9t\u00e9 choisi pour l\u2019op\u00e9ration \u00ab\u00a0Un livre pour les vacances\u00a0\u00bb, qui vise \u00e0 offrir un classique de la litt\u00e9rature fran\u00e7aise revisit\u00e9, \u00e0 des \u00e9l\u00e8ves de CM2. Jul avait choisi d\u2019illustrer\u00a0La\u00a0Belle\u00a0et\u00a0la\u00a0B\u00eate, conte traditionnel de Jeanne-Marie Leprince de Beaumont en 1756.<\/p>\n<p class=\"asset asset-text\">L\u2019op\u00e9ration ne verra pas le jour. \u00c9lisabeth Borne, alors qu\u2019elle avait elle-m\u00eame d\u00e9j\u00e0 \u00e9crit la pr\u00e9face, fait machine arri\u00e8re en annulant la commande de 800\u00a0000\u00a0livres, sa num\u00e9ro\u00a02\u00a0au minist\u00e8re, Caroline Pascal jugeant l\u2019ouvrage finalement pas adapt\u00e9 au CM2, sans \u00ab\u00a0accompagnement p\u00e9dagogique\u00a0\u00bb.<\/p>\n<p class=\"asset asset-text\">\u00ab\u00a0Quand\u00a0Jul\u00a0raconte, \u00e0 travers ses dessins, l\u2019histoire d\u2019un p\u00e8re alg\u00e9rien, alcoolique, qui fait du trafic de contrefa\u00e7ons et qui est arr\u00eat\u00e9 par la police, je pense que cela peut cr\u00e9er des incompr\u00e9hensions, choquer voire blesser une partie de nos concitoyens. On peut appr\u00e9cier l\u2019ironie et le second degr\u00e9 de Jul, mais\u00a0\u00e7a n\u2019est pas adapt\u00e9 \u00e0 un projet p\u00e9dagogique pour des enfants de CM2\u00a0\u00bb, d\u00e9fendait la ministre dans Le Parisien.<\/p>\n<p class=\"asset asset-text\">Une d\u00e9cision v\u00e9cue en revanche comme une v\u00e9ritable \u00ab\u00a0censure\u00a0\u00bb pour des \u00ab\u00a0pr\u00e9textes fallacieux\u00a0\u00bb par le dessinateur Julien Berjeaux, de son vrai nom. Lequel semble d\u00e9sormais tenir sa revanche, aussi bien \u00e9ditoriale que politique. Alors que l\u2019ouvrage est attendu en librairie cette semaine, il a post\u00e9 sur son compte Instagram ce dimanche une vid\u00e9o dans laquelle plusieurs personnalit\u00e9s lisent des passages de l\u2019ouvrages.<\/p>\n<p>                     \u00c9douard Philippe, Fran\u00e7ois Ruffin&#8230;    <\/p>\n<p class=\"asset asset-text\">\u00c0 des actrices et com\u00e9diens (Val\u00e9rie Lemercier, Fran\u00e7ois Morel, Anna Mouglalis\u2026) se joignent l\u2019ancien pr\u00e9sident Fran\u00e7ois Hollande, et les d\u00e9put\u00e9s Cyrielle Chatelain et Fran\u00e7ois Ruffin, mais aussi plusieurs personnalit\u00e9s politiques venues des rangs du socle commun comme vous pouvez le voir ci-dessous.<\/p>\n<p> La lecture de ce contenu est susceptible d\u2019entra\u00eener un d\u00e9p\u00f4t de cookies de la part de l\u2019op\u00e9rateur tiers qui l\u2019h\u00e9berge. Compte-tenu des choix que vous avez exprim\u00e9s en mati\u00e8re de d\u00e9p\u00f4t de cookies, nous avons bloqu\u00e9 l\u2019affichage de ce contenu. Si vous souhaitez y acc\u00e9der, vous devez accepter la cat\u00e9gorie de cookies \u201cContenus tiers\u201d en cliquant sur le bouton ci-dessous. <\/p>\n<p> Lire la Vid\u00e9o        <\/p>\n<p class=\"asset asset-text\">Ainsi le maire du\u00a0Havre, pr\u00e9sident d\u2019Horizons et candidat assum\u00e9 de la prochaine pr\u00e9sidentielle \u00c9douard Philippe appara\u00eet \u00e0 l\u2019\u00e9cran, tout comme l\u2019ancienne ministre de la Justice et de l\u2019\u00c9ducation, Nicole Belloubet. L\u2019ex-ministre d\u00e9l\u00e9gu\u00e9e charg\u00e9e de l\u2019Enfance, de la Jeunesse et des Familles, issue du MoDem, <a href=\"https:\/\/www.huffingtonpost.fr\/politique\/article\/dans-les-hotels-ou-les-transports-sarah-el-hairy-prone-une-contre-tendance-pro-kids_250446.html\" target=\"_blank\" rel=\"noopener\">Sarah El\u00a0Ha\u00efry<\/a> est \u00e9galement pr\u00e9sente dans la vid\u00e9o.<\/p>\n<p class=\"asset asset-text\">Dans un texte accompagnant la s\u00e9quence, Jul savoure la pr\u00e9sence d\u2019une \u00ab\u00a0assembl\u00e9e bigarr\u00e9e de grandes figures du monde politique et artistique\u00a0\u00bb qui s\u2019engagent dans la d\u00e9fense de son ouvrage. Une vid\u00e9o, dit-il, n\u00e9e \u00ab\u00a0de l\u2019indignation devant la censure d\u2019un livre pour enfants\u00a0\u00bb.<\/p>\n<p class=\"asset asset-text\">Surtout le dessinateur s\u2019en prend \u00e0 Caroline Pascal, \u00ab\u00a0la m\u00eame personne mise en cause dans l\u2019affaire du rapport sur le racisme et l\u2019homophobie \u00e0 Stanislas\u00a0\u00bb. Le dessinateur \u00e9voque ici une autre affaire qui a \u00e9merg\u00e9 ces derni\u00e8res semaines\u00a0: les inspecteurs qui ont r\u00e9alis\u00e9 le rapport <a href=\"https:\/\/www.huffingtonpost.fr\/france\/article\/le-rapport-sur-stanislas-a-t-il-ete-edulcore-ce-courrier-de-transmission-est-au-c-ur-des-soupcons_249644.html\" target=\"_blank\" rel=\"noopener\">sur l\u2019\u00e9tablissement scolaire Stanislas<\/a> d\u00e9noncent l\u2019intervention de Caroline Pascal dans l\u2019ajout d\u2019un paragraphe pour d\u00e9douaner le coll\u00e8ge priv\u00e9 des accusations de sexisme et d\u2019homophobie.<\/p>\n","protected":false},"excerpt":{"rendered":"LUDOVIC MARIN \/ AFP \u00c9lisabeth Borne photographi\u00e9e \u00e0 Matignon le 26\u00a0f\u00e9vrier 2025 POLITIQUE &#8211; L\u2019\u00e9pilogue\u00a0? En mars dernier,&hellip;\n","protected":false},"author":2,"featured_media":180647,"comment_status":"","ping_status":"","sticky":false,"template":"","format":"standard","meta":{"footnotes":""},"categories":[1357],"tags":[1379,251,58,5757,59,1011,27,2003,1380,28275,316],"class_list":{"0":"post-180646","1":"post","2":"type-post","3":"status-publish","4":"format-standard","5":"has-post-thumbnail","7":"category-livres","8":"tag-books","9":"tag-culture","10":"tag-divertissement","11":"tag-elisabeth-borne","12":"tag-entertainment","13":"tag-fr","14":"tag-france","15":"tag-livre","16":"tag-livres","17":"tag-ministere-de-l-education-nationale","18":"tag-politique"},"share_on_mastodon":{"url":"https:\/\/pubeurope.com\/@fr\/114692704463940062","error":""},"_links":{"self":[{"href":"https:\/\/www.europesays.com\/fr\/wp-json\/wp\/v2\/posts\/180646","targetHints":{"allow":["GET"]}}],"collection":[{"href":"https:\/\/www.europesays.com\/fr\/wp-json\/wp\/v2\/posts"}],"about":[{"href":"https:\/\/www.europesays.com\/fr\/wp-json\/wp\/v2\/types\/post"}],"author":[{"embeddable":true,"href":"https:\/\/www.europesays.com\/fr\/wp-json\/wp\/v2\/users\/2"}],"replies":[{"embeddable":true,"href":"https:\/\/www.europesays.com\/fr\/wp-json\/wp\/v2\/comments?post=180646"}],"version-history":[{"count":0,"href":"https:\/\/www.europesays.com\/fr\/wp-json\/wp\/v2\/posts\/180646\/revisions"}],"wp:featuredmedia":[{"embeddable":true,"href":"https:\/\/www.europesays.com\/fr\/wp-json\/wp\/v2\/media\/180647"}],"wp:attachment":[{"href":"https:\/\/www.europesays.com\/fr\/wp-json\/wp\/v2\/media?parent=180646"}],"wp:term":[{"taxonomy":"category","embeddable":true,"href":"https:\/\/www.europesays.com\/fr\/wp-json\/wp\/v2\/categories?post=180646"},{"taxonomy":"post_tag","embeddable":true,"href":"https:\/\/www.europesays.com\/fr\/wp-json\/wp\/v2\/tags?post=180646"}],"curies":[{"name":"wp","href":"https:\/\/api.w.org\/{rel}","templated":true}]}}