{"id":180660,"date":"2025-06-16T11:09:17","date_gmt":"2025-06-16T11:09:17","guid":{"rendered":"https:\/\/www.europesays.com\/fr\/180660\/"},"modified":"2025-06-16T11:09:17","modified_gmt":"2025-06-16T11:09:17","slug":"sfr-en-panne-impossible-de-capter-dans-plusieurs-villes","status":"publish","type":"post","link":"https:\/\/www.europesays.com\/fr\/180660\/","title":{"rendered":"SFR en panne : impossible de capter dans plusieurs villes"},"content":{"rendered":"<p>Selon DownDetector et plusieurs t\u00e9moignages recens\u00e9s par Numerama, le r\u00e9seau mobile de SFR, Red by SFR et d\u2019op\u00e9rateurs virtuels (Prixtel, Syma Mobile, La Poste Mobile, YouPrice\u2026) est fortement perturb\u00e9 lundi 16 juin. Plusieurs internautes ne captent plus aucune barre 4G ou 5G. Le r\u00e9seau fibre pourrait aussi \u00eatre concern\u00e9. <\/p>\n<p>SFR subit-il une panne nationale ? \u00c0 en croire les r\u00e9seaux sociaux le 16 juin 2025, l\u2019op\u00e9rateur au carr\u00e9 rouge rencontre de nombreux probl\u00e8mes en France. Plus de 2 000 personnes ont signal\u00e9 des pannes <a target=\"_blank\" href=\"https:\/\/downdetector.fr\/statut\/sfr\/\" rel=\"noopener\">sur DownDetector<\/a> autour de 12h00 le 16 juin, alors que les internautes rapportent des probl\u00e8mes depuis au moins 11h00. Les t\u00e9l\u00e9phones affichent \u00ab aucun signal\u00a0\u00bb, ce qui laisse penser que des antennes ne fonctionnent pas. Certaines personnes signalent aussi des probl\u00e8mes avec la fibre, sans certitudes pour l\u2019instant. <\/p>\n<p><a href=\"https:\/\/www.numerama.com\/wp-content\/uploads\/2025\/06\/screenshot-2025-06-16-at-122750.png\" target=\"_blank\" rel=\"noopener\"><img decoding=\"async\" width=\"1024\" height=\"654\" loading=\"lazy\" alt=\"Un pic de pannes SFR sur DownDetector.\" title=\"Un pic de pannes SFR sur DownDetector.\" class=\"wp-image-1992777 placeholder-default wp-image\" src=\"https:\/\/www.europesays.com\/fr\/wp-content\/uploads\/2025\/06\/screenshot-2025-06-16-at-122750-1024x654.png\" \/><\/a>Un pic de pannes SFR sur DownDetector. \/\/ Source : <a href=\"https:\/\/downdetector.fr\/statut\/sfr\/\" rel=\"nofollow noopener\" target=\"_blank\">Numerama<\/a><\/p>\n<p>Selon nos propres observations, des utilisateurs \u00e0 Rennes, Marseille et Paris ne peuvent pas recevoir d\u2019appels ou se connecter \u00e0 Internet en 4G\/5G. L\u2019op\u00e9rateur pourrait subir une panne nationale assez rare, avec de lourdes cons\u00e9quences. <\/p>\n<p><a href=\"https:\/\/www.numerama.com\/wp-content\/uploads\/2025\/06\/screenshot-2025-06-16-at-122949.png\" target=\"_blank\" rel=\"noopener\"><img decoding=\"async\" width=\"1024\" height=\"540\" loading=\"lazy\" alt=\"Sur Twitter, les internautes signalent des pannes chez SFR depuis environ 11 heures.\" title=\"Sur Twitter, les internautes signalent des pannes chez SFR depuis environ 11 heures.\" class=\"wp-image-1992779 placeholder-default wp-image\" src=\"https:\/\/www.europesays.com\/fr\/wp-content\/uploads\/2025\/06\/screenshot-2025-06-16-at-122949-1024x540.png\" \/><\/a>Sur Twitter, les internautes signalent des pannes chez SFR depuis environ 11 heures. \/\/ Source : Capture Numerama<\/p>\n<p>Des pannes dans toute la France : c\u2019est rare<\/p>\n<p>Selon d\u2019autres plateformes comme <a target=\"_blank\" href=\"https:\/\/www.zoneadsl.com\/reseau\/pannes?utm_source=twitter&amp;utm_medium=tweet&amp;utm_campaign=pannes&amp;utm_content=france\" rel=\"noopener\">Zone ADSL<\/a>, SFR est victime de tr\u00e8s nombreuses pannes le lundi 16 juin. Le nombre de signalements sur passe celui des autres op\u00e9rateurs avec un pic \u00e0 12h00. Les signalements semble concentr\u00e9s sur les grandes villes, ce qui sugg\u00e8re un probl\u00e8me national. <\/p>\n<p>            <img decoding=\"async\" width=\"1024\" height=\"396\" loading=\"lazy\" alt=\"BIT BOX 3\" title=\"BIT BOX 3\" class=\"is-block placeholder-default wp-image\" src=\"https:\/\/www.europesays.com\/fr\/wp-content\/uploads\/2025\/06\/bit-box-3-1024x396.jpg\" \/>        <\/p>\n<p>\n                Vos donn\u00e9es m\u00e9ritent d\u2019\u00eatre mieux prot\u00e9g\u00e9es.            <\/p>\n<p>\n                Les escroqueries, les virus et les ransomwares ne sont plus une fatalit\u00e9. Prot\u00e9gez votre vie priv\u00e9e et vos donn\u00e9es personnelles avec Bitdefender et profitez de votre vie num\u00e9rique en toute s\u00e9r\u00e9nit\u00e9.            <\/p>\n<p>Nous avons effectu\u00e9 le test en effectuant des appels entre num\u00e9ros SFR \u00e0 Paris : rien ne passe. Certains t\u00e9l\u00e9phones indiquent \u00eatre connect\u00e9s au r\u00e9seau, parfois en 2G\/3G, mais ne peuvent pas t\u00e9l\u00e9phoner ou acc\u00e9der \u00e0 Internet. Dans certains cas, \u00ab Aucun signal \u00bb remplace le nom de l\u2019op\u00e9rateur. <\/p>\n<p><a href=\"https:\/\/www.numerama.com\/wp-content\/uploads\/2025\/06\/screenshot-2025-06-16-at-123346.jpg\" target=\"_blank\" rel=\"noopener\"><img decoding=\"async\" width=\"1024\" height=\"523\" loading=\"lazy\" alt=\"Zone ADSL enregistre de nombreuses pannes chez SFR le 16 juin.\" title=\"Zone ADSL enregistre de nombreuses pannes chez SFR le 16 juin.\" class=\"wp-image-1992791 placeholder-default wp-image\" src=\"https:\/\/www.europesays.com\/fr\/wp-content\/uploads\/2025\/06\/screenshot-2025-06-16-at-123346-1024x523.jpg\" \/><\/a>Zone ADSL enregistre de nombreuses pannes chez SFR le 16 juin. \/\/ Source : Capture Numerama<\/p>\n<p>Sur la carte de DownDetector, on constate des pannes \u00e0 Lille, Paris, Nantes, Rennes, Lyon, Metz, Strasbourg, Bordeaux, Toulouse, Montpellier et Marseille. Certaines grandes villes semblent \u00e9pargn\u00e9es (Brest, Nice\u2026), mais il pourrait s\u2019agir d\u2019un probl\u00e8me d\u2019affichage. Des internautes en Corse ou en Bretagne signalent \u00e0 Numerama les m\u00eames probl\u00e8mes\/ <\/p>\n<p>En plus des cartes SIM SFR et Red by SFR, les op\u00e9rateurs virtuels (MVNO) comme Prixtel, qui utilisent le r\u00e9seau SFR, sont aussi concern\u00e9s. <\/p>\n<p><a href=\"https:\/\/www.numerama.com\/wp-content\/uploads\/2025\/06\/screenshot-2025-06-16-at-122835.jpg\" target=\"_blank\" rel=\"noopener\"><img decoding=\"async\" width=\"1024\" height=\"894\" loading=\"lazy\" alt=\"La carte des pannes SFR sur DownDetector.\" title=\"La carte des pannes SFR sur DownDetector.\" class=\"wp-image-1992775 placeholder-default wp-image\" src=\"https:\/\/www.europesays.com\/fr\/wp-content\/uploads\/2025\/06\/screenshot-2025-06-16-at-122835-1024x894.jpg\" \/><\/a>La carte des pannes SFR sur DownDetector. \/\/ Source : Capture Numerama<\/p>\n<p><a target=\"_blank\" href=\"https:\/\/x.com\/search?q=SFR&amp;src=typed_query&amp;f=live\">La recherche \u00ab SFR \u00bb sur Twitter<\/a> confirme l\u2019ampleur du probl\u00e8me, qui n\u2019a pour l\u2019instant pas \u00e9t\u00e9 confirm\u00e9 par l\u2019op\u00e9rateur : des centaines de personnes disent ne plus pouvoir communiquer.  <\/p>\n<p>Quand est-ce que la panne SFR sera r\u00e9par\u00e9e ? <\/p>\n<p>Une panne nationale sur un r\u00e9seau mobile est assez rare, ce qui sugg\u00e8re un probl\u00e8me important chez SFR. Les probl\u00e8mes sont g\u00e9n\u00e9ralement localis\u00e9s. L\u2019op\u00e9rateur avait pr\u00e9c\u00e9demment confirm\u00e9 une panne fixe avec un r\u00e9tablissement autour de 14 heures, mais semble avoir \u00e9t\u00e9 d\u00e9pass\u00e9 par la panne mobile survenue juste ensuite. <\/p>\n<p>\u00ab\u00a0Nous vous informons qu\u2019un incident technique impacte actuellement notre r\u00e9seau. Nos \u00e9quipes techniques sont pleinement mobilis\u00e9es pour r\u00e9tablir la situation. Nous vous prions de bien vouloir nous excuser pour la g\u00eane occasionn\u00e9e \u00bb, <a href=\"https:\/\/x.com\/SFR_SAV\/status\/1934568159299649801\" target=\"_blank\" rel=\"noreferrer noopener\">r\u00e9pond le service-client de SFR<\/a> sur les r\u00e9seaux sociaux aux messages signalant des pannes. <\/p>\n<p><a href=\"https:\/\/www.numerama.com\/wp-content\/uploads\/2025\/06\/screenshot-2025-06-16-at-130500.png\" target=\"_blank\" rel=\"noopener\"><img decoding=\"async\" width=\"1024\" height=\"461\" loading=\"lazy\" alt=\"M\u00eame le site qui signale les pannes est en panne.\" title=\"M\u00eame le site qui signale les pannes est en panne.\" class=\"wp-image-1992847 placeholder-default wp-image\" src=\"https:\/\/www.europesays.com\/fr\/wp-content\/uploads\/2025\/06\/screenshot-2025-06-16-at-130500-1024x461.png\" \/><\/a>M\u00eame le site qui signale les pannes est en panne. \/\/ Source : SFR<\/p>\n<p>Contact\u00e9 par Numerama, SFR n\u2019a pas encore donn\u00e9 suite \u00e0 notre appel. On peut imaginer que la panne concerne aussi le service de communication de l\u2019op\u00e9rateur, qui n\u2019a plus acc\u00e8s au t\u00e9l\u00e9phone. <\/p>\n<\/p>\n<p>            Ce contenu est bloqu\u00e9 car vous n\u2019avez pas accept\u00e9 les cookies et autres traceurs. Ce contenu est fourni par YouTube.<br \/>Pour pouvoir le visualiser, vous devez accepter l\u2019usage \u00e9tant op\u00e9r\u00e9 par YouTube avec vos donn\u00e9es qui pourront \u00eatre utilis\u00e9es pour les finalit\u00e9s suivantes : vous permettre de visualiser et de partager des contenus avec des m\u00e9dias sociaux, favoriser le d\u00e9veloppement et l\u2019am\u00e9lioration des produits d\u2019Humanoid et de ses partenaires, vous afficher des publicit\u00e9s personnalis\u00e9es par rapport \u00e0 votre profil et activit\u00e9, vous d\u00e9finir un profil publicitaire personnalis\u00e9, mesurer la performance des publicit\u00e9s et du contenu de ce site et mesurer l\u2019audience de ce site <a href=\"#\" class=\"js-privacy\" target=\"_blank\">(en savoir plus)<\/a>        <\/p>\n<p>            En cliquant sur \u00ab J\u2019accepte tout \u00bb, vous consentez aux finalit\u00e9s susmentionn\u00e9es pour l\u2019ensemble des cookies et autres traceurs d\u00e9pos\u00e9s par Humanoid et <a class=\"embed-consent-overlay-vendors-link\" href=\"#preferences-vendeurs\">ses partenaires<\/a>.        <\/p>\n<p>            Vous gardez la possibilit\u00e9 de retirer votre consentement \u00e0 tout moment. Pour plus d\u2019informations, nous vous invitons \u00e0 prendre connaissance de notre <a href=\"https:\/\/www.numerama.com\/politique-cookies\" target=\"_blank\" rel=\"noopener\">Politique cookies<\/a>.        <\/p>\n<p>        J\u2019accepte tout    <\/p>\n<p class=\"embed-consent-overlay-manage-choices\">        <a href=\"#preferences-publicitaires\">G\u00e9rer mes choix<\/a>    <\/p>\n<p>            <img decoding=\"async\" src=\"https:\/\/www.europesays.com\/fr\/wp-content\/uploads\/2025\/04\/iPhone-16-pro.png\" alt=\"Toute l'actu tech en un clien d'oeil\"\/><\/p>\n<p class=\"card-install-pwa__title\">Toute l&rsquo;actu tech en un clin d&rsquo;\u0153il<\/p>\n<p class=\"card-install-pwa__description\">Ajoutez Numerama \u00e0 votre \u00e9cran d&rsquo;accueil et restez connect\u00e9s au futur !<\/p>\n<p>            <img decoding=\"async\" src=\"https:\/\/www.numerama.com\/wp-content\/themes\/numerama-next\/assets\/images\/premium\/logo-card-pwa-coupe.svg\" alt=\"Logo PWA\"\/><\/p>\n<p>       Installer Numerama<\/p>\n","protected":false},"excerpt":{"rendered":"Selon DownDetector et plusieurs t\u00e9moignages recens\u00e9s par Numerama, le r\u00e9seau mobile de SFR, Red by SFR et d\u2019op\u00e9rateurs&hellip;\n","protected":false},"author":2,"featured_media":180661,"comment_status":"","ping_status":"","sticky":false,"template":"","format":"standard","meta":{"footnotes":""},"categories":[6],"tags":[270,35,33,34,1011,27,10899,740],"class_list":{"0":"post-180660","1":"post","2":"type-post","3":"status-publish","4":"format-standard","5":"has-post-thumbnail","7":"category-economie","8":"tag-breaking","9":"tag-business","10":"tag-economie","11":"tag-economy","12":"tag-fr","13":"tag-france","14":"tag-panne","15":"tag-sfr"},"share_on_mastodon":{"url":"https:\/\/pubeurope.com\/@fr\/114692736113978556","error":""},"_links":{"self":[{"href":"https:\/\/www.europesays.com\/fr\/wp-json\/wp\/v2\/posts\/180660","targetHints":{"allow":["GET"]}}],"collection":[{"href":"https:\/\/www.europesays.com\/fr\/wp-json\/wp\/v2\/posts"}],"about":[{"href":"https:\/\/www.europesays.com\/fr\/wp-json\/wp\/v2\/types\/post"}],"author":[{"embeddable":true,"href":"https:\/\/www.europesays.com\/fr\/wp-json\/wp\/v2\/users\/2"}],"replies":[{"embeddable":true,"href":"https:\/\/www.europesays.com\/fr\/wp-json\/wp\/v2\/comments?post=180660"}],"version-history":[{"count":0,"href":"https:\/\/www.europesays.com\/fr\/wp-json\/wp\/v2\/posts\/180660\/revisions"}],"wp:featuredmedia":[{"embeddable":true,"href":"https:\/\/www.europesays.com\/fr\/wp-json\/wp\/v2\/media\/180661"}],"wp:attachment":[{"href":"https:\/\/www.europesays.com\/fr\/wp-json\/wp\/v2\/media?parent=180660"}],"wp:term":[{"taxonomy":"category","embeddable":true,"href":"https:\/\/www.europesays.com\/fr\/wp-json\/wp\/v2\/categories?post=180660"},{"taxonomy":"post_tag","embeddable":true,"href":"https:\/\/www.europesays.com\/fr\/wp-json\/wp\/v2\/tags?post=180660"}],"curies":[{"name":"wp","href":"https:\/\/api.w.org\/{rel}","templated":true}]}}