{"id":180666,"date":"2025-06-16T11:13:09","date_gmt":"2025-06-16T11:13:09","guid":{"rendered":"https:\/\/www.europesays.com\/fr\/180666\/"},"modified":"2025-06-16T11:13:09","modified_gmt":"2025-06-16T11:13:09","slug":"saint-etienne-rive-de-gier-plusieurs-fermetures-a-prevoir-sur-la47-et-la-rn88","status":"publish","type":"post","link":"https:\/\/www.europesays.com\/fr\/180666\/","title":{"rendered":"Saint-\u00c9tienne \/ Rive-de-Gier : plusieurs fermetures \u00e0 pr\u00e9voir sur l&rsquo;A47 et la RN88"},"content":{"rendered":"<p>Voies neutralis\u00e9es, circulation coup\u00e9e : plusieurs chantiers sont men\u00e9s cette semaine sur les grands axes de la Loire. Tour d&rsquo;horizon des perturbations \u00e0 pr\u00e9voir sur l&rsquo;A47 et la RN88.<\/p>\n<p>Vous en avez pris l&rsquo;habitude d\u00e9sormais, des travaux sont men\u00e9s sur l&rsquo;<b>A47<\/b> \u00e0 hauteur de <b>Saint-Chamond<\/b>, en direction de Lyon, jusqu&rsquo;au 11 septembre. Avec des voies r\u00e9duites et une limitation de vitesse abaiss\u00e9e \u00e0 70 km\/h.<\/p>\n<p>\u00c0 noter que la voie de droite sera neutralis\u00e9e dans ce secteur, ce lundi 16 juin, de 9h \u00e0 16h, ce qui provoque quelques ralentissements. M\u00eame chose<b> mercredi 18<\/b> et<b> jeudi 19 juin<\/b>, de 21h \u00e0 6h. Enfin, \u00e0 <b>Lorette<\/b>, la voie de droite sera neutralis\u00e9e en direction de Lyon, la journ\u00e9e du <b>mardi 17 juin<\/b>, de 9h \u00e0 16h.<\/p>\n<p>Autre chantier, cette fois dans le secteur de <b>Rive-de-Gier<\/b>, en direction de Saint-\u00c9tienne. La DIR Centre-Est proc\u00e8de \u00e9galement des travaux d&rsquo;\u00e9largissement de la bande d&rsquo;arr\u00eat d&rsquo;urgence, jusqu&rsquo;au 9 juillet. Outre la r\u00e9duction des voies et l&rsquo;abaissement de la limitation de vitesse, l&rsquo;A47 sera ferm\u00e9e les nuits du <b>mardi 17<\/b>, <b>mercredi 18<\/b> et <b>jeudi 19 juin<\/b>, de 21h \u00e0 5h30.<\/p>\n<p>Le tunnel du Rond-Point ferm\u00e9 quatre nuits<\/p>\n<p>Par ailleurs, sur la <b>RN88<\/b>, des travaux d&rsquo;entretien du <b>tunnel du Rond-Point<\/b> sont pr\u00e9vus \u00e0 <b>Saint-\u00c9tienne<\/b>. La circulation sera interrompue jusqu&rsquo;\u00e0 l&rsquo;\u00e9changeur \u00ab\u00a0La Rivi\u00e8re\u00a0\u00bb, en direction de Firminy, les nuits du <b>lundi 16<\/b>, <b>mardi 17<\/b>, <b>mercredi 18<\/b> et <b>jeudi 19 juin<\/b>, de 20h30 \u00e0 5h30. Dans l&rsquo;autre sens, la circulation s&rsquo;effectuera sur une seule voie.<\/p>\n<p>Enfin, la voie de droite sera neutralis\u00e9e entre <b>Terrenoire<\/b> et <b>Saint-Chamond<\/b>, en direction de Lyon, les nuits du mercredi 18 et jeudi 19 juin, de 21h \u00e0 6h.<\/p>\n<p><img loading=\"lazy\" decoding=\"async\" src=\"https:\/\/www.europesays.com\/fr\/wp-content\/uploads\/2025\/06\/1750072389_81_img\" width=\"350\" height=\"200\" border=\"0\" title=\"Le restaurant Saveurs Dom-Tom ferm\u00c3\u00a9 pour \" de=\"\" graves=\"\" non-conformit=\"\" saint-=\"\"\/><\/p>\n<p>\u25baConso<\/p>\n<p style=\"font-size: 22px;\"><b>Insalubrit\u00e9, pr\u00e9sence de nuisibles : un restaurant de Saint-\u00c9tienne ferm\u00e9 apr\u00e8s un contr\u00f4le<\/b><\/p>\n<p>La pr\u00e9fecture de la Loire annonce, ce lundi 16&#8230;<\/p>\n<p><\/p>\n","protected":false},"excerpt":{"rendered":"Voies neutralis\u00e9es, circulation coup\u00e9e : plusieurs chantiers sont men\u00e9s cette semaine sur les grands axes de la Loire.&hellip;\n","protected":false},"author":2,"featured_media":98814,"comment_status":"","ping_status":"","sticky":false,"template":"","format":"standard","meta":{"footnotes":""},"categories":[9653],"tags":[15291,1111,11,2430,4107,31809,1777,674,13407,1011,27,18870,12,25,15293,15292,20997,9920,9669,4001,2086],"class_list":{"0":"post-180666","1":"post","2":"type-post","3":"status-publish","4":"format-standard","5":"has-post-thumbnail","7":"category-saint-etienne","8":"tag-a47","9":"tag-actu","10":"tag-actualites","11":"tag-auvergne-rhone-alpes","12":"tag-chantier","13":"tag-dir-centre-est","14":"tag-eu","15":"tag-europe","16":"tag-fermeture","17":"tag-fr","18":"tag-france","19":"tag-lorette","20":"tag-news","21":"tag-republique-francaise","22":"tag-rive-de-gier","23":"tag-rn88","24":"tag-rond-point","25":"tag-saint-tienne","26":"tag-saint-chamond","27":"tag-saint-etienne","28":"tag-travaux"},"share_on_mastodon":{"url":"https:\/\/pubeurope.com\/@fr\/114692752040030136","error":""},"_links":{"self":[{"href":"https:\/\/www.europesays.com\/fr\/wp-json\/wp\/v2\/posts\/180666","targetHints":{"allow":["GET"]}}],"collection":[{"href":"https:\/\/www.europesays.com\/fr\/wp-json\/wp\/v2\/posts"}],"about":[{"href":"https:\/\/www.europesays.com\/fr\/wp-json\/wp\/v2\/types\/post"}],"author":[{"embeddable":true,"href":"https:\/\/www.europesays.com\/fr\/wp-json\/wp\/v2\/users\/2"}],"replies":[{"embeddable":true,"href":"https:\/\/www.europesays.com\/fr\/wp-json\/wp\/v2\/comments?post=180666"}],"version-history":[{"count":0,"href":"https:\/\/www.europesays.com\/fr\/wp-json\/wp\/v2\/posts\/180666\/revisions"}],"wp:featuredmedia":[{"embeddable":true,"href":"https:\/\/www.europesays.com\/fr\/wp-json\/wp\/v2\/media\/98814"}],"wp:attachment":[{"href":"https:\/\/www.europesays.com\/fr\/wp-json\/wp\/v2\/media?parent=180666"}],"wp:term":[{"taxonomy":"category","embeddable":true,"href":"https:\/\/www.europesays.com\/fr\/wp-json\/wp\/v2\/categories?post=180666"},{"taxonomy":"post_tag","embeddable":true,"href":"https:\/\/www.europesays.com\/fr\/wp-json\/wp\/v2\/tags?post=180666"}],"curies":[{"name":"wp","href":"https:\/\/api.w.org\/{rel}","templated":true}]}}