{"id":180681,"date":"2025-06-16T11:21:09","date_gmt":"2025-06-16T11:21:09","guid":{"rendered":"https:\/\/www.europesays.com\/fr\/180681\/"},"modified":"2025-06-16T11:21:09","modified_gmt":"2025-06-16T11:21:09","slug":"cest-lavenir-de-la-profession-le-premier-centre-hospitalier-pour-animaux-de-compagnie-en-normandie-a-ete-inaugure-pres-de-rouen","status":"publish","type":"post","link":"https:\/\/www.europesays.com\/fr\/180681\/","title":{"rendered":"\u00ab\u00a0C\u2019est l\u2019avenir de la profession\u00a0\u00bb\u00a0: le premier centre hospitalier pour animaux de compagnie en Normandie a \u00e9t\u00e9 inaugur\u00e9 pr\u00e8s de Rouen"},"content":{"rendered":"<p class=\"paragraph text_align_left\">Ce jeudi 12 juin 2025, le temps \u00e9tait venu d\u2019inaugurer Vivanima, le premier centre hospitalier v\u00e9t\u00e9rinaire pour animaux de compagnie en Normandie, situ\u00e9 \u00e0 Mesnil-Esnard (Seine-Maritime) et qui a commenc\u00e9 \u00e0 accueillir des patients en mars dernier. Une structure n\u00e9cessaire pour de nombreux propri\u00e9taires, \u00ab car ils sont vraiment pr\u00e8s \u00e0 beaucoup de sacrifices pour leurs animaux de compagnie. Ils ne regardent plus \u00e0 la d\u00e9pense si on leur propose des soins comme pour les humains \u00bb, souligne Beno\u00eet Grosfils, pr\u00e9sident du conseil r\u00e9gional de l\u2019ordre des v\u00e9t\u00e9rinaires de Normandie, venu visiter les locaux.<\/p>\n<p class=\"paragraph text_align_left\">Si <a href=\"https:\/\/www.leparisien.fr\/animaux\/bien-etre-des-animaux-de-compagnie-ce-que-contient-le-plan-du-gouvernement-21-05-2024-BZXGYAUVIVAKDOK2VWFQFFTQFY.php\" target=\"_blank\" rel=\"noreferrer noopener\">de nombreux animaux sont encore abandonn\u00e9s chaque ann\u00e9e<\/a>, plus d\u2019un Fran\u00e7ais sur deux poss\u00e8de au moins un animal de compagnie, <a href=\"https:\/\/www.leparisien.fr\/economie\/consommation\/nourriture-soins-combien-vous-coute-votre-animal-de-compagnie-22-03-2025-WTETTHD7CJGWJPJM7DX5E3MJBU.php\" target=\"_blank\" rel=\"noopener\">d\u2019apr\u00e8s une \u00e9tude r\u00e9alis\u00e9e par Buzzpress pour Yomoni et publi\u00e9e en mars dernier<\/a>. Pour un co\u00fbt annuel non n\u00e9gligeable, qui \u00e9tait en moyenne de 1 224 euros en 2022, <a href=\"https:\/\/www.leparisien.fr\/animaux\/je-me-serre-la-ceinture-mais-pas-touche-au-budget-croquettes-linflation-tourmente-les-proprietaires-danimaux-31-08-2022-AQVTFCEW6BFJDLBHKXB7XHB6LA.php\" target=\"_blank\" rel=\"noreferrer noopener\">d\u2019apr\u00e8s une \u00e9tude Harris qui estimait les d\u00e9penses de sant\u00e9 \u00e0 148 euros<\/a>. Ces co\u00fbts sont cependant variables : les 30 % de ma\u00eetres de chiens d\u00e9pensent plus que les 39 % qui ont un chat pour compagnon.<\/p>\n<p class=\"paragraph text_align_left\">C\u2019est pour r\u00e9pondre \u00e0 cette demande croissante que s\u2019est constitu\u00e9 le nouveau centre hospitalier v\u00e9t\u00e9rinaire de Mesnil-Esnard. Mais obtenir le feu vert de l\u2019ordre n\u00e9cessite du mat\u00e9riel et des comp\u00e9tences tr\u00e8s particuli\u00e8res, avec du personnel sp\u00e9cialement form\u00e9. Le projet a ainsi \u00e9t\u00e9 d\u00e9velopp\u00e9 durant trois ans, \u00e0 l\u2019initiative six v\u00e9t\u00e9rinaires ind\u00e9pendants de la commune voisine de Boos (Seine-Maritime), avec l\u2019objectif de s\u00e9parer les sp\u00e9cialit\u00e9s.<\/p>\n<p>Chiens, chats, et bient\u00f4t d\u2019autres esp\u00e8ces<\/p>\n<p class=\"paragraph text_align_left\">C\u2019est chose faite depuis le 3 mars dernier, avec \u00ab 30 v\u00e9t\u00e9rinaires et 35 auxiliaires qui accueillent dans le cadre d\u2019un parcours de soins exclusivement les chiens et les chats envoy\u00e9s par les v\u00e9t\u00e9rinaires g\u00e9n\u00e9ralistes de toute la Normandie et de l\u2019ouest parisien pour des cas compliqu\u00e9s, parce qu\u2019ils n\u2019ont pas les comp\u00e9tences ou les \u00e9quipements n\u00e9cessaires \u00bb, d\u00e9veloppe Adrian Christinelli, pr\u00e9sident de Vivanima et v\u00e9t\u00e9rinaire depuis 20 ans.<\/p>\n<p class=\"paragraph text_align_left\">L\u2019h\u00f4pital se pr\u00e9pare cependant \u00e0 \u00e9tendre son champ de comp\u00e9tence, continue-t-il : \u00ab D\u00e8s septembre, nous soignerons aussi les NAC (nouveaux animaux de compagnie, NDLR) comme les lapins, les petits rongeurs dont les rats, les \u00e9cureuils, les furets, les reptiles et les petits oiseaux. Par contre, nous ne faisons pas les animaux de la ferme, les chevaux et les animaux sauvages. \u00bb<\/p>\n<p class=\"paragraph text_align_left\">Les animaux sont accueillis sur le site de 2 500 m2 compos\u00e9 de 16 salles de consultations, 200 places d\u2019hospitalisation, quatre blocs de chirurgie dite propre, d\u2019immenses chenils, d\u2019une IRM, d\u2019un scanner, d\u2019une salle de chimioth\u00e9rapie, d\u2019une autre pour la chirurgie dentaire et d\u2019appareils d\u2019\u00e9chographie derni\u00e8re g\u00e9n\u00e9ration, \u00ab mais aussi d\u2019un service d\u2019urgence qui fonctionne 7 jours sur 7 et 24 heures sur 24 \u00bb, compl\u00e8te Adrian Christinelli.<\/p>\n<p>\u00ab L\u2019animal est un membre de la famille \u00bb<\/p>\n<p class=\"paragraph text_align_left\">Au total, 17 sp\u00e9cialit\u00e9s v\u00e9t\u00e9rinaires sont repr\u00e9sent\u00e9es, dont la cardiologie, la reproduction ou la psychiatrie. \u00ab Nous proposons aussi la physioth\u00e9rapie et r\u00e9\u00e9ducation fonctionnelle avec une piscine pour des soins hydrothermiques \u00bb, rench\u00e9rit le v\u00e9t\u00e9rinaire. \u00ab Nous r\u00e9pondons \u00e0 la demande, car l\u2019animal est un membre de la famille. On parle de pet-parents. Cela d\u00e9crit la relation \u00e9motionnelle qui existe entre l\u2019humain et son animal et la fa\u00e7on de prendre en charge son hospitalisation. Il est loin <a href=\"https:\/\/www.leparisien.fr\/animaux\/euthanasie-de-convenance-cinq-questions-sur-le-sort-que-reservait-alain-delon-a-son-chien-loubo-21-08-2024-YVLEGEEUHFDFLF6Y25VF5XMCMM.php\" target=\"_blank\" rel=\"noreferrer noopener\">le temps o\u00f9 on endormait facilement<\/a>. On va de plus en plus loin dans la recherche d\u2019une solution de soin. C\u2019est pour cela que des centres comme le n\u00f4tre sont amen\u00e9s \u00e0 se d\u00e9velopper. Et, depuis l\u2019ouverture, \u00e7a marche. \u00bb<\/p>\n<p class=\"paragraph text_align_left\">Apr\u00e8s sa visite des locaux, Benoit Grosfils avoue \u00ab \u00eatre impressionn\u00e9 par l\u2019\u00e9tablissement, grand, fonctionnel, moderne, avec des \u00e9quipements \u00e0 la pointe de la technologie dont une superbe IRM. C\u2019est utile, car cela manquait dans la r\u00e9gion \u00bb.<\/p>\n<p class=\"paragraph text_align_left\">Le pr\u00e9sident du conseil r\u00e9gional de l\u2019ordre des v\u00e9t\u00e9rinaires de Normandie pr\u00e9dit un grand succ\u00e8s \u00e0 cet h\u00f4pital, et appelle m\u00eame \u00e0 en lancer un sur le secteur de Caen. \u00ab En plus, c\u2019est beau que ce soient des v\u00e9t\u00e9rinaires lib\u00e9raux et pas des groupes financiers, des vendeurs de croquettes qui aient pu investir et mener \u00e0 bien cette offre de m\u00e9decine. C\u2019est l\u2019avenir de la profession \u00bb, se r\u00e9jouit-il.<\/p>\n","protected":false},"excerpt":{"rendered":"Ce jeudi 12 juin 2025, le temps \u00e9tait venu d\u2019inaugurer Vivanima, le premier centre hospitalier v\u00e9t\u00e9rinaire pour animaux&hellip;\n","protected":false},"author":2,"featured_media":180682,"comment_status":"","ping_status":"","sticky":false,"template":"","format":"standard","meta":{"footnotes":""},"categories":[9587],"tags":[1111,11,1867,459,1777,674,1011,27,12,5161,25,9590,11074],"class_list":{"0":"post-180681","1":"post","2":"type-post","3":"status-publish","4":"format-standard","5":"has-post-thumbnail","7":"category-rouen","8":"tag-actu","9":"tag-actualites","10":"tag-animaux","11":"tag-departements-horsidfo","12":"tag-eu","13":"tag-europe","14":"tag-fr","15":"tag-france","16":"tag-news","17":"tag-normandie","18":"tag-republique-francaise","19":"tag-rouen","20":"tag-seine-maritime-76"},"share_on_mastodon":{"url":"https:\/\/pubeurope.com\/@fr\/114692783071921360","error":""},"_links":{"self":[{"href":"https:\/\/www.europesays.com\/fr\/wp-json\/wp\/v2\/posts\/180681","targetHints":{"allow":["GET"]}}],"collection":[{"href":"https:\/\/www.europesays.com\/fr\/wp-json\/wp\/v2\/posts"}],"about":[{"href":"https:\/\/www.europesays.com\/fr\/wp-json\/wp\/v2\/types\/post"}],"author":[{"embeddable":true,"href":"https:\/\/www.europesays.com\/fr\/wp-json\/wp\/v2\/users\/2"}],"replies":[{"embeddable":true,"href":"https:\/\/www.europesays.com\/fr\/wp-json\/wp\/v2\/comments?post=180681"}],"version-history":[{"count":0,"href":"https:\/\/www.europesays.com\/fr\/wp-json\/wp\/v2\/posts\/180681\/revisions"}],"wp:featuredmedia":[{"embeddable":true,"href":"https:\/\/www.europesays.com\/fr\/wp-json\/wp\/v2\/media\/180682"}],"wp:attachment":[{"href":"https:\/\/www.europesays.com\/fr\/wp-json\/wp\/v2\/media?parent=180681"}],"wp:term":[{"taxonomy":"category","embeddable":true,"href":"https:\/\/www.europesays.com\/fr\/wp-json\/wp\/v2\/categories?post=180681"},{"taxonomy":"post_tag","embeddable":true,"href":"https:\/\/www.europesays.com\/fr\/wp-json\/wp\/v2\/tags?post=180681"}],"curies":[{"name":"wp","href":"https:\/\/api.w.org\/{rel}","templated":true}]}}