{"id":18069,"date":"2025-04-11T19:25:20","date_gmt":"2025-04-11T19:25:20","guid":{"rendered":"https:\/\/www.europesays.com\/fr\/18069\/"},"modified":"2025-04-11T19:25:20","modified_gmt":"2025-04-11T19:25:20","slug":"cette-formation-gratuite-est-le-meilleur-moyen-de-retrouver-un-emploi-stable","status":"publish","type":"post","link":"https:\/\/www.europesays.com\/fr\/18069\/","title":{"rendered":"cette formation gratuite est le meilleur moyen de retrouver un emploi stable"},"content":{"rendered":"<p class=\"articleHead-lead\">\n            Cette ann\u00e9e, France Travail intensifie la pr\u00e9paration op\u00e9rationnelle \u00e0 l\u2019emploi individuelle. Une formation de quelques mois qui s\u2019accompagne obligatoirement d\u2019une promesse d\u2019embauche. Le tout, en continuant de toucher le ch\u00f4mage.\n        <\/p>\n<p>            <img decoding=\"async\"  src=\"https:\/\/www.europesays.com\/fr\/wp-content\/uploads\/2025\/04\/1744399520_688_picture.jpg\"  class=\"apply-ratio\" alt=\"\"\/><\/p>\n<p>\n                                            \u00a9 Illustration Capital \/ Freepik<\/p>\n<ul class=\"articleMainFollow-list\">\n<li class=\"articleMainFollow-item\">\n<p>                        Sauvegarder<\/p>\n<p>                        Sauvegard\u00e9<\/p>\n<\/li>\n<li class=\"articleMainFollow-item\">\n<\/li>\n<\/ul>\n<p>\n                    Recevoir les alertes Formation\n                <\/p>\n<p><strong>2,43 millions. <\/strong>C\u2019est le nombre d\u2019embauches pr\u00e9vues cette ann\u00e9e, selon l\u2019enqu\u00eate annuelle de France Travail sur les besoins en main-d&rsquo;\u0153uvre en 2025, publi\u00e9e ce vendredi 11 avril. Un chiffre en baisse de 12,5% en un an, qui se traduit concr\u00e8tement par \u00ab350 000 projets de recrutements en moins en 2024\u00bb, alerte Cyril Nouveau, directeur de l\u2019activit\u00e9 statistique chez l\u2019ex-P\u00f4le emploi. Il faut dire que l\u2019instabilit\u00e9 politique <strong>post-dissolution de l\u2019Assembl\u00e9e nationale<\/strong> et les r\u00e9centes secousses de la <strong>guerre commerciale<\/strong> n\u2019incitent pas franchement \u00e0 l\u2019audace.<\/p>\n<p>Dans ce contexte peu pr\u00e9visible, les entreprises naviguent \u00e0 vue, et g\u00e8lent en partie leurs embauches. Et m\u00eame lorsqu\u2019ils souhaitent recruter, les patrons ne d\u00e9bordent pas d\u2019enthousiasme. \u00abEn 2025, <strong>un projet d\u2019embauche sur deux<\/strong> est jug\u00e9 difficile [par les employeurs]\u00bb, pr\u00e9voit France Travail. Pas assez de candidats, des profils qui ne correspondent pas \u00e0 l\u2019offre\u2026 Pr\u00e8s de 8 employeurs sur 10 (79%) redoutent des CV inadapt\u00e9s aux besoins du poste.<\/p>\n<p>La pr\u00e9paration op\u00e9rationnelle \u00e0 l\u2019emploi individuelle<\/p>\n<p>Pour r\u00e9pondre \u00e0 cette d\u00e9licate \u00e9quation, France Travail \u00abmettra tout le poids du corps sur les dispositifs qui sont les plus efficaces\u00bb, assure Aymeric Morin, directeur g\u00e9n\u00e9ral adjoint de l\u2019offre de services de France Travail. En premi\u00e8re ligne, la <strong>pr\u00e9paration op\u00e9rationnelle \u00e0 l\u2019emploi individuelle<\/strong>, plus connue sous le nom de POEI. Le principe ? Un employeur identifie un demandeur d\u2019emploi inscrit chez France Travail, puis con\u00e7oit avec l\u2019op\u00e9rateur public un <strong>parcours de formation sur-mesure<\/strong>, en lien avec un organisme agr\u00e9\u00e9. L\u2019id\u00e9e est de combler les \u00e9carts de comp\u00e9tences avant m\u00eame l\u2019embauche, gr\u00e2ce \u00e0 une formation cibl\u00e9e, gratuite pour le candidat, et \u00abd\u2019une dur\u00e9e comprise entre 400 \u00e0 600 heures, selon les besoins\u00bb, chiffre Aymeric Morin.<\/p>\n<p>        \u00c0 lire aussi :<br \/>\n        <a class=\"articleToRead-link\" href=\"https:\/\/www.capital.fr\/votre-carriere\/france-travail-les-10-metiers-les-plus-recherches-par-les-entreprises-sur-lex-pole-emploi-1511555\" data-wide=\"\" target=\"_blank\" rel=\"noopener\"><br \/>\n            France Travail : les 10 m\u00e9tiers les plus recherch\u00e9s par les entreprises sur l\u2019ex-P\u00f4le emploi<br \/>\n        <\/a><\/p>\n<p>Notez \u00e9galement que pendant toute la formation \u2014 entre deux mois et demi et quatre mois \u2014, vous continuez de percevoir vos <a href=\"https:\/\/www.capital.fr\/votre-carriere\/aide-retour-emploi-1395412\" target=\"_blank\" rel=\"noopener\">allocations ch\u00f4mage<\/a>. A condition, bien s\u00fbr, d\u2019y avoir encore droit. Le montant reste identique \u00e0 celui per\u00e7u avant l\u2019entr\u00e9e en formation, puisqu\u2019il est calcul\u00e9 sur la base de votre dernier salaire. Quant \u00e0 ceux qui auraient d\u00e9j\u00e0 \u00e9puis\u00e9 leurs droits, la <strong>r\u00e9mun\u00e9ration de formation P\u00f4le emploi<\/strong> (RFPE) prend le relais. Vers\u00e9e sous conditions, <a href=\"https:\/\/www.francetravail.fr\/candidat\/en-formation\/les-dispositifs\/la-remuneration-des-formations-d.html\" target=\"_blank\" rel=\"noopener\">elle d\u00e9pend de votre \u00e2ge et votre situation personnelle<\/a>.<\/p>\n<p>\u00abLe dispositif de formation au meilleur taux de retour \u00e0 l\u2019emploi\u00bb<\/p>\n<p>Mais le vrai atout de cette m\u00e9thode, c\u2019est s\u00fbrement la <a href=\"https:\/\/www.capital.fr\/votre-carriere\/promesse-d-embauche-valeur-forme-1117145\" target=\"_blank\" rel=\"noopener\">promesse d\u2019embauche<\/a> sign\u00e9e par l\u2019employeur avant m\u00eame le d\u00e9but de la formation. Et ce, pour <strong>un contrat d\u2019au moins six mois<\/strong>. R\u00e9sultat : \u00ab8 b\u00e9n\u00e9ficiaires sur 10 sont toujours en poste six mois apr\u00e8s la fin de la formation\u00bb, souligne Aymeric Morin, qui n\u2019h\u00e9site pas \u00e0 pr\u00e9senter la POEI comme \u00able dispositif de formation au meilleur taux de retour \u00e0 l\u2019emploi\u00bb. Conscients de cette <strong>jolie performance<\/strong>, les responsables de <a href=\"https:\/\/www.capital.fr\/votre-carriere\/inscription-a-pole-emploi-la-procedure-pour-demander-des-indemnites-chomage-1292733\" target=\"_blank\" rel=\"noopener\">France Travail<\/a> ont d\u00e9cid\u00e9 d\u2019y consacrer la moiti\u00e9 de leur budget formation en 2025. Objectif : augmenter de 6% le nombre de b\u00e9n\u00e9ficiaires, qui s\u2019\u00e9levait d\u00e9j\u00e0 \u00e0 106 000 l\u2019an dernier. Pour esp\u00e9rer aller encore plus vite, \u00abdes <strong>pistes de cofinancement avec les entreprises<\/strong>\u00bb seraient m\u00eame \u00e0 l\u2019\u00e9tude, glisse le directeur adjoint\u2026<\/p>\n<p><a href=\"https:\/\/formation-professionnelle.capital.fr\/\" target=\"_blank\" rel=\"noopener\">&gt;&gt; Notre service &#8211; Trouvez la formation professionnelle qui dopera ou r\u00e9orientera votre carri\u00e8re gr\u00e2ce \u00e0 notre moteur de recherche sp\u00e9cialis\u00e9 (Commercial, Management, Gestion de projet, Langues, Sant\u00e9 \u2026) et entrez en contact avec un conseiller pour vous guider dans votre choix<\/a><\/p>\n<p>        Recevez nos derni\u00e8res news<\/p>\n<p>        Emploi, management, droits, chaque semaine <b>l\u2019actualit\u00e9 de votre carri\u00e8re<\/b>.<\/p>\n","protected":false},"excerpt":{"rendered":"Cette ann\u00e9e, France Travail intensifie la pr\u00e9paration op\u00e9rationnelle \u00e0 l\u2019emploi individuelle. Une formation de quelques mois qui s\u2019accompagne&hellip;\n","protected":false},"author":2,"featured_media":18070,"comment_status":"","ping_status":"","sticky":false,"template":"","format":"standard","meta":{"footnotes":""},"categories":[4],"tags":[11,7219,341,1119,1011,27,530,12,25],"class_list":{"0":"post-18069","1":"post","2":"type-post","3":"status-publish","4":"format-standard","5":"has-post-thumbnail","7":"category-france","8":"tag-actualites","9":"tag-chu00f4mage","10":"tag-emploi","11":"tag-formation","12":"tag-fr","13":"tag-france","14":"tag-france-travail","15":"tag-news","16":"tag-republique-francaise"},"share_on_mastodon":{"url":"https:\/\/pubeurope.com\/@fr\/114320973728306228","error":""},"_links":{"self":[{"href":"https:\/\/www.europesays.com\/fr\/wp-json\/wp\/v2\/posts\/18069","targetHints":{"allow":["GET"]}}],"collection":[{"href":"https:\/\/www.europesays.com\/fr\/wp-json\/wp\/v2\/posts"}],"about":[{"href":"https:\/\/www.europesays.com\/fr\/wp-json\/wp\/v2\/types\/post"}],"author":[{"embeddable":true,"href":"https:\/\/www.europesays.com\/fr\/wp-json\/wp\/v2\/users\/2"}],"replies":[{"embeddable":true,"href":"https:\/\/www.europesays.com\/fr\/wp-json\/wp\/v2\/comments?post=18069"}],"version-history":[{"count":0,"href":"https:\/\/www.europesays.com\/fr\/wp-json\/wp\/v2\/posts\/18069\/revisions"}],"wp:featuredmedia":[{"embeddable":true,"href":"https:\/\/www.europesays.com\/fr\/wp-json\/wp\/v2\/media\/18070"}],"wp:attachment":[{"href":"https:\/\/www.europesays.com\/fr\/wp-json\/wp\/v2\/media?parent=18069"}],"wp:term":[{"taxonomy":"category","embeddable":true,"href":"https:\/\/www.europesays.com\/fr\/wp-json\/wp\/v2\/categories?post=18069"},{"taxonomy":"post_tag","embeddable":true,"href":"https:\/\/www.europesays.com\/fr\/wp-json\/wp\/v2\/tags?post=18069"}],"curies":[{"name":"wp","href":"https:\/\/api.w.org\/{rel}","templated":true}]}}