{"id":180694,"date":"2025-06-16T11:29:09","date_gmt":"2025-06-16T11:29:09","guid":{"rendered":"https:\/\/www.europesays.com\/fr\/180694\/"},"modified":"2025-06-16T11:29:09","modified_gmt":"2025-06-16T11:29:09","slug":"renforcement-des-controles-aux-frontieres-une-nouvelle-initiative-de-strasbourg-et-kehl","status":"publish","type":"post","link":"https:\/\/www.europesays.com\/fr\/180694\/","title":{"rendered":"Renforcement des contr\u00f4les aux fronti\u00e8res : une nouvelle initiative de Strasbourg et Kehl"},"content":{"rendered":"<p class=\"st-surtitre\">\n            Jeanne Barseghian, maire de Strasbourg et Wolfram Britz, maire de Kehl, s\u2019adressent \u00e0 Brigitte Klinkert, co-pr\u00e9sidente du Bureau de l\u2019Assembl\u00e9e parlementaire franco-allemande.\n        <\/p>\n<p>En raison de la d\u00e9tresse croissante caus\u00e9e par le renforcement des contr\u00f4les \u00e0 la fronti\u00e8re entre la France et l\u2019Allemagne dans l\u2019agglom\u00e9ration Strasbourg-Kehl, <b>Jeanne Barseghian,<\/b> maire de Strasbourg, et son homologue de Kehl, <b>Wolfram Britz<\/b>, ont adress\u00e9 une lettre \u00e0 Brigitte Klinkert \u00e0 l\u2019occasion du 40e anniversaire de l\u2019accord de Schengen. La d\u00e9put\u00e9e fran\u00e7aise est co-pr\u00e9sidente du Bureau de l\u2019Assembl\u00e9e parlementaire franco-allemande.<\/p>\n<p>Dans leur lettre commune, les deux maires informent la d\u00e9put\u00e9e des cons\u00e9quences des contr\u00f4les renforc\u00e9s \u00e0 la fronti\u00e8re mis en \u0153uvre par le nouveau gouvernement f\u00e9d\u00e9ral allemand. En effet, les contr\u00f4les posent des difficult\u00e9s tr\u00e8s concr\u00e8tes dans le quotidien des habitants du bassin de vie rh\u00e9nan : temps de trajet allong\u00e9s pour se rendre au travail, que ce soit en voiture ou en transports en commun, difficult\u00e9 pour les enfants et adolescents qui doivent soudainement pr\u00e9senter leurs papiers d&rsquo;identit\u00e9 sur le chemin de l\u2019\u00e9cole, cons\u00e9quences n\u00e9gatives sur l\u2019\u00e9conomie locale et le commerce en particulier.<\/p>\n<p>La lettre commune adress\u00e9e au chancelier Friedrich Merz d\u00e9but mai \u00e9tant rest\u00e9e sans r\u00e9ponse \u00e0 ce jour, Jeanne Barseghian et Wolfram Britz demandent \u00e0 Brigitte Klinkert d&rsquo;intervenir, par l&rsquo;interm\u00e9diaire de l\u2019Assembl\u00e9e parlementaire franco-allemande, afin que l&rsquo;intensit\u00e9 des contr\u00f4les soit ramen\u00e9e au niveau qui pr\u00e9valait avant le 8 mai 2025.<\/p>\n","protected":false},"excerpt":{"rendered":"Jeanne Barseghian, maire de Strasbourg et Wolfram Britz, maire de Kehl, s\u2019adressent \u00e0 Brigitte Klinkert, co-pr\u00e9sidente du Bureau&hellip;\n","protected":false},"author":2,"featured_media":180695,"comment_status":"","ping_status":"","sticky":false,"template":"","format":"standard","meta":{"footnotes":""},"categories":[2820],"tags":[1111,11,11925,1777,674,21364,1011,27,775,12,25,640,2803],"class_list":{"0":"post-180694","1":"post","2":"type-post","3":"status-publish","4":"format-standard","5":"has-post-thumbnail","7":"category-strasbourg","8":"tag-actu","9":"tag-actualites","10":"tag-deplacement","11":"tag-eu","12":"tag-europe","13":"tag-europe-et-international","14":"tag-fr","15":"tag-france","16":"tag-grand-est","17":"tag-news","18":"tag-republique-francaise","19":"tag-strasbourg","20":"tag-transport"},"share_on_mastodon":{"url":"https:\/\/pubeurope.com\/@fr\/114692814482639375","error":""},"_links":{"self":[{"href":"https:\/\/www.europesays.com\/fr\/wp-json\/wp\/v2\/posts\/180694","targetHints":{"allow":["GET"]}}],"collection":[{"href":"https:\/\/www.europesays.com\/fr\/wp-json\/wp\/v2\/posts"}],"about":[{"href":"https:\/\/www.europesays.com\/fr\/wp-json\/wp\/v2\/types\/post"}],"author":[{"embeddable":true,"href":"https:\/\/www.europesays.com\/fr\/wp-json\/wp\/v2\/users\/2"}],"replies":[{"embeddable":true,"href":"https:\/\/www.europesays.com\/fr\/wp-json\/wp\/v2\/comments?post=180694"}],"version-history":[{"count":0,"href":"https:\/\/www.europesays.com\/fr\/wp-json\/wp\/v2\/posts\/180694\/revisions"}],"wp:featuredmedia":[{"embeddable":true,"href":"https:\/\/www.europesays.com\/fr\/wp-json\/wp\/v2\/media\/180695"}],"wp:attachment":[{"href":"https:\/\/www.europesays.com\/fr\/wp-json\/wp\/v2\/media?parent=180694"}],"wp:term":[{"taxonomy":"category","embeddable":true,"href":"https:\/\/www.europesays.com\/fr\/wp-json\/wp\/v2\/categories?post=180694"},{"taxonomy":"post_tag","embeddable":true,"href":"https:\/\/www.europesays.com\/fr\/wp-json\/wp\/v2\/tags?post=180694"}],"curies":[{"name":"wp","href":"https:\/\/api.w.org\/{rel}","templated":true}]}}