{"id":180696,"date":"2025-06-16T11:30:12","date_gmt":"2025-06-16T11:30:12","guid":{"rendered":"https:\/\/www.europesays.com\/fr\/180696\/"},"modified":"2025-06-16T11:30:12","modified_gmt":"2025-06-16T11:30:12","slug":"nice-cloture-la-tournee-de-la-place-de-lemploi-les-18-et-19-juin-apres-11","status":"publish","type":"post","link":"https:\/\/www.europesays.com\/fr\/180696\/","title":{"rendered":"Nice cl\u00f4ture la tourn\u00e9e de la Place de l\u2019emploi les 18 et 19 juin, apr\u00e8s 11 (\u2026)"},"content":{"rendered":"<p>                    <img loading=\"lazy\" decoding=\"async\" src=\"https:\/\/www.europesays.com\/fr\/wp-content\/uploads\/2025\/06\/9c37ca8a6d48dc07244704125e3533.jpg\" class=\"img-responsive post-image\" width=\"680\" height=\"510\" alt=\"Nice cl\u00f4ture la tourn\u00e9e\" title=\"Nice cl\u00f4ture la tourn\u00e9e de la Place de l'emploi les 18 et 19 juin, apr\u00e8s 11 \u00e9tapes en r\u00e9gion\"\/><\/p>\n<p class=\"chapo\">La Place de l\u2019emploi s\u2019arr\u00eatera le 18 aux Moulins et le 19 \u00e0 l\u2019Ariane. \u00c0 chaque \u00e9tape, ces \u00e9v\u00e9nements itin\u00e9rants, organis\u00e9s en partenariat avec les acteurs du R\u00e9seau pour l\u2019emploi tels que les Missions Locales et Cap emploi, visent \u00e0 rapprocher les demandeurs d\u2019emploi des entreprises locales. L\u2019objectif\u00a0? Offrir des solutions personnalis\u00e9es, adapt\u00e9es aux besoins sp\u00e9cifiques de chaque bassin d\u2019emploi.<\/p>\n<p>Gratuites et ouvertes \u00e0 tous, les Places de l\u2019emploi permettent \u00e0 chaque participant, quel que soit son profil ou son parcours, de b\u00e9n\u00e9ficier d\u2019un accompagnement sur mesure. De nombreux services y sont propos\u00e9s\u00a0: orientation professionnelle, d\u00e9couverte des m\u00e9tiers en tension, acc\u00e8s aux formations, lev\u00e9e des freins \u00e0 l\u2019emploi (mobilit\u00e9, logement, etc.), ainsi que des conseils en \u00e9volution professionnelle. Des experts seront pr\u00e9sents pour soutenir les demandeurs d\u2019emploi dans leurs d\u00e9marches de reprise d\u2019activit\u00e9 ou de reconversion.<\/p>\n<p>Quatre espaces pour r\u00e9pondre \u00e0 vos besoins <\/p>\n<p><strong>Espace conseil\/orientation <\/strong>\u00a0: D\u00e9veloppez vos capacit\u00e9s professionnelles, explorez des secteurs d\u2019activit\u00e9s vari\u00e9s et acc\u00e9dez aux formations adapt\u00e9es \u00e0 votre profil. Faites le point sur vos comp\u00e9tences avec le Campus Sud M\u00e9tiers pour d\u00e9couvrir les nombreuses formations en alternance propos\u00e9es mais \u00e9galement avec EPITECH, Rocket School, Stelo formation&#8230;<br class=\"autobr\"\/><br \/>\n<strong>Espace information<\/strong>\u00a0: D\u00e9couvrez les services et outils pour vous aider dans vos d\u00e9marches de recherche d\u2019emploi avec le centre social, ADAM, Nos quartiers ont du talent.<br class=\"autobr\"\/><br \/>\n<strong>Espace cr\u00e9ation d\u2019entreprise<\/strong>\u00a0: avec les diff\u00e9rents acteurs pour vous accompagner dans votre r\u00e9flexion et votre projet.<br class=\"autobr\"\/><br \/>\n<strong>Espace recrutement<\/strong>\u00a0: rencontrez une vingtaine d\u2019entreprises locales issues de divers secteurs\u00a0: services \u00e0 la personne, commerce, int\u00e9rim&#8230;<\/p>\n<p><br class=\"autobr\"\/><br \/>\n<strong>Rendez-vous \u00e0 Nice Les Moulins le 18 juin<\/strong><br class=\"autobr\"\/><br \/>\nDe 13h \u00e0 17h<br class=\"autobr\"\/><br \/>\nSquare des Jacarandas, 06200 Nice<\/p>\n<p><strong>Rendez-vous \u00e0 Nice L\u2019Ariane le 19 juin<\/strong><br class=\"autobr\"\/><br \/>\nDe 13h \u00e0 17h<br class=\"autobr\"\/><br \/>\nJardin Lecuyer, 13 avenue Ripert, 06300 Nice<\/p>\n<p>Visuel de Une \u00a9France Travail<\/p>\n","protected":false},"excerpt":{"rendered":"La Place de l\u2019emploi s\u2019arr\u00eatera le 18 aux Moulins et le 19 \u00e0 l\u2019Ariane. \u00c0 chaque \u00e9tape, ces&hellip;\n","protected":false},"author":2,"featured_media":180697,"comment_status":"","ping_status":"","sticky":false,"template":"","format":"standard","meta":{"footnotes":""},"categories":[2819],"tags":[1111,11,2408,1777,674,1011,27,12,2401,882,25],"class_list":{"0":"post-180696","1":"post","2":"type-post","3":"status-publish","4":"format-standard","5":"has-post-thumbnail","7":"category-nice","8":"tag-actu","9":"tag-actualites","10":"tag-appels-d","11":"tag-eu","12":"tag-europe","13":"tag-fr","14":"tag-france","15":"tag-news","16":"tag-nice","17":"tag-provence-alpes-cote-dazur","18":"tag-republique-francaise"},"share_on_mastodon":{"url":"https:\/\/pubeurope.com\/@fr\/114692818428859261","error":""},"_links":{"self":[{"href":"https:\/\/www.europesays.com\/fr\/wp-json\/wp\/v2\/posts\/180696","targetHints":{"allow":["GET"]}}],"collection":[{"href":"https:\/\/www.europesays.com\/fr\/wp-json\/wp\/v2\/posts"}],"about":[{"href":"https:\/\/www.europesays.com\/fr\/wp-json\/wp\/v2\/types\/post"}],"author":[{"embeddable":true,"href":"https:\/\/www.europesays.com\/fr\/wp-json\/wp\/v2\/users\/2"}],"replies":[{"embeddable":true,"href":"https:\/\/www.europesays.com\/fr\/wp-json\/wp\/v2\/comments?post=180696"}],"version-history":[{"count":0,"href":"https:\/\/www.europesays.com\/fr\/wp-json\/wp\/v2\/posts\/180696\/revisions"}],"wp:featuredmedia":[{"embeddable":true,"href":"https:\/\/www.europesays.com\/fr\/wp-json\/wp\/v2\/media\/180697"}],"wp:attachment":[{"href":"https:\/\/www.europesays.com\/fr\/wp-json\/wp\/v2\/media?parent=180696"}],"wp:term":[{"taxonomy":"category","embeddable":true,"href":"https:\/\/www.europesays.com\/fr\/wp-json\/wp\/v2\/categories?post=180696"},{"taxonomy":"post_tag","embeddable":true,"href":"https:\/\/www.europesays.com\/fr\/wp-json\/wp\/v2\/tags?post=180696"}],"curies":[{"name":"wp","href":"https:\/\/api.w.org\/{rel}","templated":true}]}}