{"id":180698,"date":"2025-06-16T11:31:09","date_gmt":"2025-06-16T11:31:09","guid":{"rendered":"https:\/\/www.europesays.com\/fr\/180698\/"},"modified":"2025-06-16T11:31:09","modified_gmt":"2025-06-16T11:31:09","slug":"nice-cette-rue-fermee-depuis-plus-dun-an-va-enfin-rouvrir-voici-ce-que-lon-sait","status":"publish","type":"post","link":"https:\/\/www.europesays.com\/fr\/180698\/","title":{"rendered":"Nice. Cette rue ferm\u00e9e depuis plus d&rsquo;un an va enfin rouvrir, voici ce que l&rsquo;on sait"},"content":{"rendered":"<p>            Par<br \/>\n        <strong><br \/>\n            <a href=\"https:\/\/actu.fr\/auteur\/ugo-maillard\" title=\"Consulter tous les articles de Ugo Maillard\" rel=\"nofollow noopener\" target=\"_blank\">Ugo Maillard<\/a><br \/>\n        <\/strong><\/p>\n<p>        Publi\u00e9 le<\/p>\n<p>            16 juin 2025 \u00e0 13h19        <\/p>\n<p>Une situation qui dure depuis plus d\u2019un an, bient\u00f4t r\u00e9gl\u00e9e. Le 8\u00a0mars 2024, la M\u00e9tropole Nice C\u00f4te d\u2019Azur a pris la d\u00e9cision de <strong>fermer l\u2019avenue<\/strong> Joseph Durandy \u00e0 <a href=\"https:\/\/actu.fr\/nice\/\" rel=\"nofollow noopener\" target=\"_blank\">Nice<\/a> entre les num\u00e9ros 104 et 114. Une fermeture li\u00e9e \u00e0 un sinistre cons\u00e9cutif aux travaux de terrassement effectu\u00e9s sur leur parcelle par deux propri\u00e9taires. Selon les services de la M\u00e9tropole, ces derniers n\u2019ont \u00ab\u2009pas respect\u00e9 leur permis de construire\u2009\u00bb.<\/p>\n<p>    <a href=\"https:\/\/www.google.com\/maps\/embed?pb=!1m18!1m12!1m3!1d8395.728672168667!2d7.210112299739009!3d43.713966977479345!2m3!1f0!2f0!3f0!3m2!1i1024!2i768!4f13.1!3m3!1m2!1s0x12cdd1d6707dd675%3A0x13c937d57cd9061e!2sAv.%20Joseph%20Durandy%2C%2006200%20Nice!5e0!3m2!1sfr!2sfr!4v1750068043177!5m2!1sfr!2sfr\" title=\"Ouvrie le lien\" rel=\"nofollow noopener\" target=\"_blank\">Cliquez ici pour visualiser le contenu<\/a><\/p>\n<p class=\" wall-content\">Cons\u00e9quence, des <a href=\"https:\/\/actu.fr\/tag\/travaux\" rel=\"nofollow noopener\" target=\"_blank\">travaux<\/a> ont d\u00fb \u00eatre men\u00e9s pour r\u00e9tablir la voie d\u00e8s le mois de novembre\u00a02024. En ce d\u00e9but de mois de juin, les services indiquent que la r\u00e9ouverture devrait \u00eatre effective dans les prochains mois. On fait le point.<\/p>\n<p>Une r\u00e9ouverture totale fin ao\u00fbt<\/p>\n<p class=\" wall-content\">Cette voie ferm\u00e9e \u00e0 la circulation est pr\u00e9judiciable pour les riverains, commer\u00e7ants du quartier et usagers. Des travaux de s\u00e9curisation ont \u00e9t\u00e9 entrepris en fin d\u2019ann\u00e9e derni\u00e8re d\u00e8s l\u2019autorisation du juge obtenue.<\/p>\n<p class=\" wall-content\">Depuis avril\u00a02025, la <strong>troisi\u00e8me et derni\u00e8re phrase<\/strong> des travaux est men\u00e9e sur l\u2019avenue Durandy.<\/p>\n<blockquote class=\"ac-article-quote wall-content\">\n<p>Apr\u00e8s avoir consult\u00e9 les acteurs locaux, la M\u00e9tropole Nice c\u00f4te d\u2019Azur a opt\u00e9 pour des mesures d\u2019acc\u00e9l\u00e9ration des travaux sur cet axe afin de garantir\u00a0le r\u00e9tablissement complet de la circulation (automobilistes, transports publics, ramassage scolaire) d\u00e8s fin ao\u00fbt et ainsi s\u00e9curiser la rentr\u00e9e scolaire. <\/p>\n<p>    <strong>M\u00e9tropole Nice C\u00f4te d&rsquo;Azur<\/strong>\n            <\/p><\/blockquote>\n<p class=\" wall-content\">\u00ab\u2009L\u2019engament de ces mesures (extension des plages horaires, op\u00e9ration le week-end), qui se r\u00e9v\u00e8lent incompatibles avec toute ouverture anticip\u00e9e en alternat, permettra une ouverture totale de la voie fin ao\u00fbt, soit un mois avant le calendrier annonc\u00e9\u2009\u00bb, indique la<a href=\"https:\/\/actu.fr\/tag\/nice-cote-dazur\" rel=\"nofollow noopener\" target=\"_blank\"> M\u00e9tropole de Nice<\/a>.<\/p>\n<p>Des proc\u00e9dures contre les deux propri\u00e9taires<\/p>\n<p class=\" wall-content\">En parall\u00e8le, la M\u00e9tropole et la Ville de Nice vont engager toutes les proc\u00e9dures utiles devant les juridictions comp\u00e9tentes <strong>\u00e0 l\u2019encontre des\u00a0propri\u00e9taires responsables<\/strong> de ces dommages et de leurs cons\u00e9quences\u00a0sur le r\u00e9seau routier m\u00e9tropolitain et sur l\u2019activit\u00e9 des commer\u00e7ants affect\u00e9s.<\/p>\n<p class=\" wall-content\">Suivez toute l\u2019actualit\u00e9 de vos villes et m\u00e9dias favoris en vous inscrivant \u00e0 <a href=\"https:\/\/moncompte.actu.fr\" title=\"D\u00e9couvez Mon Actu\" rel=\"nofollow noopener\" data-trk=\"{&quot;cta&quot;:{&quot;action&quot;:&quot;https:\\\/\\\/moncompte.actu.fr&quot;,&quot;category&quot;:&quot;mon compte&quot;,&quot;from&quot;:&quot;article footer&quot;,&quot;name&quot;:&quot;Mon actu&quot;,&quot;type&quot;:&quot;cta&quot;}}\" target=\"_blank\">Mon Actu<\/a>.<\/p>\n","protected":false},"excerpt":{"rendered":"Par Ugo Maillard Publi\u00e9 le 16 juin 2025 \u00e0 13h19 Une situation qui dure depuis plus d\u2019un an,&hellip;\n","protected":false},"author":2,"featured_media":180699,"comment_status":"","ping_status":"","sticky":false,"template":"","format":"standard","meta":{"footnotes":""},"categories":[2819],"tags":[1111,11,1777,674,1011,27,12,2401,882,25,104,2086],"class_list":{"0":"post-180698","1":"post","2":"type-post","3":"status-publish","4":"format-standard","5":"has-post-thumbnail","7":"category-nice","8":"tag-actu","9":"tag-actualites","10":"tag-eu","11":"tag-europe","12":"tag-fr","13":"tag-france","14":"tag-news","15":"tag-nice","16":"tag-provence-alpes-cote-dazur","17":"tag-republique-francaise","18":"tag-societe","19":"tag-travaux"},"share_on_mastodon":{"url":"https:\/\/pubeurope.com\/@fr\/114692822604296122","error":""},"_links":{"self":[{"href":"https:\/\/www.europesays.com\/fr\/wp-json\/wp\/v2\/posts\/180698","targetHints":{"allow":["GET"]}}],"collection":[{"href":"https:\/\/www.europesays.com\/fr\/wp-json\/wp\/v2\/posts"}],"about":[{"href":"https:\/\/www.europesays.com\/fr\/wp-json\/wp\/v2\/types\/post"}],"author":[{"embeddable":true,"href":"https:\/\/www.europesays.com\/fr\/wp-json\/wp\/v2\/users\/2"}],"replies":[{"embeddable":true,"href":"https:\/\/www.europesays.com\/fr\/wp-json\/wp\/v2\/comments?post=180698"}],"version-history":[{"count":0,"href":"https:\/\/www.europesays.com\/fr\/wp-json\/wp\/v2\/posts\/180698\/revisions"}],"wp:featuredmedia":[{"embeddable":true,"href":"https:\/\/www.europesays.com\/fr\/wp-json\/wp\/v2\/media\/180699"}],"wp:attachment":[{"href":"https:\/\/www.europesays.com\/fr\/wp-json\/wp\/v2\/media?parent=180698"}],"wp:term":[{"taxonomy":"category","embeddable":true,"href":"https:\/\/www.europesays.com\/fr\/wp-json\/wp\/v2\/categories?post=180698"},{"taxonomy":"post_tag","embeddable":true,"href":"https:\/\/www.europesays.com\/fr\/wp-json\/wp\/v2\/tags?post=180698"}],"curies":[{"name":"wp","href":"https:\/\/api.w.org\/{rel}","templated":true}]}}