{"id":180702,"date":"2025-06-16T11:33:09","date_gmt":"2025-06-16T11:33:09","guid":{"rendered":"https:\/\/www.europesays.com\/fr\/180702\/"},"modified":"2025-06-16T11:33:09","modified_gmt":"2025-06-16T11:33:09","slug":"un-frotteur-multirecidiviste-arrete-dans-un-marche-du-centre-ville","status":"publish","type":"post","link":"https:\/\/www.europesays.com\/fr\/180702\/","title":{"rendered":"un frotteur multir\u00e9cidiviste arr\u00eat\u00e9 dans un march\u00e9 du centre-ville"},"content":{"rendered":"<p>Bien connu de la justice, un quinquag\u00e9naire a \u00e9t\u00e9 interpell\u00e9 le 14 juin pour exhibition et agression sexuelle. Quatre victimes ont port\u00e9 plainte. Certaines d\u00e9noncent le manque de s\u00e9curit\u00e9 du site.<\/p>\n<p class=\"fig-paragraph\">Il s\u00e9vissait depuis plusieurs jours entre le rayon des fruits et l\u00e9gumes, et celui des produits proven\u00e7aux. Un homme de 53 ans a \u00e9t\u00e9 interpell\u00e9 samedi 14 juin,\u00a0<a href=\"https:\/\/www.lefigaro.fr\/nantes\" target=\"_blank\" data-fig-type=\"Section\" rel=\"noopener\" data-gtm-custom-categorie=\"navigation\" data-gtm-custom-action=\"crossclick\" data-gtm-custom-label=\"Contextuel\" data-gtm-event=\"customEventSPE\" data-fig-domain=\"LEFIGARO\">\u00e0 Nantes<\/a>\u00a0(Loire-Atlantique), en flagrant d\u00e9lit d\u2019exhibition et d\u2019agression sexuelle, apr\u00e8s\u00a0<a href=\"https:\/\/www.lefigaro.fr\/langue-francaise\/actu-des-mots\/2018\/05\/15\/37002-20180515ARTFIG00027-la-definition-de-frotteur-fait-polemique-lerobert-reconnait-une-imprecision.php\" target=\"_blank\" data-fig-type=\"Article\" rel=\"noopener\" data-gtm-custom-categorie=\"navigation\" data-gtm-custom-action=\"crossclick\" data-gtm-custom-label=\"Contextuel\" data-gtm-event=\"customEventSPE\" data-fig-domain=\"LEFIGARO\">s\u2019\u00eatre frott\u00e9<\/a>\u00a0\u00e0 une commer\u00e7ante\u00a0<a href=\"http:\/\/www.lefigaro.fr\/nantes\/rongeurs-mauvaises-odeurs-le-ras-le-bol-des-commercants-du-repute-marche-nantais-de-talensac-20231008\" target=\"_blank\" data-fig-type=\"Article\" rel=\"noopener\" data-gtm-custom-categorie=\"navigation\" data-gtm-custom-action=\"crossclick\" data-gtm-custom-label=\"Contextuel\" data-gtm-event=\"customEventSPE\" data-fig-domain=\"LEFIGARO\">du march\u00e9 de Talensac, en centre-ville<\/a>. Sans domicile fixe, l\u2019individu s\u2019en \u00e9tait pris \u00e0 une vendeuse \u00e2g\u00e9e de 20 ans. Il a \u00e9t\u00e9 pris en charge par les agents de la police municipale.<\/p>\n<p class=\"fig-paragraph\">\u00abTrois autres victimes se sont pr\u00e9sent\u00e9es au commissariat pour porter plainte, en plus de la commer\u00e7ante qui a, la premi\u00e8re, alert\u00e9 les forces de l\u2019ordre\u00bb, indique une source polici\u00e8re nantaise. Outre le fait de se coller \u00e0 des personnes non consentantes, le suspect se serait \u00e9galement masturb\u00e9 devant au moins l\u2019une des victimes. Il aurait aussi prononc\u00e9 plusieurs remarques sexistes. L\u2019auteur des faits, multir\u00e9cidiviste, est \u00abtr\u00e8s bien connu\u00bb de la justice pour de pr\u00e9c\u00e9dentes affaires \u00e0 caract\u00e8re sexuel.<\/p>\n<p>En \u00e9tat d\u2019\u00e9bri\u00e9t\u00e9<\/p>\n<p class=\"fig-paragraph\">Interrog\u00e9es par le quotidien\u00a0<a href=\"https:\/\/www.ouest-france.fr\/faits-divers\/violence-sexuelle\/jetais-tetanisee-un-homme-interpelle-pour-exhibition-et-agression-sexuelle-au-marche-talensac-842fb01e-49e2-11f0-9d37-5ecd6f11d520\" target=\"_blank\" rel=\"noopener\" data-gtm-custom-categorie=\"navigation\" data-gtm-custom-action=\"crossclick\" data-gtm-custom-label=\"Contextuel\" data-gtm-event=\"customEventSPE\">Presse Oc\u00e9an<\/a>, deux victimes \u00e2g\u00e9es de 19 et 20 ans mettent en cause le manque de s\u00e9curit\u00e9 du march\u00e9 couvert, qui a permis au suspect de multiplier en toute libert\u00e9 ses agressions \u00e0 caract\u00e8re verbales, exhibitionnistes et sexuelles. L\u2019une d\u2019elles avait ainsi \u00e9t\u00e9 abord\u00e9e \u00e0 sept reprises. Depuis, les patrouilles de police ont \u00e9t\u00e9 augment\u00e9es.<\/p>\n<p class=\"fig-paragraph\">Plac\u00e9 samedi en garde \u00e0 vue, dans un \u00e9tat d\u2019\u00e9bri\u00e9t\u00e9 avanc\u00e9, le quinquag\u00e9naire a \u00e9t\u00e9 d\u00e9f\u00e9r\u00e9 lundi matin devant le parquet du tribunal judiciaire de Nantes. Incarc\u00e9r\u00e9 \u00e0 titre provisoire, il devait \u00eatre jug\u00e9 l\u2019apr\u00e8s-midi m\u00eame en comparution imm\u00e9diate.<\/p>\n","protected":false},"excerpt":{"rendered":"Bien connu de la justice, un quinquag\u00e9naire a \u00e9t\u00e9 interpell\u00e9 le 14 juin pour exhibition et agression sexuelle.&hellip;\n","protected":false},"author":2,"featured_media":180703,"comment_status":"","ping_status":"","sticky":false,"template":"","format":"standard","meta":{"footnotes":""},"categories":[2818],"tags":[1111,11,1267,1777,674,462,1011,27,2640,2642,766,2638,2643,2637,2639,2646,2645,2641,2635,2644,2647,12,2636,25],"class_list":{"0":"post-180702","1":"post","2":"type-post","3":"status-publish","4":"format-standard","5":"has-post-thumbnail","7":"category-nantes","8":"tag-actu","9":"tag-actualites","10":"tag-agression-sexuelle","11":"tag-eu","12":"tag-europe","13":"tag-fc-nantes","14":"tag-fr","15":"tag-france","16":"tag-hauts-paves-saint-felix","17":"tag-ile-de-nantes","18":"tag-nantes","19":"tag-nantes-bellevue-chantenay-sainte-anne","20":"tag-nantes-breil-barberie","21":"tag-nantes-centre-ville","22":"tag-nantes-dervallieres-zola","23":"tag-nantes-doulon-bottiere","24":"tag-nantes-erdre","25":"tag-nantes-malakoff-saint-donatien","26":"tag-nantes-metropole","27":"tag-nantes-nord","28":"tag-nantes-sud","29":"tag-news","30":"tag-pays-de-la-loire","31":"tag-republique-francaise"},"share_on_mastodon":{"url":"https:\/\/pubeurope.com\/@fr\/114692830479953777","error":""},"_links":{"self":[{"href":"https:\/\/www.europesays.com\/fr\/wp-json\/wp\/v2\/posts\/180702","targetHints":{"allow":["GET"]}}],"collection":[{"href":"https:\/\/www.europesays.com\/fr\/wp-json\/wp\/v2\/posts"}],"about":[{"href":"https:\/\/www.europesays.com\/fr\/wp-json\/wp\/v2\/types\/post"}],"author":[{"embeddable":true,"href":"https:\/\/www.europesays.com\/fr\/wp-json\/wp\/v2\/users\/2"}],"replies":[{"embeddable":true,"href":"https:\/\/www.europesays.com\/fr\/wp-json\/wp\/v2\/comments?post=180702"}],"version-history":[{"count":0,"href":"https:\/\/www.europesays.com\/fr\/wp-json\/wp\/v2\/posts\/180702\/revisions"}],"wp:featuredmedia":[{"embeddable":true,"href":"https:\/\/www.europesays.com\/fr\/wp-json\/wp\/v2\/media\/180703"}],"wp:attachment":[{"href":"https:\/\/www.europesays.com\/fr\/wp-json\/wp\/v2\/media?parent=180702"}],"wp:term":[{"taxonomy":"category","embeddable":true,"href":"https:\/\/www.europesays.com\/fr\/wp-json\/wp\/v2\/categories?post=180702"},{"taxonomy":"post_tag","embeddable":true,"href":"https:\/\/www.europesays.com\/fr\/wp-json\/wp\/v2\/tags?post=180702"}],"curies":[{"name":"wp","href":"https:\/\/api.w.org\/{rel}","templated":true}]}}