{"id":180706,"date":"2025-06-16T11:35:11","date_gmt":"2025-06-16T11:35:11","guid":{"rendered":"https:\/\/www.europesays.com\/fr\/180706\/"},"modified":"2025-06-16T11:35:11","modified_gmt":"2025-06-16T11:35:11","slug":"girondins-comment-les-u15-feminines-construisent-lavenir-du-club-bordelais","status":"publish","type":"post","link":"https:\/\/www.europesays.com\/fr\/180706\/","title":{"rendered":"Girondins : Comment les U15 f\u00e9minines construisent l&rsquo;avenir du club bordelais"},"content":{"rendered":"<p><img decoding=\"async\" src=\"https:\/\/www.europesays.com\/fr\/wp-content\/uploads\/2025\/06\/671_76abf255e964b23027f1401fdd52bdf3.png\" alt=\"Girondins : Comment les U15 f\u00e9minines construisent l'avenir du club bordelais\" class=\"img-responsive mt-3\"\/><\/p>\n<p class=\"text-center mb-3\" style=\"font-size: 14px\">\u00a9 Iconsport<\/p>\n<p style=\"text-align: justify;\">\u00c9coutez ses propos ou lisez-les :<\/p>\n<p><strong>\u201cLorsque l\u2019on joue la coupe f\u00e9minine, le but est d&rsquo;essayer de la gagner\u201d<\/strong><\/p>\n<p style=\"text-align: justify;\">\u00a0<\/p>\n<p style=\"text-align: justify;\"><strong>WebGirondins : Dimitri, cette victoire cl\u00f4ture magnifiquement cette belle saison ?<\/strong><\/p>\n<p style=\"text-align: justify;\">Dimitri Gautier : Oui, tout \u00e0 fait, c&rsquo;\u00e9tait l&rsquo;objectif de notre saison. On est engag\u00e9 dans un championnat gar\u00e7on dans lequel notre objectif est la progression des joueuses. Et lorsque l\u2019on joue la coupe f\u00e9minine, le but est d&rsquo;essayer de la gagner. C\u2019est d\u00e9j\u00e0 la 3e saison qu\u2019on la remporte. \u00c7a permet de voir l&rsquo;attractivit\u00e9 des Girondins de Bordeaux, de pouvoir voir l&rsquo;\u00e9volution de nos joueuses et de pouvoir donner envie aux clubs f\u00e9minins, \u00e0 toutes les joueuses qui viennent nous voir, donc c&rsquo;est que du positif.<\/p>\n<p style=\"text-align: justify;\"><strong>Un petit mot sur votre adversaire la Bastidienne, qui a fait une belle deuxi\u00e8me mi-temps notamment ?<\/strong><\/p>\n<p style=\"text-align: justify;\">Oui la Bastidienne a fait un gros parcours. On les avait d\u00e9j\u00e0 affront\u00e9es lors du \u201cPitch\u201d l&rsquo;ann\u00e9e derni\u00e8re quand on \u00e9tait sur les U13 f\u00e9minines. C\u2019est une tr\u00e8s belle \u00e9quipe avec de tr\u00e8s bonnes joueuses et un tr\u00e8s bon collectif. Je sais qu&rsquo;il y a certaines joueuses qui vont rentrer au P\u00f4le Espoirs.<\/p>\n<p style=\"text-align: justify;\"><strong>Tu peux nous pr\u00e9senter ton staff ?<\/strong><\/p>\n<p style=\"text-align: justify;\">Durant toute la saison, je travaille avec Ali Kalkas qui est avec moi depuis maintenant trois saisons au sein du club. Il a une exp\u00e9rience en tant qu&rsquo;\u00e9ducateur depuis 20 ans, c\u2019est avec lui que je m\u00e8ne toutes les s\u00e9ances. Je prends en charge souvent le th\u00e8me de la s\u00e9ance et lui va \u00eatre plut\u00f4t sur la gestion des opposants. Tous les deux c&rsquo;est vrai qu&rsquo;on forme un bin\u00f4me g\u00e9nial qui, j&rsquo;esp\u00e8re, pourra continuer les saisons \u00e0 venir, donc merci d&rsquo;\u00eatre l\u00e0.<\/p>\n<p style=\"text-align: justify;\">Et puis, Ilona Koko, que je ne pr\u00e9sente plus tant elle est connue dans la r\u00e9gion. C\u2019est une joueuse de l\u2019\u00e9quipe senior qui vient nous pr\u00eater main-forte sur les s\u00e9ances d&rsquo;entra\u00eenement et le week-end aussi pour accompagner ce jeune groupe en apportant son exp\u00e9rience. J&rsquo;esp\u00e8re qu&rsquo;elle gagnera \u00e0 son tour la finale de la Coupe de Nouvelle-Aquitaine cet apr\u00e8s-midi.<\/p>\n<p style=\"text-align: justify;\"><strong>Un dernier mot pour les supporters, parce qu&rsquo;il y avait beaucoup de parents qui \u00e9taient l\u00e0 aussi.<\/strong><\/p>\n<p style=\"text-align: justify;\">Merci \u00e0 eux de venir tous les week-ends nous encourager et de faire confiance \u00e0 notre travail. Tout simplement merci.<\/p>\n<p style=\"text-align: justify;\">Une interview r\u00e9alis\u00e9e par Djino Fort\u00e9, Socio de WebGirondins <\/p>\n<p>\u00c0 lire &gt;&gt; <strong><a href=\"https:\/\/www.webgirondins.com\/actualite-girondins-interview-francois-grenet-les-girondins-de-bordeaux-brillent-au-travers-du-football-feminin-129438\" target=\"_blank\" rel=\"noopener\">INTERVIEW. Fran\u00e7ois Grenet : \u201cLes Girondins de Bordeaux brillent au travers du football f\u00e9minin\u201d<\/a><\/strong><\/p>\n<p style=\"text-align: justify;\">\u00a0<\/p>\n","protected":false},"excerpt":{"rendered":"\u00a9 Iconsport \u00c9coutez ses propos ou lisez-les : \u201cLorsque l\u2019on joue la coupe f\u00e9minine, le but est d&rsquo;essayer&hellip;\n","protected":false},"author":2,"featured_media":180707,"comment_status":"","ping_status":"","sticky":false,"template":"","format":"standard","meta":{"footnotes":""},"categories":[2817],"tags":[1111,11,3177,3396,3232,31501,1997,6950,31811,5244,20,31810,615,1777,674,31812,2823,12300,2396,1011,27,1987,12,2043,2219,25,3242,1264],"class_list":{"0":"post-180706","1":"post","2":"type-post","3":"status-publish","4":"format-standard","5":"has-post-thumbnail","7":"category-bordeaux","8":"tag-actu","9":"tag-actualites","10":"tag-aquitaine","11":"tag-avec","12":"tag-avenir","13":"tag-bastidienne","14":"tag-bordeaux","15":"tag-bordelais","16":"tag-cloturent","17":"tag-club","18":"tag-comment","19":"tag-construisent","20":"tag-coupe","21":"tag-eu","22":"tag-europe","23":"tag-exemplaire","24":"tag-face","25":"tag-feminines","26":"tag-finale","27":"tag-fr","28":"tag-france","29":"tag-girondins","30":"tag-news","31":"tag-nouvelle","32":"tag-nouvelle-aquitaine","33":"tag-republique-francaise","34":"tag-saison","35":"tag-victoire"},"share_on_mastodon":{"url":"https:\/\/pubeurope.com\/@fr\/114692838333221745","error":""},"_links":{"self":[{"href":"https:\/\/www.europesays.com\/fr\/wp-json\/wp\/v2\/posts\/180706","targetHints":{"allow":["GET"]}}],"collection":[{"href":"https:\/\/www.europesays.com\/fr\/wp-json\/wp\/v2\/posts"}],"about":[{"href":"https:\/\/www.europesays.com\/fr\/wp-json\/wp\/v2\/types\/post"}],"author":[{"embeddable":true,"href":"https:\/\/www.europesays.com\/fr\/wp-json\/wp\/v2\/users\/2"}],"replies":[{"embeddable":true,"href":"https:\/\/www.europesays.com\/fr\/wp-json\/wp\/v2\/comments?post=180706"}],"version-history":[{"count":0,"href":"https:\/\/www.europesays.com\/fr\/wp-json\/wp\/v2\/posts\/180706\/revisions"}],"wp:featuredmedia":[{"embeddable":true,"href":"https:\/\/www.europesays.com\/fr\/wp-json\/wp\/v2\/media\/180707"}],"wp:attachment":[{"href":"https:\/\/www.europesays.com\/fr\/wp-json\/wp\/v2\/media?parent=180706"}],"wp:term":[{"taxonomy":"category","embeddable":true,"href":"https:\/\/www.europesays.com\/fr\/wp-json\/wp\/v2\/categories?post=180706"},{"taxonomy":"post_tag","embeddable":true,"href":"https:\/\/www.europesays.com\/fr\/wp-json\/wp\/v2\/tags?post=180706"}],"curies":[{"name":"wp","href":"https:\/\/api.w.org\/{rel}","templated":true}]}}