{"id":18071,"date":"2025-04-11T19:26:08","date_gmt":"2025-04-11T19:26:08","guid":{"rendered":"https:\/\/www.europesays.com\/fr\/18071\/"},"modified":"2025-04-11T19:26:08","modified_gmt":"2025-04-11T19:26:08","slug":"masters-daugusta-thomas-detry-commence-mal-avec-un-tour-en-7-au-dessus-du-par","status":"publish","type":"post","link":"https:\/\/www.europesays.com\/fr\/18071\/","title":{"rendered":"Masters d&rsquo;Augusta: Thomas Detry commence mal avec un tour en 7 au-dessus du par"},"content":{"rendered":"<p class=\"ap-StoryElement ap-StoryElement--mb ap-StoryText\">Quatri\u00e8me Belge \u00e0 disputer ce prestigieux tournoi, Detry a d&#8217;embl\u00e9e conc\u00e9d\u00e9 deux bogeys aux deux premiers trous. Il a conc\u00e9d\u00e9 deux nouveaux bogeys aux trous 5 et 7. Un birdie au trou 9 semblait pouvoir le relancer, mais il a commis un bogey au 11e trou et un double bogey au 12e trou. Apr\u00e8s un birdie au 13e trou, Detry est de nouveau parti \u00e0 la faute aux trous 15 et 16 pour rallier le club-house apr\u00e8s 79 coups, sept au-dessus du par. Ce qui compromet ses chances de passer le cut.<\/p>\n","protected":false},"excerpt":{"rendered":"Quatri\u00e8me Belge \u00e0 disputer ce prestigieux tournoi, Detry a d&#8217;embl\u00e9e conc\u00e9d\u00e9 deux bogeys aux deux premiers trous. Il&hellip;\n","protected":false},"author":2,"featured_media":18072,"comment_status":"","ping_status":"","sticky":false,"template":"","format":"standard","meta":{"footnotes":""},"categories":[1418],"tags":[828,1011,27,1472,60],"class_list":{"0":"post-18071","1":"post","2":"type-post","3":"status-publish","4":"format-standard","5":"has-post-thumbnail","7":"category-golf","8":"tag-belgique","9":"tag-fr","10":"tag-france","11":"tag-golf","12":"tag-sports"},"share_on_mastodon":{"url":"https:\/\/pubeurope.com\/@fr\/114320977629812050","error":""},"_links":{"self":[{"href":"https:\/\/www.europesays.com\/fr\/wp-json\/wp\/v2\/posts\/18071","targetHints":{"allow":["GET"]}}],"collection":[{"href":"https:\/\/www.europesays.com\/fr\/wp-json\/wp\/v2\/posts"}],"about":[{"href":"https:\/\/www.europesays.com\/fr\/wp-json\/wp\/v2\/types\/post"}],"author":[{"embeddable":true,"href":"https:\/\/www.europesays.com\/fr\/wp-json\/wp\/v2\/users\/2"}],"replies":[{"embeddable":true,"href":"https:\/\/www.europesays.com\/fr\/wp-json\/wp\/v2\/comments?post=18071"}],"version-history":[{"count":0,"href":"https:\/\/www.europesays.com\/fr\/wp-json\/wp\/v2\/posts\/18071\/revisions"}],"wp:featuredmedia":[{"embeddable":true,"href":"https:\/\/www.europesays.com\/fr\/wp-json\/wp\/v2\/media\/18072"}],"wp:attachment":[{"href":"https:\/\/www.europesays.com\/fr\/wp-json\/wp\/v2\/media?parent=18071"}],"wp:term":[{"taxonomy":"category","embeddable":true,"href":"https:\/\/www.europesays.com\/fr\/wp-json\/wp\/v2\/categories?post=18071"},{"taxonomy":"post_tag","embeddable":true,"href":"https:\/\/www.europesays.com\/fr\/wp-json\/wp\/v2\/tags?post=18071"}],"curies":[{"name":"wp","href":"https:\/\/api.w.org\/{rel}","templated":true}]}}