{"id":180710,"date":"2025-06-16T11:37:09","date_gmt":"2025-06-16T11:37:09","guid":{"rendered":"https:\/\/www.europesays.com\/fr\/180710\/"},"modified":"2025-06-16T11:37:09","modified_gmt":"2025-06-16T11:37:09","slug":"pierre-garnier-amir-avant-le-feu-dartifice-xxl-laffiche-du-grand-concert-gratuit-du-14-juillet-a-toulouse","status":"publish","type":"post","link":"https:\/\/www.europesays.com\/fr\/180710\/","title":{"rendered":"Pierre Garnier, Amir\u2026 Avant le feu d\u2019artifice XXL, l&rsquo;affiche du grand concert gratuit du 14-Juillet \u00e0 Toulouse"},"content":{"rendered":"<p>            Par<br \/>\n        <strong><br \/>\n            <a href=\"https:\/\/actu.fr\/auteur\/ancelin-emeryhenriot\" title=\"Consulter tous les articles de Ancelin Emery-Henriot\" target=\"_blank\" rel=\"noopener\">Ancelin Emery-Henriot<\/a><br \/>\n        <\/strong><\/p>\n<p>        Publi\u00e9 le<\/p>\n<p>            16 juin 2025 \u00e0 13h10        <\/p>\n<p>C\u2019est un \u00e9v\u00e9nement \u00e0 ne pas manquer pour les habitants qui restent \u00e0 <strong><a href=\"https:\/\/actu.fr\/toulouse\/\" target=\"_blank\" rel=\"noopener\">Toulouse<\/a> <\/strong>durant l\u2019\u00e9t\u00e9. Le 14\u00a0juillet, jour de<strong> F\u00eate nationale<\/strong>, et les quelques dates qui l\u2019entourent, seront anim\u00e9s dans la Ville rose. Outre<a href=\"https:\/\/actu.fr\/occitanie\/toulouse_31555\/ou-voir-le-tour-de-france-a-toulouse-voici-le-trace-de-la-boucle-qui-part-et-arrive-dans-la-ville-rose_62435697.html\" target=\"_blank\" rel=\"noopener\"> le passage du Tour de France<\/a>, <strong>concert XXL, feu d\u2019artifice<\/strong> au-dessus de la Garonne\u2026 La mairie a mis les petits plats dans les grands pour faire vivre <strong>un grand jour de festivit\u00e9s<\/strong> \u00e0 ses habitants estivaux.<\/p>\n<p>Un concert XXL<\/p>\n<p class=\" wall-content\">\u00c0 commencer par le d\u00e9sormais traditionnel <strong>show, <\/strong>organis\u00e9 le <strong>dimanche 13 juillet<\/strong>\u00a0en collaboration avec NRJ. La radio se vante m\u00eame de proposer <strong>\u201cle plus grand concert gratuit de France\u201d.<\/strong> Si la programmation n\u2019a pas encore \u00e9t\u00e9 officiellement <strong>boucl\u00e9e<\/strong>, quelques noms ressortent et mettront l\u2019ambiance de 12\u2009h \u00e0 16\u2009h \u00e0 la Prairie des Filtres, autour de <strong>Pierre Garnier<\/strong>, gagnant de la 11e \u00e9dition de la Star Academy.<\/p>\n<p>Pierre Garnier, Amir, Jungeli\u2026<\/p>\n<p class=\" wall-content\">Voici la liste des artistes pr\u00e9sents :\u00a0<\/p>\n<ul class=\" wall-content\">\n<li><strong>Pierre Garnier<\/strong><\/li>\n<li><strong>Amir<\/strong><\/li>\n<li><strong>Jungeli<\/strong><\/li>\n<li><strong>Superbus<\/strong><\/li>\n<li><strong>Marguerite<\/strong><\/li>\n<li><strong>Marine<\/strong><\/li>\n<li><strong>L\u00e9nie<\/strong><\/li>\n<li><strong>Gabry Ponte<\/strong><\/li>\n<li><strong>Ridsa<\/strong><\/li>\n<li><strong>Dr Yaro\u00a0<\/strong><\/li>\n<\/ul>\n<p>Feu d\u2019artifice en hommage\u2026 au Tour de France<\/p>\n<p class=\" wall-content\">L\u2019embl\u00e9matique <strong>feu d\u2019artifice\u00a0<\/strong>\u2014 l\u2019un des plus grands de la r\u00e9gion, qui avait rassembl\u00e9 quelque <strong>300\u2009000 personnes<\/strong> l\u2019an pass\u00e9 \u2014 sera \u00e9galement tir\u00e9 sur les bords du fleuve, donnant lieu chaque ann\u00e9e \u00e0 de splendides vues. Pour cette \u00e9dition, les organisateurs ont souhait\u00e9 rendre hommage aux coureurs du <strong>Tour de France<\/strong>, qui participeront \u00e0 une \u00e9tape in\u00e9dite dans la Cit\u00e9 des Violettes le 16 juillet.<\/p>\n<p>Vid\u00e9os : en ce moment sur Actu<\/p>\n<p class=\" wall-content\">Suivez toute l\u2019actualit\u00e9 de vos villes et m\u00e9dias favoris en vous inscrivant \u00e0 <a href=\"https:\/\/moncompte.actu.fr\" title=\"D\u00e9couvez Mon Actu\" rel=\"nofollow noopener\" data-trk=\"{&quot;cta&quot;:{&quot;action&quot;:&quot;https:\\\/\\\/moncompte.actu.fr&quot;,&quot;category&quot;:&quot;mon compte&quot;,&quot;from&quot;:&quot;article footer&quot;,&quot;name&quot;:&quot;Mon actu&quot;,&quot;type&quot;:&quot;cta&quot;}}\" target=\"_blank\">Mon Actu<\/a>.<\/p>\n","protected":false},"excerpt":{"rendered":"Par Ancelin Emery-Henriot Publi\u00e9 le 16 juin 2025 \u00e0 13h10 C\u2019est un \u00e9v\u00e9nement \u00e0 ne pas manquer pour&hellip;\n","protected":false},"author":2,"featured_media":180711,"comment_status":"","ping_status":"","sticky":false,"template":"","format":"standard","meta":{"footnotes":""},"categories":[2816],"tags":[1111,11,1697,1777,674,16701,1011,27,1652,12,2680,25,1341,2312],"class_list":{"0":"post-180710","1":"post","2":"type-post","3":"status-publish","4":"format-standard","5":"has-post-thumbnail","7":"category-toulouse","8":"tag-actu","9":"tag-actualites","10":"tag-concert","11":"tag-eu","12":"tag-europe","13":"tag-feu-dartifice","14":"tag-fr","15":"tag-france","16":"tag-loisirs-culture","17":"tag-news","18":"tag-occitanie","19":"tag-republique-francaise","20":"tag-sortir-a-toulouse","21":"tag-toulouse"},"share_on_mastodon":{"url":"https:\/\/pubeurope.com\/@fr\/114692846023521214","error":""},"_links":{"self":[{"href":"https:\/\/www.europesays.com\/fr\/wp-json\/wp\/v2\/posts\/180710","targetHints":{"allow":["GET"]}}],"collection":[{"href":"https:\/\/www.europesays.com\/fr\/wp-json\/wp\/v2\/posts"}],"about":[{"href":"https:\/\/www.europesays.com\/fr\/wp-json\/wp\/v2\/types\/post"}],"author":[{"embeddable":true,"href":"https:\/\/www.europesays.com\/fr\/wp-json\/wp\/v2\/users\/2"}],"replies":[{"embeddable":true,"href":"https:\/\/www.europesays.com\/fr\/wp-json\/wp\/v2\/comments?post=180710"}],"version-history":[{"count":0,"href":"https:\/\/www.europesays.com\/fr\/wp-json\/wp\/v2\/posts\/180710\/revisions"}],"wp:featuredmedia":[{"embeddable":true,"href":"https:\/\/www.europesays.com\/fr\/wp-json\/wp\/v2\/media\/180711"}],"wp:attachment":[{"href":"https:\/\/www.europesays.com\/fr\/wp-json\/wp\/v2\/media?parent=180710"}],"wp:term":[{"taxonomy":"category","embeddable":true,"href":"https:\/\/www.europesays.com\/fr\/wp-json\/wp\/v2\/categories?post=180710"},{"taxonomy":"post_tag","embeddable":true,"href":"https:\/\/www.europesays.com\/fr\/wp-json\/wp\/v2\/tags?post=180710"}],"curies":[{"name":"wp","href":"https:\/\/api.w.org\/{rel}","templated":true}]}}