{"id":180712,"date":"2025-06-16T11:38:11","date_gmt":"2025-06-16T11:38:11","guid":{"rendered":"https:\/\/www.europesays.com\/fr\/180712\/"},"modified":"2025-06-16T11:38:11","modified_gmt":"2025-06-16T11:38:11","slug":"les-logements-etudiants-sont-pris-dassaut-mais-les-loyers-restent-stables","status":"publish","type":"post","link":"https:\/\/www.europesays.com\/fr\/180712\/","title":{"rendered":"les logements \u00e9tudiants sont pris d&rsquo;assaut, mais les loyers restent stables"},"content":{"rendered":"<p>            Par<br \/>\n        <strong><br \/>\n            <a href=\"https:\/\/actu.fr\/auteur\/hervine-mahaud\" title=\"Consulter tous les articles de Hervine Mahaud\" target=\"_blank\" rel=\"noopener\">Hervine Mahaud<\/a><br \/>\n        <\/strong><\/p>\n<p>        Publi\u00e9 le<\/p>\n<p>            16 juin 2025 \u00e0 12h48        <\/p>\n<p>\u00c0 quelques mois de la <b>rentr\u00e9e universitaire<\/b>, les recherches de <a href=\"https:\/\/actu.fr\/tag\/logement\" target=\"_blank\" rel=\"noopener\">logements<\/a> <a href=\"https:\/\/actu.fr\/tag\/etudiantses\" target=\"_blank\" rel=\"noopener\">\u00e9tudiants<\/a> s\u2019intensifient \u00e0 <a href=\"https:\/\/actu.fr\/lille\/\" target=\"_blank\" rel=\"noopener\">Lille<\/a>. Bonne nouvelle : <b>les loyers restent globalement stables<\/b>. Moins bonne nouvelle : <b>trouver un studio dans l\u2019agglom\u00e9ration devient une vraie course contre la montre<\/b>. C\u2019est ce qui ressort du dernier barom\u00e8tre publi\u00e9 par <b>LocService.fr<\/b>, sp\u00e9cialiste de la location entre particuliers, qui a analys\u00e9 pr\u00e8s de <b>8 000 offres et demandes<\/b> dans les <b>Hauts-de-France<\/b>.<\/p>\n<p>Lille, toujours en t\u00eate\u2026 et sous pression<\/p>\n<p class=\" wall-content\">L\u2019agglom\u00e9ration lilloise reste <b>le c\u0153ur battant de la vie \u00e9tudiante r\u00e9gionale<\/b>, comme le confirme cette \u00e9tude. En effet,\u00a0<b>une majorit\u00e9 <\/b>(54 %) des recherches d\u2019\u00e9tudiants dans la r\u00e9gion sont <b>concentr\u00e9es sur Lille<\/b>, un chiffre qui grimpe \u00e0 <b>plus de 60 % en incluant Villeneuve-d\u2019Ascq, Roubaix, Tourcoing<\/b>.<\/p>\n<p class=\" wall-content\">Mais cet engouement se paie : <b>le march\u00e9 locatif y est le plus tendu de la r\u00e9gion<\/b>, juste derri\u00e8re les mastodontes comme Lyon ou Paris.<\/p>\n<p class=\" wall-content\">Pour celles et ceux qui visent un studio \u00e0 Lille, il faudra compter en moyenne <b>518 \u20ac charges comprises<\/b>. Une stabilit\u00e9 bienvenue : <a href=\"https:\/\/actu.fr\/societe\/metropole-de-lille-622-e-de-budget-plutot-un-t1-voici-les-demandes-des-etudiants-pour-leur-logement_61198498.html\" target=\"_blank\" rel=\"noopener\">les prix n\u2019ont quasiment pas boug\u00e9 depuis 2024<\/a> (\u22121,15 % \u00e0 Lille), malgr\u00e9 la pression de la demande. Cela gr\u00e2ce \u00e0 l\u2019<b>encadrement des loyers<\/b>, en vigueur dans la ville.<\/p>\n<p>Quels types de logements pour quel budget ?<\/p>\n<p class=\" wall-content\">Sur l\u2019ensemble des demandes d\u2019\u00e9tudiants analys\u00e9es dans les Hauts-de-France par LocService.fr, <b>63 % <\/b><b>recherchent en priorit\u00e9 un studio ou un appartement T1 <\/b>(une pi\u00e8ce).\u00a0<\/p>\n<p class=\" wall-content\">L\u2019appartement avec une chambre (T2) est le choix de 18 % d\u2019\u00e9tudiants, plus ais\u00e9s ou en couple. La chambre \u00e9tudiante, ind\u00e9pendante ou chez l\u2019habitant, recueille 7 % des recherches alors qu\u2019un logement en colocation est pl\u00e9biscit\u00e9 par 4 % des \u00e9tudiants.<\/p>\n<p class=\" wall-content\">Le <b>budget moyen \u00e9tudiant dans les Hauts-de-France<\/b> est de <b>620 \u20ac<\/b>, inf\u00e9rieur \u00e0 la moyenne nationale (632 \u20ac) et bien en-dessous de l\u2019\u00cele-de-France (855 \u20ac, voire 917 \u20ac \u00e0 Paris).<\/p>\n<p>Les bons conseils : chercher t\u00f4t, et ailleurs si possible<\/p>\n<p class=\" wall-content\">si Lille attire, d\u2019autres villes restent <b>nettement plus abordables. Ainsi, \u00e0<\/b>\u00a0<b>Arras<\/b>, un studio se loue autour de <b>404 \u20ac<\/b> en moyenne. M\u00eame tendance \u00e0 <b>Amiens<\/b>, o\u00f9 la part des recherches a doubl\u00e9 (de 7 \u00e0 13 %). Dans ces villes, le march\u00e9 est aussi <b>moins satur\u00e9<\/b>, ce qui permet aux retardataires d\u2019avoir encore des chances\u2026 \u00e0 condition d\u2019\u00eatre r\u00e9actif.<\/p>\n<p class=\" wall-content\">\u00ab\u00a0\u00c0 l\u2019\u00e9chelle de la r\u00e9gion, <b>les principales difficult\u00e9s<\/b> pour trouver un logement se situent sans surprise dans l\u2019<b>agglom\u00e9ration lilloise<\/b>, o\u00f9 cependant l<b>a tension n\u2019a pas significativement augment\u00e9<\/b> depuis l\u2019ann\u00e9e derni\u00e8re, contrairement \u00e0 beaucoup d\u2019autres grandes villes fran\u00e7aises\u202f\u00a0\u00bb, pr\u00e9cise Ivan Thi\u00e9bault, data analyst chez LocService.<\/p>\n<p class=\" wall-content\">Il est cependant conseill\u00e9 de <b>ne pas attendre juillet-ao\u00fbt<\/b> pour se mettre en qu\u00eate d\u2019un logement, et d\u2019<b>optimiser sa recherche<\/b> avec des <b>outils efficaces<\/b>. \u00ab\u00a0Les prises de contact doivent \u00eatre plus efficaces pour \u00e9viter de perdre son temps entre appels \u00e0 r\u00e9p\u00e9tition et e-mails sans r\u00e9ponse\u00a0\u00bb, indique LocService.<\/p>\n<p class=\" wall-content\">\u00c0 ce titre, le sp\u00e9cialiste de la location et de la colocation entre particuliers propose une <b>mise en relation invers\u00e9e<\/b> : ce sont les <b>propri\u00e9taires qui contactent les locataires<\/b>, apr\u00e8s avoir examin\u00e9 leurs crit\u00e8res et leur dossier. LocService, \u00e9tant un site de particulier \u00e0 particulier, permet aussi d\u2019\u00e9viter les frais d\u2019agence.<\/p>\n<p class=\" wall-content\">Suivez toute l\u2019actualit\u00e9 de vos villes et m\u00e9dias favoris en vous inscrivant \u00e0 <a href=\"https:\/\/moncompte.actu.fr\" title=\"D\u00e9couvez Mon Actu\" rel=\"nofollow noopener\" data-trk=\"{&quot;cta&quot;:{&quot;action&quot;:&quot;https:\\\/\\\/moncompte.actu.fr&quot;,&quot;category&quot;:&quot;mon compte&quot;,&quot;from&quot;:&quot;article footer&quot;,&quot;name&quot;:&quot;Mon actu&quot;,&quot;type&quot;:&quot;cta&quot;}}\" target=\"_blank\">Mon Actu<\/a>.<\/p>\n","protected":false},"excerpt":{"rendered":"Par Hervine Mahaud Publi\u00e9 le 16 juin 2025 \u00e0 12h48 \u00c0 quelques mois de la rentr\u00e9e universitaire, les&hellip;\n","protected":false},"author":2,"featured_media":180713,"comment_status":"","ping_status":"","sticky":false,"template":"","format":"standard","meta":{"footnotes":""},"categories":[2815],"tags":[1111,11,33,1064,1777,674,1011,27,811,1307,1908,12,25],"class_list":{"0":"post-180712","1":"post","2":"type-post","3":"status-publish","4":"format-standard","5":"has-post-thumbnail","7":"category-lille","8":"tag-actu","9":"tag-actualites","10":"tag-economie","11":"tag-etudiantses","12":"tag-eu","13":"tag-europe","14":"tag-fr","15":"tag-france","16":"tag-hauts-de-france","17":"tag-lille","18":"tag-logement","19":"tag-news","20":"tag-republique-francaise"},"share_on_mastodon":{"url":"https:\/\/pubeurope.com\/@fr\/114692849873909050","error":""},"_links":{"self":[{"href":"https:\/\/www.europesays.com\/fr\/wp-json\/wp\/v2\/posts\/180712","targetHints":{"allow":["GET"]}}],"collection":[{"href":"https:\/\/www.europesays.com\/fr\/wp-json\/wp\/v2\/posts"}],"about":[{"href":"https:\/\/www.europesays.com\/fr\/wp-json\/wp\/v2\/types\/post"}],"author":[{"embeddable":true,"href":"https:\/\/www.europesays.com\/fr\/wp-json\/wp\/v2\/users\/2"}],"replies":[{"embeddable":true,"href":"https:\/\/www.europesays.com\/fr\/wp-json\/wp\/v2\/comments?post=180712"}],"version-history":[{"count":0,"href":"https:\/\/www.europesays.com\/fr\/wp-json\/wp\/v2\/posts\/180712\/revisions"}],"wp:featuredmedia":[{"embeddable":true,"href":"https:\/\/www.europesays.com\/fr\/wp-json\/wp\/v2\/media\/180713"}],"wp:attachment":[{"href":"https:\/\/www.europesays.com\/fr\/wp-json\/wp\/v2\/media?parent=180712"}],"wp:term":[{"taxonomy":"category","embeddable":true,"href":"https:\/\/www.europesays.com\/fr\/wp-json\/wp\/v2\/categories?post=180712"},{"taxonomy":"post_tag","embeddable":true,"href":"https:\/\/www.europesays.com\/fr\/wp-json\/wp\/v2\/tags?post=180712"}],"curies":[{"name":"wp","href":"https:\/\/api.w.org\/{rel}","templated":true}]}}