{"id":180714,"date":"2025-06-16T11:39:10","date_gmt":"2025-06-16T11:39:10","guid":{"rendered":"https:\/\/www.europesays.com\/fr\/180714\/"},"modified":"2025-06-16T11:39:10","modified_gmt":"2025-06-16T11:39:10","slug":"marine-en-showcase-et-dedicace-a-la-fnac-lille-sur-inscription","status":"publish","type":"post","link":"https:\/\/www.europesays.com\/fr\/180714\/","title":{"rendered":"Marine en showcase et d\u00e9dicace \u00e0 la Fnac Lille ! *Sur inscription"},"content":{"rendered":"<p>Venez \u00e9couter la grande gagnante de la Star Academy 2024 lors d\u2019un showcase exclusif organis\u00e9 pour la sortie de son premier album \u00ab Coeur maladroit \u00bb (sortie le 27 juin, Columbia) !<\/p>\n<p>                            <strong>Ouverture des inscriptions le 18 juin \u00e0 11h ici !\u00a0<\/strong><\/p>\n<p><strong>Plongez dans l\u2019univers sinc\u00e8re et puissant de Marine, r\u00e9v\u00e9l\u00e9e au grand public par sa victoire \u00e0 la Star Academy 2024. Avec\u00a0C\u0153ur Maladroit, son premier album dont la sortie est annonc\u00e9e pour le 27 juin, l\u2019artiste livre une \u0153uvre intime et universelle, construite autour de son instrument de c\u0153ur : le piano.<\/strong><\/p>\n<p><strong\/>Originaire du Nord, solaire, attachante et spontan\u00e9e, elle a conquis le public avec sa sinc\u00e9rit\u00e9 et son talent brut. Son premier single\u00a0<strong>Ma Faute<\/strong>, \u00e9crit et compos\u00e9 dans sa chambre d\u2019adolescente et d\u00e9voil\u00e9 en prime \u00e0 la Star Academy, est d\u00e9j\u00e0 <strong>single de platine avec plus de 30 millions de streams<\/strong> ! Co\u00e9crit et compos\u00e9 en grande partie par\u00a0Marine, l\u2019album\u00a0<strong>C\u0153ur Maladroit\u00a0<\/strong>propose une travers\u00e9e intime de son univers. Elle y raconte les amours compliqu\u00e9es, les blessures, les espoirs et la prise de confiance en soi, avec une plume touchante et des m\u00e9lodies oscillant entre ballades et pop.\u00a0<\/p>\n<p> En collaboration avec plusieurs producteurs renomm\u00e9s,\u00a0Marine\u00a0a travaill\u00e9 sans rel\u00e2che ces derniers mois pour explorer et faire d\u00e9couvrir de nouvelles facettes de sa personnalit\u00e9 artistique.Cet\u00a0album\u00a0est port\u00e9 par des collaborations marquantes, \u00e0 commencer par celle avec\u00a0Eddy de Pretto, figure majeure de la chanson contemporaine. S\u00e9duit par la sensibilit\u00e9 de\u00a0Marine, Eddy\u00a0\u00e9crit et compose deux titres forts de l\u2019album, dans lesquels transparaissent leur lien artistique et la force de leur compl\u00e9mentarit\u00e9.\u00a0Joseph Kamel\u00a0et\u00a0Daysy\u00a0ont \u00e9galement apport\u00e9 leur touche singuli\u00e8re sur l\u2019un des titres de l\u2019album.\u00a0Marine\u00a0est une artiste de son temps : ancr\u00e9e dans ses racines populaires, profond\u00e9ment proche de son public, avec une communaut\u00e9 ultra-active de plus d\u2019un million de personnes, dont 122 000 fans sur son canal priv\u00e9 Instagram, qui suivent chaque \u00e9tape de cette aventure.\u00a0<\/p>\n<p style=\"text-align: center;\"><strong>*\u00c9v\u00e9nement gratuit sur inscription, dans la limite des places disponibles<\/strong><\/p>\n<p>        <img decoding=\"async\" src=\"https:\/\/www.europesays.com\/fr\/wp-content\/uploads\/2025\/04\/logo-rse.png\" alt=\"Logo RSE\" loading=\"lazy\" width=\"84\" height=\"116\"\/><\/p>\n<p>\n        La Fnac s\u2019engage activement dans les initiatives de responsabilit\u00e9 soci\u00e9tale des entreprises (RSE).\n    <\/p>\n<p>\n        Aidez-nous en choisissant la mobilit\u00e9 douce en privil\u00e9giant par exemple le v\u00e9lo (pistes cyclables et stationnements \u00e0 disposition), les transports en commun ou le covoiturage pour nous rejoindre. Ainsi, vous contribuez \u00e0 r\u00e9duire les \u00e9missions de gaz \u00e0 effet de serre et \u00e0 am\u00e9liorer notre qualit\u00e9 de l\u2019air. Pour plus d\u2019information, consultez la fiche du magasin.<br \/>Tous nos \u00e9v\u00e8nements sont en acc\u00e8s gratuit, dans la limite des places disponibles.\n    <\/p>\n","protected":false},"excerpt":{"rendered":"Venez \u00e9couter la grande gagnante de la Star Academy 2024 lors d\u2019un showcase exclusif organis\u00e9 pour la sortie&hellip;\n","protected":false},"author":2,"featured_media":180715,"comment_status":"","ping_status":"","sticky":false,"template":"","format":"standard","meta":{"footnotes":""},"categories":[2815],"tags":[1111,11,24476,29885,1777,674,9391,1011,27,31813,811,1307,6128,12,26103,25,29055],"class_list":{"0":"post-180714","1":"post","2":"type-post","3":"status-publish","4":"format-standard","5":"has-post-thumbnail","7":"category-lille","8":"tag-actu","9":"tag-actualites","10":"tag-coeur-maladroit","11":"tag-concert-gratuit","12":"tag-eu","13":"tag-europe","14":"tag-evenement-fnac-gratuit","15":"tag-fr","16":"tag-france","17":"tag-gagnante-star-academy-2024","18":"tag-hauts-de-france","19":"tag-lille","20":"tag-marine","21":"tag-news","22":"tag-premier-album","23":"tag-republique-francaise","24":"tag-variete-francaise"},"share_on_mastodon":{"url":"https:\/\/pubeurope.com\/@fr\/114692853816091179","error":""},"_links":{"self":[{"href":"https:\/\/www.europesays.com\/fr\/wp-json\/wp\/v2\/posts\/180714","targetHints":{"allow":["GET"]}}],"collection":[{"href":"https:\/\/www.europesays.com\/fr\/wp-json\/wp\/v2\/posts"}],"about":[{"href":"https:\/\/www.europesays.com\/fr\/wp-json\/wp\/v2\/types\/post"}],"author":[{"embeddable":true,"href":"https:\/\/www.europesays.com\/fr\/wp-json\/wp\/v2\/users\/2"}],"replies":[{"embeddable":true,"href":"https:\/\/www.europesays.com\/fr\/wp-json\/wp\/v2\/comments?post=180714"}],"version-history":[{"count":0,"href":"https:\/\/www.europesays.com\/fr\/wp-json\/wp\/v2\/posts\/180714\/revisions"}],"wp:featuredmedia":[{"embeddable":true,"href":"https:\/\/www.europesays.com\/fr\/wp-json\/wp\/v2\/media\/180715"}],"wp:attachment":[{"href":"https:\/\/www.europesays.com\/fr\/wp-json\/wp\/v2\/media?parent=180714"}],"wp:term":[{"taxonomy":"category","embeddable":true,"href":"https:\/\/www.europesays.com\/fr\/wp-json\/wp\/v2\/categories?post=180714"},{"taxonomy":"post_tag","embeddable":true,"href":"https:\/\/www.europesays.com\/fr\/wp-json\/wp\/v2\/tags?post=180714"}],"curies":[{"name":"wp","href":"https:\/\/api.w.org\/{rel}","templated":true}]}}