{"id":180719,"date":"2025-06-16T11:42:11","date_gmt":"2025-06-16T11:42:11","guid":{"rendered":"https:\/\/www.europesays.com\/fr\/180719\/"},"modified":"2025-06-16T11:42:11","modified_gmt":"2025-06-16T11:42:11","slug":"panne-geante-en-cours-sur-le-reseau-mobile-sfr-a-lyon-des-milliers-de-clients-touches","status":"publish","type":"post","link":"https:\/\/www.europesays.com\/fr\/180719\/","title":{"rendered":"Panne g\u00e9ante en cours sur le r\u00e9seau mobile SFR \u00e0 Lyon, des milliers de clients touch\u00e9s"},"content":{"rendered":"<p>            Par<br \/>\n        <strong><br \/>\n            <a href=\"https:\/\/actu.fr\/auteur\/redaction-lyon\" title=\"Consulter tous les articles de R\u00e9daction Lyon\" target=\"_blank\" rel=\"noopener\">R\u00e9daction Lyon<\/a><br \/>\n        <\/strong><\/p>\n<p>        Publi\u00e9 le<\/p>\n<p>            16 juin 2025 \u00e0 13h26        <\/p>\n<p>Des milliers de clients sont sans t\u00e9l\u00e9phone et acc\u00e8s internet sur leur mobile ce lundi 16 juin 2025 \u00e0 <a href=\"https:\/\/actu.fr\/auvergne-rhone-alpes\/lyon_69123\" target=\"_blank\" rel=\"noopener\">Lyon<\/a>. L\u2019<strong>op\u00e9rateur SFR<\/strong> est touch\u00e9 par une <strong>panne g\u00e9ante nationale dans plusieurs grandes villes dont Lyon<\/strong>, a constat\u00e9 actu Lyon aupr\u00e8s de plusieurs abonn\u00e9s de l\u2019op\u00e9rateur.\u00a0<\/p>\n<p class=\" wall-content\">Des probl\u00e8mes sont \u00e9galement signal\u00e9s chez <strong>Red by SFR<\/strong> et chez les op\u00e9rateurs virtuels comme <strong>Prixtel<\/strong> qui utilisent le r\u00e9seau de SFR.<\/p>\n<p class=\" wall-content\">Dans la rue, au bureau ou les transports en commun, de nombreux Lyonnais s\u2019interrogent ce midi sur l\u2019absence de r\u00e9seau. Les barres pour passer les appels ont disparu et les logos 4G et 5G ne sont plus visibles. Les appels sont impossibles et l\u2019acc\u00e8s \u00e0 l\u2019internet mobile indisponible.<\/p>\n<p class=\" wall-content\">\n<p class=\" wall-content\">\n<p class=\" wall-content\">\u00ab\u00a0Nous vous informons qu\u2019un incident technique impacte actuellement notre r\u00e9seau. Nos \u00e9quipes techniques sont pleinement mobilis\u00e9es pour r\u00e9tablir la situation. Nous vous prions de bien vouloir nous excuser pour la g\u00eane occasionn\u00e9e\u00a0\u00bb, confirme SFR sur ses r\u00e9seaux sociaux.<\/p>\n<p class=\" wall-content\"><strong>Plus d\u2019informations \u00e0 suivre\u2026<\/strong><\/p>\n<p class=\" wall-content\">Suivez toute l\u2019actualit\u00e9 de vos villes et m\u00e9dias favoris en vous inscrivant \u00e0 <a href=\"https:\/\/moncompte.actu.fr\" title=\"D\u00e9couvez Mon Actu\" rel=\"nofollow noopener\" data-trk=\"{&quot;cta&quot;:{&quot;action&quot;:&quot;https:\\\/\\\/moncompte.actu.fr&quot;,&quot;category&quot;:&quot;mon compte&quot;,&quot;from&quot;:&quot;article footer&quot;,&quot;name&quot;:&quot;Mon actu&quot;,&quot;type&quot;:&quot;cta&quot;}}\" target=\"_blank\">Mon Actu<\/a>.<\/p>\n","protected":false},"excerpt":{"rendered":"Par R\u00e9daction Lyon Publi\u00e9 le 16 juin 2025 \u00e0 13h26 Des milliers de clients sont sans t\u00e9l\u00e9phone et&hellip;\n","protected":false},"author":2,"featured_media":180720,"comment_status":"","ping_status":"","sticky":false,"template":"","format":"standard","meta":{"footnotes":""},"categories":[1889],"tags":[1111,11,2430,1777,674,1011,27,2428,12,10899,25,104],"class_list":{"0":"post-180719","1":"post","2":"type-post","3":"status-publish","4":"format-standard","5":"has-post-thumbnail","7":"category-lyon","8":"tag-actu","9":"tag-actualites","10":"tag-auvergne-rhone-alpes","11":"tag-eu","12":"tag-europe","13":"tag-fr","14":"tag-france","15":"tag-lyon","16":"tag-news","17":"tag-panne","18":"tag-republique-francaise","19":"tag-societe"},"share_on_mastodon":{"url":"https:\/\/pubeurope.com\/@fr\/114692865585198077","error":""},"_links":{"self":[{"href":"https:\/\/www.europesays.com\/fr\/wp-json\/wp\/v2\/posts\/180719","targetHints":{"allow":["GET"]}}],"collection":[{"href":"https:\/\/www.europesays.com\/fr\/wp-json\/wp\/v2\/posts"}],"about":[{"href":"https:\/\/www.europesays.com\/fr\/wp-json\/wp\/v2\/types\/post"}],"author":[{"embeddable":true,"href":"https:\/\/www.europesays.com\/fr\/wp-json\/wp\/v2\/users\/2"}],"replies":[{"embeddable":true,"href":"https:\/\/www.europesays.com\/fr\/wp-json\/wp\/v2\/comments?post=180719"}],"version-history":[{"count":0,"href":"https:\/\/www.europesays.com\/fr\/wp-json\/wp\/v2\/posts\/180719\/revisions"}],"wp:featuredmedia":[{"embeddable":true,"href":"https:\/\/www.europesays.com\/fr\/wp-json\/wp\/v2\/media\/180720"}],"wp:attachment":[{"href":"https:\/\/www.europesays.com\/fr\/wp-json\/wp\/v2\/media?parent=180719"}],"wp:term":[{"taxonomy":"category","embeddable":true,"href":"https:\/\/www.europesays.com\/fr\/wp-json\/wp\/v2\/categories?post=180719"},{"taxonomy":"post_tag","embeddable":true,"href":"https:\/\/www.europesays.com\/fr\/wp-json\/wp\/v2\/tags?post=180719"}],"curies":[{"name":"wp","href":"https:\/\/api.w.org\/{rel}","templated":true}]}}