{"id":180758,"date":"2025-06-16T12:06:12","date_gmt":"2025-06-16T12:06:12","guid":{"rendered":"https:\/\/www.europesays.com\/fr\/180758\/"},"modified":"2025-06-16T12:06:12","modified_gmt":"2025-06-16T12:06:12","slug":"atp-stuttgart-zverev-battu-en-finale-par-fritz-ne-tinquiete-pas-je-gagnerai-wimbledon","status":"publish","type":"post","link":"https:\/\/www.europesays.com\/fr\/180758\/","title":{"rendered":"ATP &#8211; Stuttgart > Zverev (battu en finale par Fritz) : \u00ab\u00a0Ne t&rsquo;inqui\u00e8te pas, je gagnerai Wimbledon\u00a0\u00bb"},"content":{"rendered":"<p>\u00ab\u202fSascha, Wimbledon\u202f!\u202f\u00bb, a cri\u00e9 un fan apr\u00e8s la d\u00e9faite d\u2019Alexander Zverev apr\u00e8s sa d\u00e9faite contre Taylor Fritz en finale de l\u2019ATP 250 de Stuttgart.\u00a0<\/p>\n<p><strong>\u00ab\u202fNe t\u2019in\u00adqui\u00e8te pas, je gagnerai Wimbledon\u202f\u00bb<\/strong>, a r\u00e9pondu le num\u00e9ro 3 mondial, dans des propos relay\u00e9s par <a href=\"https:\/\/www.eurosport.de\/tennis\/atp-halle\/2025\/alexander-zverev-grand-slam-titel-beim-rasenklassiker-in-wimbledon-pressekonferenz-aussage_sto23192842\/story.shtml\" data-wpel-link=\"external\" target=\"_blank\" rel=\"nofollow external noopener\">Eurosport Allemagne<\/a>, avant de d\u00e9ve\u00adlopper en conf\u00e9\u00adrence de presse. <strong>Pourquoi pas\u202f? Ce n\u2019est bien s\u00fbr jamais agr\u00e9able de perdre une finale, mais je joue sur gazon depuis cinq jours et je trouve que cette semaine a \u00e9t\u00e9 tr\u00e8s positive.\u202f\u00bb<\/strong><\/p>\n<p>A noter que Zverev, toujours en qu\u00eate d\u2019un premier titre en Grand Chelem, n\u2019a jamais d\u00e9pass\u00e9 les huiti\u00e8mes de finale \u00e0 Wimbledon.<\/p>\n<p class=\"post-published-date\" style=\"color: silver; font-size: 75%; text-align: left;\">Publi\u00e9 le lundi 16 juin 2025 \u00e0 13:19<\/p>\n","protected":false},"excerpt":{"rendered":"\u00ab\u202fSascha, Wimbledon\u202f!\u202f\u00bb, a cri\u00e9 un fan apr\u00e8s la d\u00e9faite d\u2019Alexander Zverev apr\u00e8s sa d\u00e9faite contre Taylor Fritz en&hellip;\n","protected":false},"author":2,"featured_media":176566,"comment_status":"","ping_status":"","sticky":false,"template":"","format":"standard","meta":{"footnotes":""},"categories":[1415],"tags":[1011,27,60,1467,4542],"class_list":{"0":"post-180758","1":"post","2":"type-post","3":"status-publish","4":"format-standard","5":"has-post-thumbnail","7":"category-tennis","8":"tag-fr","9":"tag-france","10":"tag-sports","11":"tag-tennis","12":"tag-zverev"},"share_on_mastodon":{"url":"https:\/\/pubeurope.com\/@fr\/114692960016252362","error":""},"_links":{"self":[{"href":"https:\/\/www.europesays.com\/fr\/wp-json\/wp\/v2\/posts\/180758","targetHints":{"allow":["GET"]}}],"collection":[{"href":"https:\/\/www.europesays.com\/fr\/wp-json\/wp\/v2\/posts"}],"about":[{"href":"https:\/\/www.europesays.com\/fr\/wp-json\/wp\/v2\/types\/post"}],"author":[{"embeddable":true,"href":"https:\/\/www.europesays.com\/fr\/wp-json\/wp\/v2\/users\/2"}],"replies":[{"embeddable":true,"href":"https:\/\/www.europesays.com\/fr\/wp-json\/wp\/v2\/comments?post=180758"}],"version-history":[{"count":0,"href":"https:\/\/www.europesays.com\/fr\/wp-json\/wp\/v2\/posts\/180758\/revisions"}],"wp:featuredmedia":[{"embeddable":true,"href":"https:\/\/www.europesays.com\/fr\/wp-json\/wp\/v2\/media\/176566"}],"wp:attachment":[{"href":"https:\/\/www.europesays.com\/fr\/wp-json\/wp\/v2\/media?parent=180758"}],"wp:term":[{"taxonomy":"category","embeddable":true,"href":"https:\/\/www.europesays.com\/fr\/wp-json\/wp\/v2\/categories?post=180758"},{"taxonomy":"post_tag","embeddable":true,"href":"https:\/\/www.europesays.com\/fr\/wp-json\/wp\/v2\/tags?post=180758"}],"curies":[{"name":"wp","href":"https:\/\/api.w.org\/{rel}","templated":true}]}}