{"id":180759,"date":"2025-06-16T12:07:22","date_gmt":"2025-06-16T12:07:22","guid":{"rendered":"https:\/\/www.europesays.com\/fr\/180759\/"},"modified":"2025-06-16T12:07:22","modified_gmt":"2025-06-16T12:07:22","slug":"basket-ball-la-federation-francaise-developpe-sa-strategie-rse","status":"publish","type":"post","link":"https:\/\/www.europesays.com\/fr\/180759\/","title":{"rendered":"Basket-ball. La f\u00e9d\u00e9ration fran\u00e7aise d\u00e9veloppe sa strat\u00e9gie RSE"},"content":{"rendered":"<p class=\"mb-4\"><strong>RSE.<\/strong> La F\u00e9d\u00e9ration fran\u00e7aise de basketball (FFBB) invite ses clubs \u00e0 recycler son mat\u00e9riel. Au travers de son partenariat avec Ecologic, des points de collecte d\u2019une capacit\u00e9 de 600 litres seront mis \u00e0 disposition, indique <a href=\"https:\/\/www.ffbb.com\/actualites\/collecte-des-equipements-sportifs-engagez-vous-pour-un-sport-plus-durable\" target=\"_blank\" rel=\"noopener\">un communiqu\u00e9<\/a> publi\u00e9 mercredi 2 avril 2025. En f\u00e9vrier dernier, la F\u00e9d\u00e9ration fran\u00e7aise de tennis de table (FFTT) avait \u00e9galement sign\u00e9 un <a href=\"https:\/\/sportbusiness.club\/rse-la-federation-francaise-de-tennis-de-table-signe-avec-ecologic\/\" target=\"_blank\" rel=\"noopener\">pacte de collaboration<\/a> avec Ecologic.<\/p>\n<p class=\"mb-4\">\u00a9 SportBusiness.Club Avril 2025<\/p>\n","protected":false},"excerpt":{"rendered":"RSE. La F\u00e9d\u00e9ration fran\u00e7aise de basketball (FFBB) invite ses clubs \u00e0 recycler son mat\u00e9riel. Au travers de son&hellip;\n","protected":false},"author":2,"featured_media":180760,"comment_status":"","ping_status":"","sticky":false,"template":"","format":"standard","meta":{"footnotes":""},"categories":[1414],"tags":[1465,1464,1011,27,60],"class_list":{"0":"post-180759","1":"post","2":"type-post","3":"status-publish","4":"format-standard","5":"has-post-thumbnail","7":"category-basket","8":"tag-basket","9":"tag-basketball","10":"tag-fr","11":"tag-france","12":"tag-sports"},"share_on_mastodon":{"url":"https:\/\/pubeurope.com\/@fr\/114692964216730115","error":""},"_links":{"self":[{"href":"https:\/\/www.europesays.com\/fr\/wp-json\/wp\/v2\/posts\/180759","targetHints":{"allow":["GET"]}}],"collection":[{"href":"https:\/\/www.europesays.com\/fr\/wp-json\/wp\/v2\/posts"}],"about":[{"href":"https:\/\/www.europesays.com\/fr\/wp-json\/wp\/v2\/types\/post"}],"author":[{"embeddable":true,"href":"https:\/\/www.europesays.com\/fr\/wp-json\/wp\/v2\/users\/2"}],"replies":[{"embeddable":true,"href":"https:\/\/www.europesays.com\/fr\/wp-json\/wp\/v2\/comments?post=180759"}],"version-history":[{"count":0,"href":"https:\/\/www.europesays.com\/fr\/wp-json\/wp\/v2\/posts\/180759\/revisions"}],"wp:featuredmedia":[{"embeddable":true,"href":"https:\/\/www.europesays.com\/fr\/wp-json\/wp\/v2\/media\/180760"}],"wp:attachment":[{"href":"https:\/\/www.europesays.com\/fr\/wp-json\/wp\/v2\/media?parent=180759"}],"wp:term":[{"taxonomy":"category","embeddable":true,"href":"https:\/\/www.europesays.com\/fr\/wp-json\/wp\/v2\/categories?post=180759"},{"taxonomy":"post_tag","embeddable":true,"href":"https:\/\/www.europesays.com\/fr\/wp-json\/wp\/v2\/tags?post=180759"}],"curies":[{"name":"wp","href":"https:\/\/api.w.org\/{rel}","templated":true}]}}