{"id":180771,"date":"2025-06-16T12:13:29","date_gmt":"2025-06-16T12:13:29","guid":{"rendered":"https:\/\/www.europesays.com\/fr\/180771\/"},"modified":"2025-06-16T12:13:29","modified_gmt":"2025-06-16T12:13:29","slug":"le-caravage-maitre-du-rome-lexposition-dune-vie","status":"publish","type":"post","link":"https:\/\/www.europesays.com\/fr\/180771\/","title":{"rendered":"Le Caravage, ma\u00eetre du Rome : l&rsquo;exposition d&rsquo;une vie"},"content":{"rendered":"<p class=\"jsx-4058425199 jsx-2164199691 ExpandableText__Text\">\u00c0 l&rsquo;\u00e9poque o\u00f9 le bac n\u2019existait pas et l\u2019intelligence artificielle encore moins, le monde ne manquait pas de talents pour autant, Caravage est l\u2019un des plus grands artistes du XVIIe si\u00e8cle. Ce peintre italien est au c\u0153ur d&rsquo;une grande exposition  \u00e0 Rome. Si ses tableaux sont saisissants de r\u00e9alisme, le destin de cet artiste ne manque pas non plus de piquant. Michelangelo Merisi bouscule les codes de la peinture. Il se concentre sur les personnages, assombrit les fonds et \u00e9claircit les visages.<\/p>\n<p>Lire plusReplier<\/p>\n","protected":false},"excerpt":{"rendered":"\u00c0 l&rsquo;\u00e9poque o\u00f9 le bac n\u2019existait pas et l\u2019intelligence artificielle encore moins, le monde ne manquait pas de&hellip;\n","protected":false},"author":2,"featured_media":180772,"comment_status":"","ping_status":"","sticky":false,"template":"","format":"standard","meta":{"footnotes":""},"categories":[1358],"tags":[1348,1384,1385,1386,58,59,1011,27,937,2952,2041,10076,133,2040],"class_list":{"0":"post-180771","1":"post","2":"type-post","3":"status-publish","4":"format-standard","5":"has-post-thumbnail","7":"category-arts-et-design","8":"tag-arts","9":"tag-arts-and-design","10":"tag-arts-et-design","11":"tag-design","12":"tag-divertissement","13":"tag-entertainment","14":"tag-fr","15":"tag-france","16":"tag-histoire","17":"tag-le-20h","18":"tag-medias-et-divertissement","19":"tag-sorties-culturelles","20":"tag-video","21":"tag-video-culture"},"share_on_mastodon":{"url":"https:\/\/pubeurope.com\/@fr\/114692987657360180","error":""},"_links":{"self":[{"href":"https:\/\/www.europesays.com\/fr\/wp-json\/wp\/v2\/posts\/180771","targetHints":{"allow":["GET"]}}],"collection":[{"href":"https:\/\/www.europesays.com\/fr\/wp-json\/wp\/v2\/posts"}],"about":[{"href":"https:\/\/www.europesays.com\/fr\/wp-json\/wp\/v2\/types\/post"}],"author":[{"embeddable":true,"href":"https:\/\/www.europesays.com\/fr\/wp-json\/wp\/v2\/users\/2"}],"replies":[{"embeddable":true,"href":"https:\/\/www.europesays.com\/fr\/wp-json\/wp\/v2\/comments?post=180771"}],"version-history":[{"count":0,"href":"https:\/\/www.europesays.com\/fr\/wp-json\/wp\/v2\/posts\/180771\/revisions"}],"wp:featuredmedia":[{"embeddable":true,"href":"https:\/\/www.europesays.com\/fr\/wp-json\/wp\/v2\/media\/180772"}],"wp:attachment":[{"href":"https:\/\/www.europesays.com\/fr\/wp-json\/wp\/v2\/media?parent=180771"}],"wp:term":[{"taxonomy":"category","embeddable":true,"href":"https:\/\/www.europesays.com\/fr\/wp-json\/wp\/v2\/categories?post=180771"},{"taxonomy":"post_tag","embeddable":true,"href":"https:\/\/www.europesays.com\/fr\/wp-json\/wp\/v2\/tags?post=180771"}],"curies":[{"name":"wp","href":"https:\/\/api.w.org\/{rel}","templated":true}]}}