{"id":180775,"date":"2025-06-16T12:15:11","date_gmt":"2025-06-16T12:15:11","guid":{"rendered":"https:\/\/www.europesays.com\/fr\/180775\/"},"modified":"2025-06-16T12:15:11","modified_gmt":"2025-06-16T12:15:11","slug":"avant-premiere-les-feux-de-lamour-du-18-juin-2025-episode-9244-tf1","status":"publish","type":"post","link":"https:\/\/www.europesays.com\/fr\/180775\/","title":{"rendered":"Avant-premi\u00e8re &#8211; Les feux de l&#039;amour du 18 juin 2025 &#8211; Episode 9244 &#8211; TF1+"},"content":{"rendered":"<ol>\n<li><a href=\"https:\/\/news.google.com\/rss\/articles\/CBMixAFBVV95cUxNWXZhZlQteWExMC1KTk91eGRDNFZmcXNHbVVYM0pUQUJzakhnVHRmdHJSaEk0OGxSOExoRWdnUml6alM5NkRJMnVCa2x2U3NqeDlCVGY4eXNIaXRXWEdrMGlKc1czWW94R0Nsd042Z2dQeFRVelo3ODdLaFdVS0FkRlFUb1V6Q3RuTzlpTjQ4LVl6WFI1ejhmZWhBaEpSemNncW9IUTRhRlJNNF8yY0lwaWRJYkR2UlFpT1lNOGc5TDQzRHlE?oc=5\" target=\"_blank\" rel=\"noopener\">Avant-premi\u00e8re &#8211; Les feux de l&rsquo;amour du 18 juin 2025 &#8211; Episode 9244<\/a>&nbsp;&nbsp;TF1+<\/li>\n<li><a href=\"https:\/\/news.google.com\/rss\/articles\/CBMiwAFBVV95cUxPVE9HOVhReXVHWDVqVHFodkU5a05HbU9WeUNEQTNfb2NEX3RYN2JCWVZ1YWJ3NmtuVzZpMDJhQ3NFYkhRdmRPczZXVmpwaTBnYkFiNXFtVDI0UDV4ZHRvd3RGLWZ4YkNtUFV0MXhKRzBoMW1rR0hqWktDWWU5UXoyUFhPNU9fNWdMWXVsSTJUaDNxZ3FQRHN3UnJRRkc3SzlUX0hZTlNHNHNhMTV0bFhQRWFqZ1J6dGZVcTN3N2VnMWI?oc=5\" target=\"_blank\" rel=\"noopener\">Les Feux de l&rsquo;Amour: R\u00e9sum\u00e9 de l&rsquo;\u00e9pisode du 16 juin 2025 (Rtbf)<\/a>&nbsp;&nbsp;soap-passion.com<\/li>\n<li><a href=\"https:\/\/news.google.com\/rss\/articles\/CBMikwFBVV95cUxQdEsxSzRub29ZdHk1dU9VY1FfVllHWWFJMUpsSFc0ZTV2Z0o2ZmhsTjdMUmhkZURpaERfRkwwRHZQbkhsaHNIRW13M1JWV0E2UW5pbElYSXpjOXktNHp5dUo3WVA1TjhNWG15ODRIS1ZROWdqUUdXWWJjQkxwWHRIZGlPd1poc09qdXRSbUZrbnBzRzA?oc=5\" target=\"_blank\" rel=\"noopener\">La Une HD &#8211; Les feux de l&rsquo;amour &#8211; E6846 \u00c9pisode 6846<\/a>&nbsp;&nbsp;Pickx.be<\/li>\n<li><a href=\"https:\/\/news.google.com\/rss\/articles\/CBMivgFBVV95cUxNdVQ3Q3B5OTRiUUhpSHN6elV2d2NFdTd5RnZuRzBDWFZyNVl3RWpLUXVHTnV5VFRHZl9pNy1Vc2RxWFNEbFN2bTd6SWxscEFLYmtmV1lYbnU4YWZ5elJGX3k1Q1piNUh4VGRCWThraXJ1M1psZElyMW5xYWR5RnlnWjJmNWpycExaeEN0YkdMMm1TNmdfSW9QS2FDTHZDX2YyV0wtYmZRTkhYN1NhbFE3aGxNRVdwTmZla3dINlFn?oc=5\" target=\"_blank\" rel=\"noopener\">Les Feux de l&rsquo;Amour: R\u00e9sum\u00e9 de l&rsquo;\u00e9pisode du 16 juin 2025 (Tf1)<\/a>&nbsp;&nbsp;soap-passion.com<\/li>\n<li><a href=\"https:\/\/news.google.com\/rss\/articles\/CBMixgFBVV95cUxQWFZ1U0tuVmE2LVo3MWlLZmZiaC1LN0c3enJhLXE5ZnV2bm1PSDV5eWl3aXprYU5iWU9xenRNS1dLRzc3ejNHcXU2d2x0RVo0WFQzMlBXN3VBd2k2ZzdGUXprWEFqR1JTVlRMdUpUdUw2OGRMLWZIdURmMGd3OHVfNzA0d2x5bGRyUzBfNUlzaVdicWFwbElPNmJqdlM1OTRXbl9OTnVRRUswV01ScmduaUlhSVpFT2o3aU5OMklKZ3FBRk5lWGc?oc=5\" target=\"_blank\" rel=\"noopener\">Les Feux de l&rsquo;Amour, spoilers semaine du 9 juin 2025 aux USA<\/a>&nbsp;&nbsp;soap-passion.com<\/li>\n<\/ol>\n","protected":false},"excerpt":{"rendered":"Avant-premi\u00e8re &#8211; Les feux de l&rsquo;amour du 18 juin 2025 &#8211; Episode 9244&nbsp;&nbsp;TF1+ Les Feux de l&rsquo;Amour: R\u00e9sum\u00e9&hellip;\n","protected":false},"author":2,"featured_media":180776,"comment_status":"","ping_status":"","sticky":false,"template":"","format":"standard","meta":{"footnotes":""},"categories":[1356],"tags":[58,59,1365,15848,1011,27,15850,15849,15852,252,1364,15853,15851],"class_list":{"0":"post-180775","1":"post","2":"type-post","3":"status-publish","4":"format-standard","5":"has-post-thumbnail","7":"category-television","8":"tag-divertissement","9":"tag-entertainment","10":"tag-episode","11":"tag-episode-les-feux-de-lamour","12":"tag-fr","13":"tag-france","14":"tag-les-feux-de-lamour","15":"tag-les-feux-de-lamour-episode","16":"tag-streaming-les-feux-de-lamour","17":"tag-television","18":"tag-tv","19":"tag-video-en-streaming-les-feux-de-lamour","20":"tag-video-les-feux-de-lamour"},"share_on_mastodon":{"url":"https:\/\/pubeurope.com\/@fr\/114692995427099728","error":""},"_links":{"self":[{"href":"https:\/\/www.europesays.com\/fr\/wp-json\/wp\/v2\/posts\/180775","targetHints":{"allow":["GET"]}}],"collection":[{"href":"https:\/\/www.europesays.com\/fr\/wp-json\/wp\/v2\/posts"}],"about":[{"href":"https:\/\/www.europesays.com\/fr\/wp-json\/wp\/v2\/types\/post"}],"author":[{"embeddable":true,"href":"https:\/\/www.europesays.com\/fr\/wp-json\/wp\/v2\/users\/2"}],"replies":[{"embeddable":true,"href":"https:\/\/www.europesays.com\/fr\/wp-json\/wp\/v2\/comments?post=180775"}],"version-history":[{"count":0,"href":"https:\/\/www.europesays.com\/fr\/wp-json\/wp\/v2\/posts\/180775\/revisions"}],"wp:featuredmedia":[{"embeddable":true,"href":"https:\/\/www.europesays.com\/fr\/wp-json\/wp\/v2\/media\/180776"}],"wp:attachment":[{"href":"https:\/\/www.europesays.com\/fr\/wp-json\/wp\/v2\/media?parent=180775"}],"wp:term":[{"taxonomy":"category","embeddable":true,"href":"https:\/\/www.europesays.com\/fr\/wp-json\/wp\/v2\/categories?post=180775"},{"taxonomy":"post_tag","embeddable":true,"href":"https:\/\/www.europesays.com\/fr\/wp-json\/wp\/v2\/tags?post=180775"}],"curies":[{"name":"wp","href":"https:\/\/api.w.org\/{rel}","templated":true}]}}