{"id":180803,"date":"2025-06-16T12:29:46","date_gmt":"2025-06-16T12:29:46","guid":{"rendered":"https:\/\/www.europesays.com\/fr\/180803\/"},"modified":"2025-06-16T12:29:46","modified_gmt":"2025-06-16T12:29:46","slug":"un-pump-track-et-une-zone-de-fitness-vont-bientot-voir-le-jour-dans-ce-quartier-de-nancy","status":"publish","type":"post","link":"https:\/\/www.europesays.com\/fr\/180803\/","title":{"rendered":"Un pump-track et une zone de fitness vont bient\u00f4t voir le jour dans ce quartier de Nancy"},"content":{"rendered":"<p>            Par<br \/>\n        <strong><br \/>\n            <a href=\"https:\/\/actu.fr\/auteur\/amandine-mehl\" title=\"Consulter tous les articles de Amandine Mehl\" rel=\"nofollow noopener\" target=\"_blank\">Amandine Mehl<\/a><br \/>\n        <\/strong><\/p>\n<p>        Publi\u00e9 le<\/p>\n<p>            16 juin 2025 \u00e0 13h34        <\/p>\n<p>Alors que les <a href=\"https:\/\/actu.fr\/grand-est\/nancy_54395\/a-nancy-ces-10-projets-proposes-par-des-habitants-vont-bientot-voir-le-jour-voici-la-liste_62767491.html\" rel=\"nofollow noopener\" target=\"_blank\">10 projets<\/a> s\u00e9lectionn\u00e9s pour l\u2019<strong>\u00e9dition 2025<\/strong> ont \u00e9t\u00e9 d\u00e9voil\u00e9s, la Ville de Nancy a annonc\u00e9 le lancement prochain des <a href=\"https:\/\/actu.fr\/tag\/travaux\" rel=\"nofollow noopener\" target=\"_blank\">travaux<\/a> du <strong>nouvel espace sportif et ludique<\/strong> attendu au quai Ren\u00e9e II Duc de Lorraine, dans le cadre du <a href=\"https:\/\/actu.fr\/grand-est\/nancy_54395\/terrain-de-petanque-chaises-longues-13-projets-proposes-par-les-habitants-verront-bientot-le-jour-a-nancy_61168053.html\" rel=\"nofollow noopener\" target=\"_blank\">budget participatif 2024<\/a>.<\/p>\n<p>Une zone de fitness bient\u00f4t cr\u00e9\u00e9e \u00e0 Nancy<\/p>\n<p class=\" wall-content\">Au niveau du gymnase Proven\u00e7al, une <strong>zone de fitness<\/strong>, avec <strong>diff\u00e9rents modules et agr\u00e8s<\/strong> permettant une pratique sportive libre et inclusive, va voir le jour. Le second terrain de tennis va \u00e9galement subir une <strong>transformation<\/strong> puisqu\u2019il va laisser place \u00e0 un <a href=\"https:\/\/actu.fr\/grand-est\/nancy_54395\/nancy-qu-est-ce-que-le-pumptrack-cette-nouvelle-installation-quartier-rives-de-meurthe_52499022.html\" rel=\"nofollow noopener\" target=\"_blank\">pump-track<\/a>.<\/p>\n<p>    <img   decoding=\"async\" loading=\"lazy\" src=\"https:\/\/www.europesays.com\/fr\/wp-content\/uploads\/2025\/06\/nancy-sport-amenagements-960x640.png\" alt=\"sss\" width=\"960\" height=\"640\"\/><br \/>\n    Une zone de fitness, avec diff\u00e9rents modules et agr\u00e8s, va bient\u00f4t voir le jour \u00e0 Nancy au sein du quartier Saint-Pierre \u2013 Ren\u00e9 II \u2013 Bonsecours. (\u00a9Ville de Nancy)<\/p>\n<p class=\" wall-content\">Le chantier d\u00e9marrera fin juin. Jusqu\u2019\u00e0 d\u00e9but juillet, des travaux d\u2019arasement sur un mur adjacent au gymnase se tiendront. Entre le 18 et le 25\u00a0ao\u00fbt, les thuyas en bordure de site seront retir\u00e9s. Enfin, de septembre \u00e0 d\u00e9but octobre, les agr\u00e8s sportifs et le pump-track <strong>verront le jour<\/strong>. L\u2019<strong>ouverture des lieux<\/strong> au public est pr\u00e9vue pour la mi-octobre. S\u2019agissant du co\u00fbt des op\u00e9rations, il est de <strong>225\u2009000\u00a0euros<\/strong>.<\/p>\n<p>R\u00e9novation du terrain de football du stade Leprun \u00e0 Nancy<\/p>\n<p class=\" wall-content\">En parall\u00e8le, le <strong>terrain de football du stade Leprun<\/strong> va \u00eatre <strong>enti\u00e8rement r\u00e9nov\u00e9<\/strong> avec la pose d\u2019un rev\u00eatement synth\u00e9tique de derni\u00e8re g\u00e9n\u00e9ration, annonce la Ville.<\/p>\n<p class=\" wall-content\">La pose, estim\u00e9e \u00e0 cinq semaines, se fera \u00e0 partir du 4\u00a0ao\u00fbt. Entre le 8 et le 15\u00a0septembre, les \u00e9quipements annexes, \u00e0 savoir l\u2019\u00e9clairage, les buts, etc., seront mis en place.<\/p>\n<p>Vid\u00e9os : en ce moment sur Actu<\/p>\n<p class=\" wall-content\">L\u2019enveloppe allou\u00e9e \u00e0 ce projet s\u2019\u00e9l\u00e8ve \u00e0 <strong>pr\u00e8s d\u2019un million d\u2019euros<\/strong>.<\/p>\n<p class=\" wall-content\">Suivez toute l\u2019actualit\u00e9 de vos villes et m\u00e9dias favoris en vous inscrivant \u00e0 <a href=\"https:\/\/moncompte.actu.fr\" title=\"D\u00e9couvez Mon Actu\" rel=\"nofollow noopener\" data-trk=\"{&quot;cta&quot;:{&quot;action&quot;:&quot;https:\\\/\\\/moncompte.actu.fr&quot;,&quot;category&quot;:&quot;mon compte&quot;,&quot;from&quot;:&quot;article footer&quot;,&quot;name&quot;:&quot;Mon actu&quot;,&quot;type&quot;:&quot;cta&quot;}}\" target=\"_blank\">Mon Actu<\/a>.<\/p>\n","protected":false},"excerpt":{"rendered":"Par Amandine Mehl Publi\u00e9 le 16 juin 2025 \u00e0 13h34 Alors que les 10 projets s\u00e9lectionn\u00e9s pour l\u2019\u00e9dition&hellip;\n","protected":false},"author":2,"featured_media":180804,"comment_status":"","ping_status":"","sticky":false,"template":"","format":"standard","meta":{"footnotes":""},"categories":[9635],"tags":[1111,11,1777,674,1011,27,775,1702,12,25,104,517,2086],"class_list":{"0":"post-180803","1":"post","2":"type-post","3":"status-publish","4":"format-standard","5":"has-post-thumbnail","7":"category-nancy","8":"tag-actu","9":"tag-actualites","10":"tag-eu","11":"tag-europe","12":"tag-fr","13":"tag-france","14":"tag-grand-est","15":"tag-nancy","16":"tag-news","17":"tag-republique-francaise","18":"tag-societe","19":"tag-sport","20":"tag-travaux"},"share_on_mastodon":{"url":"https:\/\/pubeurope.com\/@fr\/114693050475399842","error":""},"_links":{"self":[{"href":"https:\/\/www.europesays.com\/fr\/wp-json\/wp\/v2\/posts\/180803","targetHints":{"allow":["GET"]}}],"collection":[{"href":"https:\/\/www.europesays.com\/fr\/wp-json\/wp\/v2\/posts"}],"about":[{"href":"https:\/\/www.europesays.com\/fr\/wp-json\/wp\/v2\/types\/post"}],"author":[{"embeddable":true,"href":"https:\/\/www.europesays.com\/fr\/wp-json\/wp\/v2\/users\/2"}],"replies":[{"embeddable":true,"href":"https:\/\/www.europesays.com\/fr\/wp-json\/wp\/v2\/comments?post=180803"}],"version-history":[{"count":0,"href":"https:\/\/www.europesays.com\/fr\/wp-json\/wp\/v2\/posts\/180803\/revisions"}],"wp:featuredmedia":[{"embeddable":true,"href":"https:\/\/www.europesays.com\/fr\/wp-json\/wp\/v2\/media\/180804"}],"wp:attachment":[{"href":"https:\/\/www.europesays.com\/fr\/wp-json\/wp\/v2\/media?parent=180803"}],"wp:term":[{"taxonomy":"category","embeddable":true,"href":"https:\/\/www.europesays.com\/fr\/wp-json\/wp\/v2\/categories?post=180803"},{"taxonomy":"post_tag","embeddable":true,"href":"https:\/\/www.europesays.com\/fr\/wp-json\/wp\/v2\/tags?post=180803"}],"curies":[{"name":"wp","href":"https:\/\/api.w.org\/{rel}","templated":true}]}}