{"id":180810,"date":"2025-06-16T12:33:09","date_gmt":"2025-06-16T12:33:09","guid":{"rendered":"https:\/\/www.europesays.com\/fr\/180810\/"},"modified":"2025-06-16T12:33:09","modified_gmt":"2025-06-16T12:33:09","slug":"herault-un-couple-retrouve-mort-par-arme-a-feu-pres-de-montpellier","status":"publish","type":"post","link":"https:\/\/www.europesays.com\/fr\/180810\/","title":{"rendered":"H\u00e9rault\u00a0: un couple retrouv\u00e9 mort par arme \u00e0 feu pr\u00e8s de Montpellier"},"content":{"rendered":"<p class=\"paragraph text_align_left\">Une macabre d\u00e9couverte dans l\u2019<a href=\"https:\/\/www.leparisien.fr\/herault-34\/\" target=\"_self\" rel=\"noopener\">H\u00e9rault<\/a>. Les corps d\u2019une femme et de son ex-compagnon ont \u00e9t\u00e9 retrouv\u00e9s au domicile de celle-ci, \u00e0 Murviel-l\u00e8s-Montpellier \u00e0 une quinzaine de kilom\u00e8tres de Montpellier, dans la nuit de samedi \u00e0 dimanche.<\/p>\n<p class=\"paragraph text_align_left\">Les deux personnes ont \u00e9t\u00e9 a priori tu\u00e9s toutes les deux par l\u2019arme \u00e0 feu retrouv\u00e9e \u00e0 quelques centim\u00e8tres de l\u2019homme. Selon les \u00e9l\u00e9ments communiqu\u00e9s par le procureur de la R\u00e9publique de Montpellier, Fabrice B\u00e9largent, le corps de la femme, \u00ab allong\u00e9e sur le dos, pr\u00e9sentait un orifice en plein milieu du thorax \u00bb.<\/p>\n<p>\u00ab Pas de traces de lutte \u00bb<\/p>\n<p class=\"paragraph text_align_left\">L\u2019homme \u00e0 son c\u00f4t\u00e9, \u00ab identifi\u00e9 comme \u00e9tant son ex-compagnon, (\u2026) pr\u00e9sentait lui une plaie au niveau du c\u0153ur \u00bb, pr\u00e9cise le magistrat, en soulignant que l\u2019homme \u00ab enla\u00e7ait \u00bb son ex-compagne. C\u2019est \u00e0 quelques centim\u00e8tres d\u2019un bras de l\u2019homme qu\u2019a \u00e9t\u00e9 retrouv\u00e9e l\u2019arme, \u00ab un fusil \u00e0 canon sci\u00e9 \u00e0 deux coups \u00bb.<\/p>\n<p class=\"paragraph text_align_left\">Si les premiers \u00e9l\u00e9ments montrent que le couple \u00e9tait s\u00e9par\u00e9 et que l\u2019homme vivait \u00e0 S\u00e8te, l\u2019enqu\u00eate devra pr\u00e9ciser s\u2019il s\u2019agit d\u2019un <a href=\"https:\/\/www.leparisien.fr\/faits-divers\/un-feminicide-qui-aurait-pu-etre-evite-les-proches-de-patricia-gomit-denoncent-linaction-coupable-de-letat-12-06-2025-36Q2EINNQJHGPPSPKG5TY6LEI4.php\" target=\"_self\" rel=\"noopener\">f\u00e9minicide<\/a> ou d\u2019un double meurtre par un agresseur ext\u00e9rieur.<\/p>\n<p class=\"paragraph text_align_left\">\u00ab Aucune proc\u00e9dure se rapportant \u00e0 des faits de violences conjugales n\u2019\u00e9tait en cours \u00bb, pr\u00e9cise le procureur de Montpellier, en ajoutant que \u00ab l\u2019appartement ne pr\u00e9sentait pas de trace de lutte et que les traces de sang \u00e9taient toutes localis\u00e9es sur le lieu de d\u00e9couverte des cadavres \u00bb.<\/p>\n<p class=\"paragraph text_align_left\">Les gendarmes avaient \u00e9t\u00e9 alert\u00e9s, peu apr\u00e8s minuit dans la nuit de samedi \u00e0 dimanche, par un voisin qui avait entendu une double d\u00e9tonation alors qu\u2019il rentrait chez lui. D\u00e9tenant les cl\u00e9s de la propri\u00e9t\u00e9 de sa voisine, il y \u00e9tait rentr\u00e9 pour r\u00e9aliser que la porte \u00e9tait ouverte et avait alors appel\u00e9 le 17.<\/p>\n<p class=\"paragraph text_align_left\">Selon les premi\u00e8res constatations techniques puis l\u2019examen des corps par le l\u00e9giste, la femme est d\u00e9c\u00e9d\u00e9e d\u2019un coup unique \u00e0 bout touchant, certains plombs lui ayant travers\u00e9 le corps. La piste du f\u00e9minicide serait pour le moment privil\u00e9gi\u00e9e, selon des informations d\u2019<a href=\"https:\/\/actu.fr\/occitanie\/murviel-les-montpellier_34179\/pres-de-montpellier-a-murviel-un-couple-retrouve-decede-par-arme-a-feu-dans-sa-maison_62774603.html\" target=\"_blank\" rel=\"noreferrer noopener\">Actu.fr<\/a>.<\/p>\n","protected":false},"excerpt":{"rendered":"Une macabre d\u00e9couverte dans l\u2019H\u00e9rault. Les corps d\u2019une femme et de son ex-compagnon ont \u00e9t\u00e9 retrouv\u00e9s au domicile&hellip;\n","protected":false},"author":2,"featured_media":178918,"comment_status":"","ping_status":"","sticky":false,"template":"","format":"standard","meta":{"footnotes":""},"categories":[9599],"tags":[1111,11,459,1777,674,118,1011,27,31842,2208,12,2680,25],"class_list":{"0":"post-180810","1":"post","2":"type-post","3":"status-publish","4":"format-standard","5":"has-post-thumbnail","7":"category-montpellier","8":"tag-actu","9":"tag-actualites","10":"tag-departements-horsidfo","11":"tag-eu","12":"tag-europe","13":"tag-faits-divers","14":"tag-fr","15":"tag-france","16":"tag-herault-34","17":"tag-montpellier","18":"tag-news","19":"tag-occitanie","20":"tag-republique-francaise"},"share_on_mastodon":{"url":"https:\/\/pubeurope.com\/@fr\/114693066176383472","error":""},"_links":{"self":[{"href":"https:\/\/www.europesays.com\/fr\/wp-json\/wp\/v2\/posts\/180810","targetHints":{"allow":["GET"]}}],"collection":[{"href":"https:\/\/www.europesays.com\/fr\/wp-json\/wp\/v2\/posts"}],"about":[{"href":"https:\/\/www.europesays.com\/fr\/wp-json\/wp\/v2\/types\/post"}],"author":[{"embeddable":true,"href":"https:\/\/www.europesays.com\/fr\/wp-json\/wp\/v2\/users\/2"}],"replies":[{"embeddable":true,"href":"https:\/\/www.europesays.com\/fr\/wp-json\/wp\/v2\/comments?post=180810"}],"version-history":[{"count":0,"href":"https:\/\/www.europesays.com\/fr\/wp-json\/wp\/v2\/posts\/180810\/revisions"}],"wp:featuredmedia":[{"embeddable":true,"href":"https:\/\/www.europesays.com\/fr\/wp-json\/wp\/v2\/media\/178918"}],"wp:attachment":[{"href":"https:\/\/www.europesays.com\/fr\/wp-json\/wp\/v2\/media?parent=180810"}],"wp:term":[{"taxonomy":"category","embeddable":true,"href":"https:\/\/www.europesays.com\/fr\/wp-json\/wp\/v2\/categories?post=180810"},{"taxonomy":"post_tag","embeddable":true,"href":"https:\/\/www.europesays.com\/fr\/wp-json\/wp\/v2\/tags?post=180810"}],"curies":[{"name":"wp","href":"https:\/\/api.w.org\/{rel}","templated":true}]}}