{"id":180822,"date":"2025-06-16T12:40:18","date_gmt":"2025-06-16T12:40:18","guid":{"rendered":"https:\/\/www.europesays.com\/fr\/180822\/"},"modified":"2025-06-16T12:40:18","modified_gmt":"2025-06-16T12:40:18","slug":"vallee-de-la-bruche-cent-naturalistes-mobilises-pour-evaluer-la-biodiversite-sur-un-week-end-2","status":"publish","type":"post","link":"https:\/\/www.europesays.com\/fr\/180822\/","title":{"rendered":"Vall\u00e9e de la Bruche. Cent naturalistes mobilis\u00e9s pour \u00e9valuer la biodiversit\u00e9 sur un week-end"},"content":{"rendered":"<p>Plus d\u2019une centaine de naturalistes venus de toute l\u2019Alsace ont pris part, du vendredi 13\u00a0juin au soir au dimanche 15\u00a0juin, \u00e0 la 15 e \u00e9dition des 24 heures de la biodiversit\u00e9 dans la vall\u00e9e de la Bruche, \u00e0 Still et dans ses environs. La rencontre \u00e9tait organis\u00e9e par les 29 associations naturalistes du r\u00e9seau Odonat Grand Est (Office des donn\u00e9es naturalistes), comprenant 4\u00a0800 sp\u00e9cialistes observateurs.<\/p>\n<p>Des inventaires partiels, mais parfois tr\u00e8s utiles<\/p>\n<p>Raynald Moratin, responsable scientifique strasbourgeois \u00e0 l\u2019Odonat, expliquait que cette initiative n\u2019a pas vocation \u00e0 r\u00e9aliser un inventaire global de la biodiversit\u00e9, loin de l\u00e0\u00a0: \u00ab\u00a0Pour certaines esp\u00e8ces, il faut dix ann\u00e9es pour le faire. Ce week-end, nous&#8230;<\/p>\n","protected":false},"excerpt":{"rendered":"Plus d\u2019une centaine de naturalistes venus de toute l\u2019Alsace ont pris part, du vendredi 13\u00a0juin au soir au&hellip;\n","protected":false},"author":2,"featured_media":179935,"comment_status":"","ping_status":"","sticky":false,"template":"","format":"standard","meta":{"footnotes":""},"categories":[2820],"tags":[1111,11,2649,436,1777,674,107,1011,27,775,9588,12,25,640],"class_list":{"0":"post-180822","1":"post","2":"type-post","3":"status-publish","4":"format-standard","5":"has-post-thumbnail","7":"category-strasbourg","8":"tag-actu","9":"tag-actualites","10":"tag-bas-rhin","11":"tag-environnement","12":"tag-eu","13":"tag-europe","14":"tag-fil-info","15":"tag-fr","16":"tag-france","17":"tag-grand-est","18":"tag-ici-on-agit","19":"tag-news","20":"tag-republique-francaise","21":"tag-strasbourg"},"share_on_mastodon":{"url":"https:\/\/pubeurope.com\/@fr\/114693093806528296","error":""},"_links":{"self":[{"href":"https:\/\/www.europesays.com\/fr\/wp-json\/wp\/v2\/posts\/180822","targetHints":{"allow":["GET"]}}],"collection":[{"href":"https:\/\/www.europesays.com\/fr\/wp-json\/wp\/v2\/posts"}],"about":[{"href":"https:\/\/www.europesays.com\/fr\/wp-json\/wp\/v2\/types\/post"}],"author":[{"embeddable":true,"href":"https:\/\/www.europesays.com\/fr\/wp-json\/wp\/v2\/users\/2"}],"replies":[{"embeddable":true,"href":"https:\/\/www.europesays.com\/fr\/wp-json\/wp\/v2\/comments?post=180822"}],"version-history":[{"count":0,"href":"https:\/\/www.europesays.com\/fr\/wp-json\/wp\/v2\/posts\/180822\/revisions"}],"wp:featuredmedia":[{"embeddable":true,"href":"https:\/\/www.europesays.com\/fr\/wp-json\/wp\/v2\/media\/179935"}],"wp:attachment":[{"href":"https:\/\/www.europesays.com\/fr\/wp-json\/wp\/v2\/media?parent=180822"}],"wp:term":[{"taxonomy":"category","embeddable":true,"href":"https:\/\/www.europesays.com\/fr\/wp-json\/wp\/v2\/categories?post=180822"},{"taxonomy":"post_tag","embeddable":true,"href":"https:\/\/www.europesays.com\/fr\/wp-json\/wp\/v2\/tags?post=180822"}],"curies":[{"name":"wp","href":"https:\/\/api.w.org\/{rel}","templated":true}]}}