{"id":180823,"date":"2025-06-16T12:41:31","date_gmt":"2025-06-16T12:41:31","guid":{"rendered":"https:\/\/www.europesays.com\/fr\/180823\/"},"modified":"2025-06-16T12:41:31","modified_gmt":"2025-06-16T12:41:31","slug":"a-strasbourg-une-salle-de-shoot-en-sursis-16-06-2025-a-1056","status":"publish","type":"post","link":"https:\/\/www.europesays.com\/fr\/180823\/","title":{"rendered":"A Strasbourg, une salle de shoot en sursis &#8211; 16\/06\/2025 \u00e0 10:56"},"content":{"rendered":"<p>        <img fetchpriority=\"high\" decoding=\"async\" src=\"https:\/\/www.europesays.com\/fr\/wp-content\/uploads\/2025\/06\/3e7fcc8443741d3fbf791994c065f47b-760x506.jpg\" alt=\"Des usagers dans la salle d'injection supervis\u00e9e de drogues Argos dont s'occupe l'association Ithaque \u00e0 Strasbourg, le 4 juin 2025 dans le Bas-Rhin ( AFP \/ FREDERICK FLORIN )\" loading=\"eager\" width=\"760\" height=\"506\" style=\"max-width: 100%!important; height: auto;\"\/><\/p>\n<p class=\"c-image-news__legend\">Des usagers dans la salle d&rsquo;injection supervis\u00e9e de drogues Argos dont s&rsquo;occupe l&rsquo;association Ithaque \u00e0 Strasbourg, le 4 juin 2025 dans le Bas-Rhin ( AFP \/ FREDERICK FLORIN )<\/p>\n<p>\n \u00ab\u00a0Heureusement qu&rsquo;ils sont l\u00e0\u00a0\u00bb: comme Spyke, des centaines d&rsquo;usagers de drogue fr\u00e9quentent la Halte soins addictions (HSA) de Strasbourg, une des deux seules salles de shoot de France, dont l&rsquo;avenir est incertain.\n<\/p>\n<p>\n Cr\u00e9\u00e9s en 2016, ces lieux o\u00f9 l&rsquo;on peut consommer de la drogue de mani\u00e8re supervis\u00e9e, s&rsquo;adressent aux personnes les plus d\u00e9munies et \u00e9loign\u00e9es du syst\u00e8me de soins. L&rsquo;exp\u00e9rimentation doit s&rsquo;achever \u00e0 la fin de l&rsquo;ann\u00e9e.\n<\/p>\n<p>\n Inqui\u00e8te, l&rsquo;ONG M\u00e9decins du monde a annonc\u00e9 mi-avril attaquer l&rsquo;\u00c9tat en justice pour \u00ab\u00a0inaction\u00a0\u00bb afin d&rsquo;obtenir la p\u00e9rennisation du dispositif.\n<\/p>\n<p>\n A Strasbourg, o\u00f9 est organis\u00e9 le 18 juin un colloque international sur ce sujet ultra sensible, l&rsquo;incertitude angoisse soignants et usagers.\n<\/p>\n<p>\n \u00ab\u00a0Il n&rsquo;y a aucune visibilit\u00e9 aujourd&rsquo;hui sur la p\u00e9rennit\u00e9 des choses\u00a0\u00bb, regrette Gauthier Waeckerl\u00e9, directeur de l&rsquo;association Ithaque, qui s&rsquo;occupe de la salle Argos, fr\u00e9quent\u00e9e par environ 800 personnes.\n<\/p>\n<p>        <img decoding=\"async\" src=\"https:\/\/www.europesays.com\/fr\/wp-content\/uploads\/2025\/06\/6ec66a93491d0bf6f7861e01d3f6d7d7-760x506.jpg\" alt=\"Un usager dans la salle d'injection supervis\u00e9e de drogues Argos dont s'occupe l'association Ithaque \u00e0 Strasbourg, le 4 juin 2025 dans le Bas-Rhin ( AFP \/ FREDERICK FLORIN )\" loading=\"eager\" width=\"760\" height=\"506\" style=\"max-width: 100%!important; height: auto;\"\/><\/p>\n<p class=\"c-image-news__legend\">Un usager dans la salle d&rsquo;injection supervis\u00e9e de drogues Argos dont s&rsquo;occupe l&rsquo;association Ithaque \u00e0 Strasbourg, le 4 juin 2025 dans le Bas-Rhin ( AFP \/ FREDERICK FLORIN )<\/p>\n<p>\n \u00ab\u00a0Chaque ann\u00e9e, il y a des nouvelles personnes qui viennent. C&rsquo;est un lieu o\u00f9 elles peuvent non seulement consommer en toute s\u00e9curit\u00e9, mais aussi rencontrer des professionnels et entreprendre des d\u00e9marches de soins\u00a0\u00bb, expose-t-il.\n<\/p>\n<p>\n En cas de fermeture, ces derniers \u00ab\u00a0n&rsquo;auraient d&rsquo;autre choix que de consommer dans des espaces publics, et donc il y aurait forc\u00e9ment un effet sur l&rsquo;environnement et la tranquillit\u00e9 publique&#8230; sans compter \u00e9videmment tous nos coll\u00e8gues salari\u00e9s investis depuis neuf ans dans ces dispositifs\u00a0\u00bb.\n<\/p>\n<p> &#8211; \u00ab\u00a0Je consomme moins\u00a0\u00bb-<\/p>\n<p>\n Discr\u00e8tement install\u00e9 dans l&rsquo;enceinte des h\u00f4pitaux universitaires, sans riverains \u00e0 proximit\u00e9, Argos est ouvert tous les apr\u00e8s-midi, 365 jours par an.\n<\/p>\n<p>        <img decoding=\"async\" src=\"https:\/\/www.europesays.com\/fr\/wp-content\/uploads\/2025\/06\/20953d1b7e03cbe4314daca5e89bcaac-760x507.jpg\" alt=\"Un employ\u00e9 s'occupe d'un usager dans la salle d'injection supervis\u00e9e de drogues Argos dont s'occupe l'association Ithaque \u00e0 Strasbourg, le 4 juin 2025 dans le Bas-Rhin ( AFP \/ FREDERICK FLORIN )\" loading=\"eager\" width=\"760\" height=\"507\" style=\"max-width: 100%!important; height: auto;\"\/><\/p>\n<p class=\"c-image-news__legend\">Un employ\u00e9 s&rsquo;occupe d&rsquo;un usager dans la salle d&rsquo;injection supervis\u00e9e de drogues Argos dont s&rsquo;occupe l&rsquo;association Ithaque \u00e0 Strasbourg, le 4 juin 2025 dans le Bas-Rhin ( AFP \/ FREDERICK FLORIN )<\/p>\n<p>\n Coca\u00efne, fentanyl, h\u00e9ro\u00efne&#8230;  Dans la salle de consommation, plusieurs personnes s&rsquo;injectent des produits stup\u00e9fiants, ou les inhalent, sous la supervision de professionnels qui fournissent le mat\u00e9riel st\u00e9rile ad\u00e9quat.\n<\/p>\n<p>\n Derri\u00e8re un paravent, Spyke, 41 ans, s&rsquo;injecte de la coca\u00efne.\n<\/p>\n<p>\n Le quadrag\u00e9naire aux bras tatou\u00e9s b\u00e9n\u00e9ficie depuis quelques mois d&rsquo;une des 20 places d&rsquo;h\u00e9bergement. Cr\u00e9\u00e9es en 2021, elles permettent aux personnes sans abri, qui y restent en moyenne neuf mois, d&rsquo;entamer des soins et de trouver un logement.\n<\/p>\n<p>\n \u00ab\u00a0Je consomme moins depuis que je suis ici\u00a0\u00bb, affirme Spyke.\n<\/p>\n<p>\n \u00ab\u00a0Dehors, il n&rsquo;y a rien d&rsquo;autre \u00e0 faire que consommer. Ici je reste dans ma chambre, au calme. Il y a des jours o\u00f9 je ne consomme pas du tout\u00a0\u00bb, assure-t-il, expliquant avoir en parall\u00e8le commenc\u00e9 \u00e0 soigner une h\u00e9patite C.\n<\/p>\n<p>        <img decoding=\"async\" src=\"https:\/\/www.europesays.com\/fr\/wp-content\/uploads\/2025\/06\/737017102ce3a74154011c4512b1c0da-760x506.jpg\" alt=\"Un usager se pr\u00e9pare \u00e0 fumer du crack dans la salle d'injection supervis\u00e9e de drogues Argos dont s'occupe l'association Ithaque \u00e0 Strasbourg, le 4 juin 2025 dans le Bas-Rhin ( AFP \/ FREDERICK FLORIN )\" loading=\"eager\" width=\"760\" height=\"506\" style=\"max-width: 100%!important; height: auto;\"\/><\/p>\n<p class=\"c-image-news__legend\">Un usager se pr\u00e9pare \u00e0 fumer du crack dans la salle d&rsquo;injection supervis\u00e9e de drogues Argos dont s&rsquo;occupe l&rsquo;association Ithaque \u00e0 Strasbourg, le 4 juin 2025 dans le Bas-Rhin ( AFP \/ FREDERICK FLORIN )<\/p>\n<p>\n Une quarantaine de personnes travaille \u00e0 Argos. Des d\u00e9pistages, des consultations avec des m\u00e9decins ou des psychiatres et une aide \u00e0 l&rsquo;acc\u00e8s aux droits sont propos\u00e9s.\n<\/p>\n<p>\n \u00ab\u00a0Sans eux, je n&rsquo;aurais pas r\u00e9ussi \u00e0 faire toutes mes d\u00e9marches; ils sont derri\u00e8re nous \u00e0 nous pousser, nous motiver\u2026 heureusement qu&rsquo;ils sont l\u00e0\u00a0\u00bb, salue Spyke.\n<\/p>\n<p> &#8211; \u00ab\u00a0Une pause\u00a0\u00bb &#8211;<\/p>\n<p>\n Parmi les habitu\u00e9s figure Christophe, 50 ans, m\u00eame s&rsquo;il a cess\u00e9 toute consommation: \u00ab\u00a0avant, je venais pour me droguer. Maintenant que j&rsquo;ai arr\u00eat\u00e9 les drogues, je viens pour passer le temps\u00a0\u00bb.\n<\/p>\n<p>\n A l&rsquo;ext\u00e9rieur de la b\u00e2tisse, dans le jardin, quelques si\u00e8ges invitent \u00e0 se poser. Un potager a \u00e9t\u00e9 am\u00e9nag\u00e9.\n<\/p>\n<p>        <img decoding=\"async\" src=\"https:\/\/www.europesays.com\/fr\/wp-content\/uploads\/2025\/06\/c4af3be75b96205f3607e96192984515-760x507.jpg\" alt=\"Un usaer dans la salle d'injection supervis\u00e9e de drogues Argos dont s'occupe l'association Ithaque \u00e0 Strasbourg, le 4 juin 2025 dans le Bas-Rhin ( AFP \/ FREDERICK FLORIN )\" loading=\"eager\" width=\"760\" height=\"507\" style=\"max-width: 100%!important; height: auto;\"\/><\/p>\n<p class=\"c-image-news__legend\">Un usaer dans la salle d&rsquo;injection supervis\u00e9e de drogues Argos dont s&rsquo;occupe l&rsquo;association Ithaque \u00e0 Strasbourg, le 4 juin 2025 dans le Bas-Rhin ( AFP \/ FREDERICK FLORIN )<\/p>\n<p>\n \u00ab\u00a0Ici c&rsquo;est une pause, un lieu de repos o\u00f9 on peut discuter, se confier \u00e0 des personnes qui sont \u00e0 l&rsquo;\u00e9coute\u00a0\u00bb.\n<\/p>\n<p>\n Selon lui, cette salle \u00ab\u00a0est tr\u00e8s importante pour les usagers, et pour ceux qui veulent arr\u00eater\u00a0\u00bb.\n<\/p>\n<p>\n A Argos, on peut rencontrer des travailleurs sociaux, prendre un caf\u00e9, participer \u00e0 des activit\u00e9s. Dans le couloir, sur un tableau color\u00e9, quelqu&rsquo;un a \u00e9crit: \u00ab\u00a0Nous avons la joie de vous annoncer qu&rsquo;on vit encore\u00a0\u00bb.\n<\/p>\n<p>\n \u00ab\u00a0On n&rsquo;ose imaginer fermer un lieu comme \u00e7a\u00a0\u00bb, confie Alexandre Feltz, adjoint \u00e0 la maire et addictologue: \u00ab\u00a0\u00c7a voudrait dire des dizaines de personnes qui sont l\u00e0, h\u00e9berg\u00e9es et soign\u00e9es, qu&rsquo;il faudrait laisser mourir dans l&rsquo;espace public\u00a0\u00bb.\n<\/p>\n<p> &#8211; \u00ab\u00a0Accord tr\u00e8s large\u00a0\u00bb &#8211;<\/p>\n<p>\n A Strasbourg, le dispositif b\u00e9n\u00e9ficie d&rsquo;un \u00ab\u00a0accord tr\u00e8s large de l&rsquo;ensemble du spectre politique\u00a0\u00bb, souligne M. Feltz.\n<\/p>\n<p>        <img decoding=\"async\" src=\"https:\/\/www.europesays.com\/fr\/wp-content\/uploads\/2025\/06\/0594a0ca003d4286647aa597cc0d054e-760x506.jpg\" alt=\"Un employ\u00e9 s'occupe d'un usager dans la salle d'injection supervis\u00e9e de drogues Argos dont s'occupe l'association Ithaque \u00e0 Strasbourg, le 4 juin 2025 dans le Bas-Rhin ( AFP \/ FREDERICK FLORIN )\" loading=\"eager\" width=\"760\" height=\"506\" style=\"max-width: 100%!important; height: auto;\"\/><\/p>\n<p class=\"c-image-news__legend\">Un employ\u00e9 s&rsquo;occupe d&rsquo;un usager dans la salle d&rsquo;injection supervis\u00e9e de drogues Argos dont s&rsquo;occupe l&rsquo;association Ithaque \u00e0 Strasbourg, le 4 juin 2025 dans le Bas-Rhin ( AFP \/ FREDERICK FLORIN )<\/p>\n<p>\n Plusieurs \u00e9tudes, dont l&rsquo;une publi\u00e9e par l&rsquo;Inserm en 2021, attestent de l&rsquo;utilit\u00e9 des \u00ab\u00a0haltes soins addictions\u00a0\u00bb.\n<\/p>\n<p>\n Dans un rapport d&rsquo;octobre 2024, l&rsquo;Igas recommande de \u00ab\u00a0p\u00e9renniser\u00a0\u00bb les salles de Paris et Strasbourg et \u00ab\u00a0d&rsquo;inscrire dans le droit commun\u00a0\u00bb les haltes soins addictions pour permettre d&rsquo;en ouvrir d&rsquo;autres.\n<\/p>\n<p>\n S&rsquo;il existe environ 80 structures de ce type en Europe, en France, plusieurs projets ont \u00e9chou\u00e9, comme \u00e0 Marseille. Ce dernier \u00e9tait pourtant valid\u00e9 par diff\u00e9rents acteurs sanitaires, dont l&rsquo;Agence r\u00e9gionale de sant\u00e9 et l&rsquo;AP-HM.\n<\/p>\n<p>\n \u00ab\u00a0Malheureusement, aujourd&rsquo;hui, on n&rsquo;entend que le discours s\u00e9curitaire, (et) plus le discours sant\u00e9\u00a0\u00bb, d\u00e9plore Alexandre Feltz.\n<\/p>\n<p>\n Pour Spyke, fermer Argos, \u00ab\u00a0ce serait une b\u00eatise\u00a0\u00bb. Des salles comme \u00e7a, \u00ab\u00a0il en faudrait m\u00eame plus en France\u00a0\u00bb.<\/p>\n","protected":false},"excerpt":{"rendered":"Des usagers dans la salle d&rsquo;injection supervis\u00e9e de drogues Argos dont s&rsquo;occupe l&rsquo;association Ithaque \u00e0 Strasbourg, le 4&hellip;\n","protected":false},"author":2,"featured_media":180824,"comment_status":"","ping_status":"","sticky":false,"template":"","format":"standard","meta":{"footnotes":""},"categories":[2820],"tags":[400,1111,11,398,408,405,1777,674,1011,27,775,403,402,399,404,12,25,401,640,406,407],"class_list":{"0":"post-180823","1":"post","2":"type-post","3":"status-publish","4":"format-standard","5":"has-post-thumbnail","7":"category-strasbourg","8":"tag-action-cac-40","9":"tag-actu","10":"tag-actualites","11":"tag-bourse-de-paris","12":"tag-boursorama","13":"tag-cotations","14":"tag-eu","15":"tag-europe","16":"tag-fr","17":"tag-france","18":"tag-grand-est","19":"tag-indices-devises","20":"tag-investir","21":"tag-investissement","22":"tag-marche-boursier","23":"tag-news","24":"tag-republique-francaise","25":"tag-sicav","26":"tag-strasbourg","27":"tag-trackers","28":"tag-warrants"},"share_on_mastodon":{"url":"https:\/\/pubeurope.com\/@fr\/114693097859908956","error":""},"_links":{"self":[{"href":"https:\/\/www.europesays.com\/fr\/wp-json\/wp\/v2\/posts\/180823","targetHints":{"allow":["GET"]}}],"collection":[{"href":"https:\/\/www.europesays.com\/fr\/wp-json\/wp\/v2\/posts"}],"about":[{"href":"https:\/\/www.europesays.com\/fr\/wp-json\/wp\/v2\/types\/post"}],"author":[{"embeddable":true,"href":"https:\/\/www.europesays.com\/fr\/wp-json\/wp\/v2\/users\/2"}],"replies":[{"embeddable":true,"href":"https:\/\/www.europesays.com\/fr\/wp-json\/wp\/v2\/comments?post=180823"}],"version-history":[{"count":0,"href":"https:\/\/www.europesays.com\/fr\/wp-json\/wp\/v2\/posts\/180823\/revisions"}],"wp:featuredmedia":[{"embeddable":true,"href":"https:\/\/www.europesays.com\/fr\/wp-json\/wp\/v2\/media\/180824"}],"wp:attachment":[{"href":"https:\/\/www.europesays.com\/fr\/wp-json\/wp\/v2\/media?parent=180823"}],"wp:term":[{"taxonomy":"category","embeddable":true,"href":"https:\/\/www.europesays.com\/fr\/wp-json\/wp\/v2\/categories?post=180823"},{"taxonomy":"post_tag","embeddable":true,"href":"https:\/\/www.europesays.com\/fr\/wp-json\/wp\/v2\/tags?post=180823"}],"curies":[{"name":"wp","href":"https:\/\/api.w.org\/{rel}","templated":true}]}}