{"id":180825,"date":"2025-06-16T12:42:10","date_gmt":"2025-06-16T12:42:10","guid":{"rendered":"https:\/\/www.europesays.com\/fr\/180825\/"},"modified":"2025-06-16T12:42:10","modified_gmt":"2025-06-16T12:42:10","slug":"sa-mere-de-85-ans-meurt-dans-le-jardin-dun-ehpad-nicois-elle-fait-condamner-orpea","status":"publish","type":"post","link":"https:\/\/www.europesays.com\/fr\/180825\/","title":{"rendered":"Sa m\u00e8re de 85\u00a0ans meurt dans le jardin d\u2019un Ehpad ni\u00e7ois\u00a0: elle fait condamner Orpea"},"content":{"rendered":"<p>Presque six ans apr\u00e8s la mort de sa m\u00e8re dans l\u2019Ehpad Corniche-Fleurie \u00e0 Nice (<a href=\"https:\/\/antibes.maville.com\/actu\/actudet_-pmu.-en-misant-seulement-3-e-un-joueur-rafle-pres-de-390-000-e-dans-les-alpes-maritimes-_9580-6850446_actu.Htm\" target=\"_self\" rel=\"noopener\">Alpes-Maritimes<\/a>), une femme vient de gagner contre Orpea devant la justice. Le groupe, renomm\u00e9 d\u00e9sormais\u00a0Emeis, a \u00e9t\u00e9 condamn\u00e9\u00a0vendredi 13\u00a0juin 2025 par la\u00a0cour d\u2019appel d\u2019Aix-en-Provence \u00e0 indemniser la famille de la r\u00e9sidente.\u00a0<strong>\u00ab\u00a0Je suis soulag\u00e9e\u00a0!\u00a0\u00bb<\/strong>, a comment\u00e9 la fille aupr\u00e8s de <a href=\"https:\/\/www.nicematin.com\/justice\/-c-est-un-evenement-qui-n-aurait-jamais-du-se-produire-la-societe-emeis-ex-orpea-condamnee-apres-le-deces-d-une-residente-990170\" target=\"_blank\" rel=\"noopener\"> Nice-Matin <\/a>.<\/p>\n<p>La cour d\u2019appel a estim\u00e9 que\u00a0<strong>\u00ab\u00a0la soci\u00e9t\u00e9 Orpea a commis un manquement \u00e0 son obligation contractuelle de s\u00e9curit\u00e9 de moyens\u00a0\u00bb<\/strong>. Par ailleurs, elle a mis en avant l\u2019existence d\u2019un\u00a0<strong>\u00ab\u00a0lien direct et certain\u00a0\u00bb<\/strong> avec le d\u00e9c\u00e8s de l\u2019octog\u00e9naire <strong>\u00ab\u00a0survenu le m\u00eame jour\u00a0\u00bb<\/strong>.<\/p>\n<p>Elle acc\u00e8de \u00e0 un\u00a0endroit interdit<\/p>\n<p>La femme, qui se d\u00e9pla\u00e7ait en fauteuil roulant, avait pu acc\u00e9der \u00e0 un endroit interdit et dangereux dans le jardin de l\u2019Ehpad en passant plusieurs portillons non verrouill\u00e9s. Elle s\u2019\u00e9tait ensuite aventur\u00e9e sur <strong>\u00ab\u00a0une pente raide comprenant des virages\u00a0\u00bb<\/strong>. Son corps avait \u00e9t\u00e9 retrouv\u00e9 en contrebas.<\/p>\n<p>Joint par nos confr\u00e8res, Emeis a \u00e9voqu\u00e9 un\u00a0<strong>\u00ab\u00a0malheureux accident\u00a0\u00bb<\/strong> et a rappel\u00e9 qu&rsquo; <strong>\u00ab\u00a0aucune faute\u00a0\u00bb<\/strong> n\u2019avait \u00e9t\u00e9 retenue contre elle en premi\u00e8re instance.<\/p>\n<p>Pour en savoir plus\u00a0: lire l\u2019article de <a href=\"https:\/\/www.nicematin.com\/justice\/-c-est-un-evenement-qui-n-aurait-jamais-du-se-produire-la-societe-emeis-ex-orpea-condamnee-apres-le-deces-d-une-residente-990170\" target=\"_blank\" rel=\"noopener\"> Nice-Matin <\/a><\/p>\n<p>\u00a0<\/p>\n","protected":false},"excerpt":{"rendered":"Presque six ans apr\u00e8s la mort de sa m\u00e8re dans l\u2019Ehpad Corniche-Fleurie \u00e0 Nice (Alpes-Maritimes), une femme vient&hellip;\n","protected":false},"author":2,"featured_media":180826,"comment_status":"","ping_status":"","sticky":false,"template":"","format":"standard","meta":{"footnotes":""},"categories":[2819],"tags":[31843,1111,11,1764,31845,9657,12216,1777,674,21,1011,27,3354,5875,5479,12,2401,31844,31846,882,25],"class_list":{"0":"post-180825","1":"post","2":"type-post","3":"status-publish","4":"format-standard","5":"has-post-thumbnail","7":"category-nice","8":"tag-31843","9":"tag-actu","10":"tag-actualites","11":"tag-ans","12":"tag-condamner","13":"tag-draguignan","14":"tag-ehpad","15":"tag-eu","16":"tag-europe","17":"tag-fait","18":"tag-fr","19":"tag-france","20":"tag-jardin","21":"tag-mere","22":"tag-meurt","23":"tag-news","24":"tag-nice","25":"tag-nicois","26":"tag-orpea","27":"tag-provence-alpes-cote-dazur","28":"tag-republique-francaise"},"share_on_mastodon":{"url":"https:\/\/pubeurope.com\/@fr\/114693101715325089","error":""},"_links":{"self":[{"href":"https:\/\/www.europesays.com\/fr\/wp-json\/wp\/v2\/posts\/180825","targetHints":{"allow":["GET"]}}],"collection":[{"href":"https:\/\/www.europesays.com\/fr\/wp-json\/wp\/v2\/posts"}],"about":[{"href":"https:\/\/www.europesays.com\/fr\/wp-json\/wp\/v2\/types\/post"}],"author":[{"embeddable":true,"href":"https:\/\/www.europesays.com\/fr\/wp-json\/wp\/v2\/users\/2"}],"replies":[{"embeddable":true,"href":"https:\/\/www.europesays.com\/fr\/wp-json\/wp\/v2\/comments?post=180825"}],"version-history":[{"count":0,"href":"https:\/\/www.europesays.com\/fr\/wp-json\/wp\/v2\/posts\/180825\/revisions"}],"wp:featuredmedia":[{"embeddable":true,"href":"https:\/\/www.europesays.com\/fr\/wp-json\/wp\/v2\/media\/180826"}],"wp:attachment":[{"href":"https:\/\/www.europesays.com\/fr\/wp-json\/wp\/v2\/media?parent=180825"}],"wp:term":[{"taxonomy":"category","embeddable":true,"href":"https:\/\/www.europesays.com\/fr\/wp-json\/wp\/v2\/categories?post=180825"},{"taxonomy":"post_tag","embeddable":true,"href":"https:\/\/www.europesays.com\/fr\/wp-json\/wp\/v2\/tags?post=180825"}],"curies":[{"name":"wp","href":"https:\/\/api.w.org\/{rel}","templated":true}]}}