{"id":180827,"date":"2025-06-16T12:43:12","date_gmt":"2025-06-16T12:43:12","guid":{"rendered":"https:\/\/www.europesays.com\/fr\/180827\/"},"modified":"2025-06-16T12:43:12","modified_gmt":"2025-06-16T12:43:12","slug":"ce-quil-faut-retenir-de-la-conference-sur-locean-de-nice","status":"publish","type":"post","link":"https:\/\/www.europesays.com\/fr\/180827\/","title":{"rendered":"ce qu\u2019il faut retenir de la Conf\u00e9rence sur l&rsquo;oc\u00e9an de Nice"},"content":{"rendered":"<p>Pendant une semaine, les repr\u00e9sentants des \u00c9tats du monde se sont r\u00e9unis \u00e0 Nice pour parler oc\u00e9an. Et m\u00eame si tout n\u2019a pas avanc\u00e9 aussi vite que l\u2019esp\u00e9raient les gardiens de la Plan\u00e8te bleue, beaucoup de points positifs sont \u00e0 retenir. Tour d\u2019horizon.<\/p>\n<p>\u00c0 Nice, le <a href=\"https:\/\/www.futura-sciences.com\/maison\/definitions\/maison-rideau-10894\/\" class=\"typographies__SpanLink-sc-9uspqk-3 TvQHx\" universe=\"planet\" rel=\"nofollow noopener\" target=\"_blank\">rideau<\/a>rideau de la 3e\u00a0Conf\u00e9rence des Nations unies sur l&rsquo;oc\u00e9an (Unoc 3) est tomb\u00e9 ce vendredi\u00a013\u00a0juin 2025. Et comme toujours, il y a ceux qui ne retiennent que les mauvais points : les annonces troubles de la France concernant les <a href=\"https:\/\/www.futura-sciences.com\/planete\/actualites\/ocean-zones-protegees-vraiment-ce-ong-revelent-derriere-effet-annonce-macron-122691\/\" title=\"Des \u00ab zones prot\u00e9g\u00e9es \u00bb, vraiment ? Ce que les ONG r\u00e9v\u00e8lent derri\u00e8re l\u2019effet d\u2019annonce de Macron\" rel=\"nofollow noopener\" target=\"_blank\">zones marines prot\u00e9g\u00e9es<\/a>&#8230;\u00a0les discours un peu dat\u00e9s sur le probl\u00e8me du <a href=\"https:\/\/www.futura-sciences.com\/maison\/definitions\/gaz-naturel-plastique-13438\/\" class=\"typographies__SpanLink-sc-9uspqk-3 TvQHx\" universe=\"planet\" rel=\"nofollow noopener\" target=\"_blank\">plastique<\/a>plastique&#8230;\u00a0les difficult\u00e9s rencontr\u00e9es par le moratoire sur l&rsquo;exploitation mini\u00e8re des <a href=\"https:\/\/www.futura-sciences.com\/planete\/actualites\/ocean-exploiter-grands-fonds-cest-prendre-risque-voir-remonter-surface-tout-tas-saloperies-122361\/\" title=\"\u00ab\u2009Exploiter les grands fonds, c\u2019est prendre le risque de voir remonter \u00e0 la surface tout un tas de saloperies \u00bb !\" rel=\"nofollow noopener\" target=\"_blank\">grands fonds<\/a>.<\/p>\n<p>Mais il y a aussi ceux qui se montrent bien plus positifs. C&rsquo;est le cas de Romain Troubl\u00e9, directeur g\u00e9n\u00e9ral de la Fondation Tara Oc\u00e9an. \u00ab\u2009Ce qu&rsquo;il faut retenir, c&rsquo;est l&rsquo;incroyable engouement que nous avons ressenti pendant ces deux semaines. C&rsquo;est toute la communaut\u00e9 internationale de l&rsquo;oc\u00e9an qui repart de Nice enthousiasm\u00e9e et reboost\u00e9e.\u2009\u00bb<\/p>\n<p><a href=\"https:\/\/www.futura-sciences.com\/planete\/breves\/ocean-cest-francais-cest-gigantesque-cest-protege-cest-plus-vaste-europe-10693\/\" class=\"link-no-gradient\" data-class-name=\"link-no-gradient\" rel=\"nofollow noopener\" target=\"_blank\"><\/p>\n<p class=\"text-serif__TextSerif-sc-1k42w0e-0 Wrappers__Title-piu70a-0 jbaYIk heMQQ\">C\u2019est fran\u00e7ais, c\u2019est gigantesque, c\u2019est prot\u00e9g\u00e9\u2026 et c\u2019est plus vaste que l\u2019Europe<\/p>\n<p><\/a><\/p>\n<p>Parce que, concernant les aires marines prot\u00e9g\u00e9es, si la France semble vouloir louvoyer, d&rsquo;autres ont choisi d&rsquo;aller droit au but. Le Chili, par exemple, a annonc\u00e9 la protection de 50\u00a0% de sa zone \u00e9conomique exclusive (ZEE) et une premi\u00e8re aire marine prot\u00e9g\u00e9e en haute mer. \u00ab\u2009On doit se r\u00e9jouir aussi de ce qu&rsquo;a fait la Polyn\u00e9sie fran\u00e7aise &#8212; la protection stricte de plus de 900\u2009000\u00a0kilom\u00e8tres carr\u00e9s de sa ZEE. Il y a quatre mois de cela, nous n&rsquo;aurions pas cru que \u00e7a pouvait \u00eatre possible,\u00a0ajoute Romain Troubl\u00e9. Alors oui, en France m\u00e9tropolitaine, nous aurions besoin de 10\u00a0% de protection stricte alors que nous n&rsquo;en sommes qu&rsquo;\u00e0 0,1\u00a0%. Nous allons continuer \u00e0 travailler, \u00e0 discuter pour y arriver. Avec les p\u00eacheurs fran\u00e7ais notamment.\u2009\u00bb<\/p>\n<p>Peut-\u00eatre entendront-ils l&rsquo;exemple de l&rsquo;Australie qui a d\u00e9j\u00e0 r\u00e9ussi \u00e0 prot\u00e9ger 24\u00a0% de sa ZEE et compte atteindre l&rsquo;objectif des 30\u00a0% bien avant 2030. \u00ab\u2009Avec des p\u00eacheurs qui sont pleinement satisfaits.\u2009\u00bb<\/p>\n<p>De la biodiversit\u00e9 en haute mer au plastique<\/p>\n<p>Deux autres grands th\u00e8mes ont connu des avanc\u00e9es majeures \u00e0 l&rsquo;occasion de la Conf\u00e9rence de Nice. Le trait\u00e9 pour la biodiversit\u00e9 en haute mer &#8211;\u00a0ces r\u00e9gions de l&rsquo;oc\u00e9an non contr\u00f4l\u00e9es par les \u00c9tats -, d&rsquo;abord. \u00ab\u2009Nous avions 29\u00a0ratifications en arrivant \u00e0 l&rsquo;Unoc et nous repartons avec 50. C&rsquo;est une belle surprise. Nous avons d\u00e9sormais l&rsquo;espoir d&rsquo;atteindre la barre des 60\u00a0ratifications d&rsquo;ici l&rsquo;Assembl\u00e9e g\u00e9n\u00e9rale des Nations Unies qui se tiendra en septembre \u00e0 New York (\u00c9tats-Unis), assure Andr\u00e9 Breu, le directeur des affaires internationales de la Fondation Tara Oc\u00e9an.\u00a0Le trait\u00e9 pourrait entrer en vigueur d\u00e8s janvier 2026 et alors, nous pourrions lancer une premi\u00e8re COP de la biodiversit\u00e9 en haute mer avant la fin de l&rsquo;ann\u00e9e.\u2009\u00bb Et c&rsquo;est extr\u00eamement important parce que la haute mer, c&rsquo;est plus de 70\u00a0% de nos oc\u00e9ans. Soit&#8230; la moiti\u00e9 de notre Plan\u00e8te\u2009!<\/p>\n<p class=\"text-serif__TextSerif-sc-1k42w0e-0 Wrappers__Title-sc-16r06lo-0 jbaYIk kGyHAI\">Le saviez-vous ?<\/p>\n<p>Des n\u00e9gociations sont en cours, depuis plusieurs ann\u00e9es maintenant, pour aboutir \u00e0 la signature d\u2019un \u00ab\u2009trait\u00e9 mondial contre la pollution plastique\u2009\u00bb. Et alors que beaucoup continuent de chercher des solutions de gestion des d\u00e9chets ou de nettoyage des oc\u00e9ans, d\u2019autres estiment ces solutions d\u00e9j\u00e0 \u00ab\u2009scientifiquement dat\u00e9es\u2009\u00bb et appellent \u00e0 rectifier, plus encore \u00e0 changer de cap. Ils demandent que le trait\u00e9 contre la pollution plastique devienne un trait\u00e9 contre le plastique.<\/p>\n<p>Et puis, il y a un \u00ab\u2009moment \u00e0 marquer d&rsquo;une pierre blanche dans le calendrier des n\u00e9gociations plastique\u2009\u00bb, souligne Henri Bourgeois-Costa, le directeur des affaires publiques \u00e0 la Fondation Tara Oc\u00e9an. Avec la signature par 96\u00a0pays d&rsquo;une d\u00e9claration d&rsquo;intention pour que le trait\u00e9 (contre la pollution) plastique en cours de n\u00e9gociation s&rsquo;attache \u00e0 r\u00e9soudre deux probl\u00e8mes principaux. Celui de la r\u00e9duction des <a href=\"https:\/\/www.futura-sciences.com\/sciences\/definitions\/physique-volume-15919\/\" class=\"typographies__SpanLink-sc-9uspqk-3 TvQHx\" universe=\"planet\" rel=\"nofollow noopener\" target=\"_blank\">volumes<\/a>volumes de plastique produit et celui de la r\u00e9duction, en parall\u00e8le, de la <a href=\"https:\/\/www.futura-sciences.com\/sante\/definitions\/medecine-toxicite-6517\/\" class=\"typographies__SpanLink-sc-9uspqk-3 TvQHx\" universe=\"planet\" rel=\"nofollow noopener\" target=\"_blank\">toxicit\u00e9<\/a>toxicit\u00e9 de ces plastiques.<\/p>\n<p>\u00ab\u2009Nous saluons aussi le mot \u00ab\u00a0drastiquement\u00a0\u00bb qu&rsquo;a introduit notre pr\u00e9sident Emmanuel Macron, parlant de la r\u00e9duction de la production <a href=\"https:\/\/www.futura-sciences.com\/sciences\/questions-reponses\/chimie-fabrication-plastique-5-etapes-6227\/\" title=\"La fabrication du plastique en 5 \u00e9tapes\" rel=\"nofollow noopener\" target=\"_blank\">plastique<\/a>. Car rappelons-le, si nous voulons nous mettre en ad\u00e9quation avec les enjeux climatiques, la science nous demande de r\u00e9duire d&rsquo;au moins 75\u00a0% cette production.\u2009\u00bb Sans \u00e7a, les <a href=\"https:\/\/www.futura-sciences.com\/sciences\/definitions\/physique-emission-389\/\" class=\"typographies__SpanLink-sc-9uspqk-3 TvQHx\" universe=\"planet\" rel=\"nofollow noopener\" target=\"_blank\">\u00e9missions<\/a>\u00e9missions de dioxyde de carbone (CO2) du secteur pourraient passer de 3 \u00e0 15\u00a0% des \u00e9missions mondiales d&rsquo;ici 2050. \u00ab\u2009Et au-del\u00e0 de la pollution directe g\u00e9n\u00e9r\u00e9e par les plastiques, on sait trop bien \u00e0 quel point le r\u00e9chauffement climatique a un impact sur nos oc\u00e9ans.\u2009\u00bb<\/p>\n<p>Un oc\u00e9an encore surexploit\u00e9, mais pour combien de temps\u2009?<\/p>\n<p>Concernant la question de l&rsquo;exploitation mini\u00e8re des grands fonds, la conclusion est moins positive. \u00ab\u2009Nous arrivions \u00e0 Nice avec 33\u00a0pays qui avaient ralli\u00e9 la coalition pour une \u00ab\u00a0pause de pr\u00e9caution dans l&rsquo;exploitation mini\u00e8re des grands fonds marins\u00a0\u00bb.\u00a0Seulement quatre\u00a0nouveaux petits pays nous ont rejoints, d\u00e9plore Andr\u00e9 Abreu. Mais le secteur de la finance a avanc\u00e9. La Caisse des d\u00e9p\u00f4ts et le Cr\u00e9dit Agricole ont annonc\u00e9 qu&rsquo;ils ne financeraient plus ce type d&rsquo;activit\u00e9s. Ainsi, nous partons tout de m\u00eame confiants pour la Jama\u00efque o\u00f9 se tiendra l&rsquo;assembl\u00e9e g\u00e9n\u00e9rale de l&rsquo;autorit\u00e9 internationale des fonds marins d&rsquo;ici quelques semaines. Car le vote se remportera non \u00e0 l&rsquo;unanimit\u00e9, mais \u00e0 la majorit\u00e9 des deux tiers des 167\u00a0\u00c9tats membres. Si ce moratoire pouvait entrer en vigueur cette ann\u00e9e, ce serait historique.\u2009\u00bb<\/p>\n<p>Historique. Tout comme la <a href=\"https:\/\/www.futura-sciences.com\/tech\/definitions\/informatique-resolution-18289\/\" class=\"typographies__SpanLink-sc-9uspqk-3 TvQHx\" universe=\"planet\" rel=\"nofollow noopener\" target=\"_blank\">r\u00e9solution<\/a>r\u00e9solution prise par l&rsquo;Organisation mondiale du commerce d&rsquo;interdire les subventions aux techniques de p\u00eache qui nuisent \u00e0 la biodiversit\u00e9. \u00ab\u2009Et pas seulement au chalut.\u2009\u00bb D\u00e9j\u00e0 plus de 100\u00a0pays ont ratifi\u00e9 cette r\u00e9solution. \u00ab\u2009C&rsquo;est l&rsquo;\u00e9quivalent de 3\u2009000\u00a0bateaux. Il en manque encore 600 environ pour que la r\u00e9solution soit adopt\u00e9e.\u2009\u00bb Soit une dizaine de pays. Cela bouleverserait les rapports de force entre p\u00eache industrielle et p\u00eache artisanale.<\/p>\n<p>D&rsquo;autres coalitions se sont form\u00e9es ou renforc\u00e9es \u00e0 Nice. D&rsquo;autres engagements ont \u00e9t\u00e9 pris. Pas toujours des plus spectaculaires mais qui signent une dynamique int\u00e9ressante. Bient\u00f4t, les bateaux de p\u00eache seront consid\u00e9r\u00e9s comme des navires de commerce. Ils seront donc soumis au respect du droit international en la <a href=\"https:\/\/www.futura-sciences.com\/sciences\/definitions\/matiere-matiere-15841\/\" class=\"typographies__SpanLink-sc-9uspqk-3 TvQHx\" universe=\"planet\" rel=\"nofollow noopener\" target=\"_blank\">mati\u00e8re<\/a>mati\u00e8re. La Chine a enfin accept\u00e9 de rejoindre le PSMA, entr\u00e9 en vigueur en 2016 et qui impose un contr\u00f4le strict de tous les bateaux qui entrent dans un port.<\/p>\n<p>\u00ab\u2009C&rsquo;est important parce que la Chine a vraiment beaucoup de bateaux&#8230;\u2009\u00bb, souligne Romain Troubl\u00e9. Des promesses ont \u00e9t\u00e9 faites d&rsquo;int\u00e9grer des objectifs oc\u00e9an dans les \u00ab\u2009paniers d&rsquo;actions climatiques\u2009\u00bb qui seront d\u00e9cid\u00e9s \u00e0 la prochaine <a href=\"https:\/\/www.futura-sciences.com\/planete\/actualites\/rechauffement-climatique-tout-va-bien-autoroute-coupe-deux-amazonie-accueillir-cop30-120465\/\" title=\"Tout va bien : une autoroute coupe en deux l\u2019Amazonie pour accueillir la COP30 !\" rel=\"nofollow noopener\" target=\"_blank\">COP30<\/a> sur le <a href=\"https:\/\/www.futura-sciences.com\/planete\/definitions\/climatologie-climat-13771\/\" class=\"typographies__SpanLink-sc-9uspqk-3 TvQHx\" universe=\"planet\" rel=\"nofollow noopener\" target=\"_blank\">climat<\/a>climat de Bel\u00e9m (Br\u00e9sil). Et des villes c\u00f4ti\u00e8res, tr\u00e8s en demande de solutions port\u00e9es par la science pour certaines, se sont rassembl\u00e9es pour travailler \u00e0 la cr\u00e9ation d&rsquo;un outil qui les aiderait \u00e0 faire face \u00e0 la menace de la mont\u00e9e des eaux. Parce que la question n&rsquo;est aujourd&rsquo;hui plus de savoir si les <a href=\"https:\/\/www.futura-sciences.com\/planete\/questions-reponses\/mer-niveau-mer-oceans-monte-945\/\" title=\"Pourquoi le niveau de la mer et des oc\u00e9ans monte ?\" rel=\"nofollow noopener\" target=\"_blank\">niveaux de l\u2019oc\u00e9an<\/a> vont montrer, mais quand et \u00e0 quel point&#8230;<\/p>\n","protected":false},"excerpt":{"rendered":"Pendant une semaine, les repr\u00e9sentants des \u00c9tats du monde se sont r\u00e9unis \u00e0 Nice pour parler oc\u00e9an. Et&hellip;\n","protected":false},"author":2,"featured_media":180828,"comment_status":"","ping_status":"","sticky":false,"template":"","format":"standard","meta":{"footnotes":""},"categories":[2819],"tags":[1111,11,31847,3783,1130,1777,674,31848,1011,27,11415,12,2401,12517,4838,31181,882,5140,25,12522,23530],"class_list":{"0":"post-180827","1":"post","2":"type-post","3":"status-publish","4":"format-standard","5":"has-post-thumbnail","7":"category-nice","8":"tag-actu","9":"tag-actualites","10":"tag-aire-marine-protegee","11":"tag-bilan","12":"tag-biodiversite","13":"tag-eu","14":"tag-europe","15":"tag-fondation-tara-ocean","16":"tag-fr","17":"tag-france","18":"tag-nations-unies","19":"tag-news","20":"tag-nice","21":"tag-ocean","22":"tag-peche","23":"tag-pollution-plastique","24":"tag-provence-alpes-cote-dazur","25":"tag-rechauffement-climatique","26":"tag-republique-francaise","27":"tag-unoc","28":"tag-unoc-3"},"share_on_mastodon":{"url":"https:\/\/pubeurope.com\/@fr\/114693105485824311","error":""},"_links":{"self":[{"href":"https:\/\/www.europesays.com\/fr\/wp-json\/wp\/v2\/posts\/180827","targetHints":{"allow":["GET"]}}],"collection":[{"href":"https:\/\/www.europesays.com\/fr\/wp-json\/wp\/v2\/posts"}],"about":[{"href":"https:\/\/www.europesays.com\/fr\/wp-json\/wp\/v2\/types\/post"}],"author":[{"embeddable":true,"href":"https:\/\/www.europesays.com\/fr\/wp-json\/wp\/v2\/users\/2"}],"replies":[{"embeddable":true,"href":"https:\/\/www.europesays.com\/fr\/wp-json\/wp\/v2\/comments?post=180827"}],"version-history":[{"count":0,"href":"https:\/\/www.europesays.com\/fr\/wp-json\/wp\/v2\/posts\/180827\/revisions"}],"wp:featuredmedia":[{"embeddable":true,"href":"https:\/\/www.europesays.com\/fr\/wp-json\/wp\/v2\/media\/180828"}],"wp:attachment":[{"href":"https:\/\/www.europesays.com\/fr\/wp-json\/wp\/v2\/media?parent=180827"}],"wp:term":[{"taxonomy":"category","embeddable":true,"href":"https:\/\/www.europesays.com\/fr\/wp-json\/wp\/v2\/categories?post=180827"},{"taxonomy":"post_tag","embeddable":true,"href":"https:\/\/www.europesays.com\/fr\/wp-json\/wp\/v2\/tags?post=180827"}],"curies":[{"name":"wp","href":"https:\/\/api.w.org\/{rel}","templated":true}]}}