{"id":180831,"date":"2025-06-16T12:45:21","date_gmt":"2025-06-16T12:45:21","guid":{"rendered":"https:\/\/www.europesays.com\/fr\/180831\/"},"modified":"2025-06-16T12:45:21","modified_gmt":"2025-06-16T12:45:21","slug":"grosse-frayeur-lors-dune-kermesse-pres-de-nantes-une-voiture-percute-une-caleche-avec-des-enfants","status":"publish","type":"post","link":"https:\/\/www.europesays.com\/fr\/180831\/","title":{"rendered":"Grosse frayeur lors d\u2019une kermesse pr\u00e8s de Nantes, une voiture percute une cal\u00e8che avec des enfants"},"content":{"rendered":"<p>Un grave accident s\u2019est produit dans la commune de La Limouzini\u00e8re, pr\u00e8s de Nantes (<a target=\"_self\" href=\"https:\/\/www.lanouvellerepublique.fr\/loire-atlantique\" rel=\"noopener\">Loire-Atlantique<\/a>), samedi 14\u00a0juin 2025. Comme le relate <a target=\"_blank\" href=\"https:\/\/www.ouest-france.fr\/faits-divers\/accidents\/une-caleche-percutee-par-une-voiture-pendant-une-kermesse-deux-fillettes-blessees-au-sud-de-nantes-8afe845a-4957-11f0-b660-c6a4d2b5307d\" rel=\"noopener\">Presse-Oc\u00e9an<\/a>, il a eu lieu vers 17\u00a0h\u00a030 lors d\u2019une kermesse scolaire. Une voiture a percut\u00e9 une cal\u00e8che qui transportait 13 personnes dont plusieurs enfants.<\/p>\n<p>Une trentenaire l\u00e9g\u00e8rement bless\u00e9e<\/p>\n<p>Alert\u00e9s, les secours se sont rapidement rendus sur place. Deux ambulances ont \u00e9galement \u00e9t\u00e9 d\u00e9p\u00each\u00e9es. Selon le centre op\u00e9rationnel d\u00e9partemental d\u2019incendie et de secours (Codis), deux fillettes \u00e2g\u00e9es de 8 et 12\u00a0ans ont \u00e9t\u00e9 \u00ab\u00a0l\u00e9g\u00e8rement bless\u00e9es\u00a0\u00bb lors de l\u2019<a target=\"_self\" href=\"https:\/\/www.lanouvellerepublique.fr\/pas-de-calais\/deux-ados-a-trottinette-grievement-blessees-apres-un-accident-avec-une-voiture-pres-de-lens-1750069622\" rel=\"noopener\">accident<\/a>. Elles ont \u00e9t\u00e9 transport\u00e9es au CHU de Nantes.<\/p>\n<p>Une femme \u00e2g\u00e9e de 37\u00a0ans, qui se trouvait sur la cal\u00e8che, a elle aussi \u00e9t\u00e9 l\u00e9g\u00e8rement touch\u00e9e. Les pompiers l\u2019ont examin\u00e9e sur place et elle n\u2019a pas \u00e9t\u00e9 transport\u00e9e \u00e0 l\u2019h\u00f4pital. \u00ab\u00a0Les autres personnes \u00e0 bord de la cal\u00e8che ont \u00e9t\u00e9 rassembl\u00e9es dans une salle de la mairie pour une prise en charge psychologique\u00a0\u00bb, note le Sdis de Loire-Atlantique, cit\u00e9 par <a target=\"_blank\" href=\"https:\/\/www.francebleu.fr\/infos\/faits-divers-justice\/frayeur-a-la-kermesse-de-la-limouziniere-une-voiture-percute-une-caleche-transportant-des-enfants-6053265\" rel=\"noopener\">ici Loire Oc\u00e9an<\/a>.<\/p>\n","protected":false},"excerpt":{"rendered":"Un grave accident s\u2019est produit dans la commune de La Limouzini\u00e8re, pr\u00e8s de Nantes (Loire-Atlantique), samedi 14\u00a0juin 2025.&hellip;\n","protected":false},"author":2,"featured_media":180832,"comment_status":"","ping_status":"","sticky":false,"template":"","format":"standard","meta":{"footnotes":""},"categories":[2818],"tags":[1111,11,1674,1777,674,274,1011,27,3047,766,12,2636,25],"class_list":{"0":"post-180831","1":"post","2":"type-post","3":"status-publish","4":"format-standard","5":"has-post-thumbnail","7":"category-nantes","8":"tag-actu","9":"tag-actualites","10":"tag-communes","11":"tag-eu","12":"tag-europe","13":"tag-faits-divers-justice","14":"tag-fr","15":"tag-france","16":"tag-loire-atlantique","17":"tag-nantes","18":"tag-news","19":"tag-pays-de-la-loire","20":"tag-republique-francaise"},"share_on_mastodon":{"url":"https:\/\/pubeurope.com\/@fr\/114693113344381365","error":""},"_links":{"self":[{"href":"https:\/\/www.europesays.com\/fr\/wp-json\/wp\/v2\/posts\/180831","targetHints":{"allow":["GET"]}}],"collection":[{"href":"https:\/\/www.europesays.com\/fr\/wp-json\/wp\/v2\/posts"}],"about":[{"href":"https:\/\/www.europesays.com\/fr\/wp-json\/wp\/v2\/types\/post"}],"author":[{"embeddable":true,"href":"https:\/\/www.europesays.com\/fr\/wp-json\/wp\/v2\/users\/2"}],"replies":[{"embeddable":true,"href":"https:\/\/www.europesays.com\/fr\/wp-json\/wp\/v2\/comments?post=180831"}],"version-history":[{"count":0,"href":"https:\/\/www.europesays.com\/fr\/wp-json\/wp\/v2\/posts\/180831\/revisions"}],"wp:featuredmedia":[{"embeddable":true,"href":"https:\/\/www.europesays.com\/fr\/wp-json\/wp\/v2\/media\/180832"}],"wp:attachment":[{"href":"https:\/\/www.europesays.com\/fr\/wp-json\/wp\/v2\/media?parent=180831"}],"wp:term":[{"taxonomy":"category","embeddable":true,"href":"https:\/\/www.europesays.com\/fr\/wp-json\/wp\/v2\/categories?post=180831"},{"taxonomy":"post_tag","embeddable":true,"href":"https:\/\/www.europesays.com\/fr\/wp-json\/wp\/v2\/tags?post=180831"}],"curies":[{"name":"wp","href":"https:\/\/api.w.org\/{rel}","templated":true}]}}