{"id":180838,"date":"2025-06-16T12:49:09","date_gmt":"2025-06-16T12:49:09","guid":{"rendered":"https:\/\/www.europesays.com\/fr\/180838\/"},"modified":"2025-06-16T12:49:09","modified_gmt":"2025-06-16T12:49:09","slug":"jean-michel-lattes-relaxe-dautres-condamnes","status":"publish","type":"post","link":"https:\/\/www.europesays.com\/fr\/180838\/","title":{"rendered":"Jean-Michel Lattes relax\u00e9, d&rsquo;autres condamn\u00e9s"},"content":{"rendered":"<p>            Par<br \/>\n        <strong><br \/>\n            <a href=\"https:\/\/actu.fr\/auteur\/mareva-laville-actu-fr\" title=\"Consulter tous les articles de Mar\u00e9va Laville\" rel=\"nofollow noopener\" target=\"_blank\">Mar\u00e9va Laville<\/a><br \/>\n        <\/strong><\/p>\n<p>        Publi\u00e9 le<\/p>\n<p>            16 juin 2025 \u00e0 14h35        <\/p>\n<p>Le couperet est tomb\u00e9 pour <a href=\"https:\/\/actu.fr\/tag\/tisseo\" rel=\"nofollow noopener\" target=\"_blank\"><strong>Tiss\u00e9o<\/strong><\/a>. Ce lundi 16\u00a0juin 2025, un mois apr\u00e8s le proc\u00e8s impliquant sept pr\u00e9venus <a href=\"https:\/\/actu.fr\/occitanie\/toulouse_31555\/toulouse-vices-de-procedures-probleme-de-tribunal-pourquoi-le-proces-contre-tisseo-est-un-sac-de-noeuds_62621002.html\" rel=\"nofollow noopener\" target=\"_blank\">accus\u00e9s de <strong>favoritisme <\/strong>dans le cadre de la pr\u00e9paration du chantier<\/a> de la <a href=\"https:\/\/actu.fr\/tag\/ligne-c-du-metro-de-toulouse\" rel=\"nofollow noopener\" target=\"_blank\">ligne C du m\u00e9tro de Toulouse<\/a>, les juges du tribunal correctionnel de Toulouse ont tranch\u00e9 en faveur du parquet. Tiss\u00e9o et le<strong> cabinet d\u2019\u00e9tudes lyonnais Algo\u00e9<\/strong> ont \u00e9t\u00e9 reconnus coupables d\u2019avoir g\u00e9r\u00e9 \u00ab\u2009leurs petites affaires entre amis\u2009\u00bb, avait alors soulign\u00e9 la <strong>procureure de la R\u00e9publique de Toulouse, V\u00e9ronique Benlafquih,<\/strong> <a href=\"https:\/\/actu.fr\/occitanie\/toulouse_31555\/proces-de-tisseo-pour-la-ligne-c-du-metro-a-toulouse-ineligibilite-et-prison-avec-sursis-requis_62626938.html\" rel=\"nofollow noopener\" target=\"_blank\">lors de son r\u00e9quisitoire<\/a>. Mais pas l\u2019ensemble des acteurs concern\u00e9s, notamment <strong>Jean-Michel Lattes,<\/strong> son pr\u00e9sident. <br \/>Entre 2015 et 2018, la Chambre r\u00e9gionale des comptes pointait du doigt une note s\u2019\u00e9levant \u00e0 <strong>4,32\u00a0millions d\u2019euros pour Tiss\u00e9o<\/strong>, via la signature de plusieurs bons de commande effectu\u00e9s dans le cadre d\u2019un march\u00e9 public \u00ab\u00a0\u00e0 la feuille de route floue\u00a0\u00bb, tous sign\u00e9s par <strong>l\u2019ex-Directeur g\u00e9n\u00e9ral des services, Jean-Michel Evin<\/strong>, en ce sens repr\u00e9sentant du <strong>pr\u00e9sident de Tiss\u00e9o Jean-Michel Lattes.<\/strong> Des bons de commande qui, par ailleurs, ont servi \u00e0 faire appel \u00e0 des sous-traitants d\u2019Algo\u00e9, telle que la soci\u00e9t\u00e9 de communication <strong>Campana<\/strong>, elle aussi, sur les bancs des pr\u00e9venus. Si elle, en particulier, \u00e9tait cibl\u00e9e, c\u2019est parce que sous couvert d\u2019un bon de commande sign\u00e9 avec Algo\u00e9, Tiss\u00e9o aurait choisi Campana, entreprise qu\u2019elle conna\u00eet bien, sans passer par un march\u00e9 public distinct. Or, d\u2019apr\u00e8s le parquet de Toulouse, \u00ab\u2009Tiss\u00e9o aurait pu faire des \u00e9conomies si plusieurs march\u00e9s publics avaient \u00e9t\u00e9 pass\u00e9s pour faire jouer la concurrence\u2009\u00bb. Un argument saisissant pour le tribunal, qui a <a href=\"https:\/\/actu.fr\/occitanie\/toulouse_31555\/toulouse-proces-de-tisseo-pour-favoritisme-le-jugement-sera-rendu-aujourd-hui_62766278.html\" rel=\"nofollow noopener\" target=\"_blank\">rendu son verdict ce lundi.<\/a> Voici le d\u00e9tail.<\/p>\n<p>Tiss\u00e9o \u00e9cope de 200 000 euros d\u2019amende<\/p>\n<p class=\" wall-content\">En ce sens, c\u2019est l\u2019entit\u00e9 <strong>Tiss\u00e9o<\/strong> qui se montre la plus \u00e9pingl\u00e9e. \u00c0 l\u2019aune du r\u00e9quisitoire du parquet de Toulouse qui lui conf\u00e9rait un \u00ab\u00a0devoir d\u2019exemplarit\u00e9 quand on manie des fonds publics de telle ampleur\u00a0\u00bb. Pour le r\u00e9seau de transport en commun toulousain, les juges actent une <strong>amende de 200 000 euros<\/strong>. Une peine identique pour la soci\u00e9t\u00e9 <strong>Algo\u00e9<\/strong>, qui \u00e9cope de 400 000 euros d\u2019amende, dont 200 000 en sursis.<\/p>\n<p>Jean-Michel Lattes relax\u00e9<\/p>\n<p class=\" wall-content\"><strong>Jean-Michel Lattes <\/strong>a pour sa part \u00e9t\u00e9 <strong>relax\u00e9<\/strong>. Pour rappel, le pr\u00e9sident de Tiss\u00e9o et adjoint au maire de Toulouse avait inform\u00e9 le parquet, par obligation l\u00e9gale, des soup\u00e7ons avanc\u00e9s, d\u2019une part par la publication du <a href=\"https:\/\/www.ccomptes.fr\/system\/files\/2019-02\/OCR2019-02_0.pdf\" rel=\"nofollow noopener\" target=\"_blank\">rapport de la Chambre r\u00e9gionale des comptes publi\u00e9 en 2019<\/a>, et d\u2019autre part, par l\u2019alerte d\u2019une juriste de Tiss\u00e9o. Mais dans le m\u00eame temps, la Chambre r\u00e9gionale des comptes saisissait directement le tribunal, ce qui explique l\u2019absence d\u2019ouverture d\u2019information judiciaire <a href=\"https:\/\/actu.fr\/occitanie\/toulouse_31555\/toulouse-les-mots-emus-de-jean-michel-lattes-la-fronde-des-avocats-la-fin-d-un-proces-tendu-pour-tisseo_62629161.html\" rel=\"nofollow noopener\" target=\"_blank\">tant accabl\u00e9e par les avocats de la d\u00e9fense.<\/a><\/p>\n<p class=\" wall-content\"><strong>\u00ab\u00a0Aucun \u00e9l\u00e9ment du dossier<\/strong> n\u2019a permis d\u2019\u00e9tablir que vous aviez connaissance de la r\u00e9union \u00e0 Lyon du 16 janvier 2015 organis\u00e9e par Jean-Michel Evin et \u00e9galement <strong>que vous auriez \u00e9t\u00e9 inform\u00e9e de quelques mani\u00e8res que ce soit<\/strong> de la connivence frauduleuse\u00a0\u00bb, a \u00e9tay\u00e9 la pr\u00e9sidente du tribunal.<\/p>\n<p>L\u2019ex-DGS in\u00e9ligible pendant deux ans<\/p>\n<p class=\" wall-content\"><strong>Jean-Michel Evin, l\u2019ex-DGS de Tiss\u00e9o<\/strong> et actuellement directeur des mobilit\u00e9s de Montpellier, signataire des bons de commande, a en revanche \u00e9t\u00e9 d\u00e9clar\u00e9 coupable de<strong> d\u00e9lit de favoritisme et prise ill\u00e9gale d\u2019int\u00e9r\u00eats<\/strong> (son fils ayant \u00e9t\u00e9 embauch\u00e9 par la soci\u00e9t\u00e9 Algo\u00e9 alors qu\u2019il \u00e9tait en fonction). Il \u00e9cope d\u2019une peine de <strong>12 mois assortis d\u2019un sursis simple<\/strong> et <strong>10\u2009000 euros d\u2019amende<\/strong>, ainsi que deux ans d\u2019in\u00e9ligibilit\u00e9.<\/p>\n<p>L\u2019ex-responsable de mission \u00e0 Algo\u00e9 relax\u00e9.<\/p>\n<p class=\" wall-content\"><strong>Ga\u00ebl Villotitch,<\/strong> \u00e0 l\u2019\u00e9poque responsable de la mission chez Algo\u00e9, est quant \u00e0 lui <strong>relax\u00e9<\/strong>.\u00a0<\/p>\n<p class=\" wall-content\">Les mis en cause disposent encore de dix jours pour faire appel de cette d\u00e9cision. L\u2019avocate Jean-Michel Evin a d\u2019ores et d\u00e9j\u00e0 annonc\u00e9 faire appel.<\/p>\n<p class=\" wall-content\">Suivez toute l\u2019actualit\u00e9 de vos villes et m\u00e9dias favoris en vous inscrivant \u00e0 <a href=\"https:\/\/moncompte.actu.fr\" title=\"D\u00e9couvez Mon Actu\" rel=\"nofollow noopener\" data-trk=\"{&quot;cta&quot;:{&quot;action&quot;:&quot;https:\\\/\\\/moncompte.actu.fr&quot;,&quot;category&quot;:&quot;mon compte&quot;,&quot;from&quot;:&quot;article footer&quot;,&quot;name&quot;:&quot;Mon actu&quot;,&quot;type&quot;:&quot;cta&quot;}}\" target=\"_blank\">Mon Actu<\/a>.<\/p>\n","protected":false},"excerpt":{"rendered":"Par Mar\u00e9va Laville Publi\u00e9 le 16 juin 2025 \u00e0 14h35 Le couperet est tomb\u00e9 pour Tiss\u00e9o. Ce lundi&hellip;\n","protected":false},"author":2,"featured_media":180839,"comment_status":"","ping_status":"","sticky":false,"template":"","format":"standard","meta":{"footnotes":""},"categories":[2816],"tags":[1111,11,1777,674,118,1011,27,303,12,2680,25,5400,2312],"class_list":{"0":"post-180838","1":"post","2":"type-post","3":"status-publish","4":"format-standard","5":"has-post-thumbnail","7":"category-toulouse","8":"tag-actu","9":"tag-actualites","10":"tag-eu","11":"tag-europe","12":"tag-faits-divers","13":"tag-fr","14":"tag-france","15":"tag-justice","16":"tag-news","17":"tag-occitanie","18":"tag-republique-francaise","19":"tag-tisseo","20":"tag-toulouse"},"share_on_mastodon":{"url":"https:\/\/pubeurope.com\/@fr\/114693129120341236","error":""},"_links":{"self":[{"href":"https:\/\/www.europesays.com\/fr\/wp-json\/wp\/v2\/posts\/180838","targetHints":{"allow":["GET"]}}],"collection":[{"href":"https:\/\/www.europesays.com\/fr\/wp-json\/wp\/v2\/posts"}],"about":[{"href":"https:\/\/www.europesays.com\/fr\/wp-json\/wp\/v2\/types\/post"}],"author":[{"embeddable":true,"href":"https:\/\/www.europesays.com\/fr\/wp-json\/wp\/v2\/users\/2"}],"replies":[{"embeddable":true,"href":"https:\/\/www.europesays.com\/fr\/wp-json\/wp\/v2\/comments?post=180838"}],"version-history":[{"count":0,"href":"https:\/\/www.europesays.com\/fr\/wp-json\/wp\/v2\/posts\/180838\/revisions"}],"wp:featuredmedia":[{"embeddable":true,"href":"https:\/\/www.europesays.com\/fr\/wp-json\/wp\/v2\/media\/180839"}],"wp:attachment":[{"href":"https:\/\/www.europesays.com\/fr\/wp-json\/wp\/v2\/media?parent=180838"}],"wp:term":[{"taxonomy":"category","embeddable":true,"href":"https:\/\/www.europesays.com\/fr\/wp-json\/wp\/v2\/categories?post=180838"},{"taxonomy":"post_tag","embeddable":true,"href":"https:\/\/www.europesays.com\/fr\/wp-json\/wp\/v2\/tags?post=180838"}],"curies":[{"name":"wp","href":"https:\/\/api.w.org\/{rel}","templated":true}]}}