{"id":180840,"date":"2025-06-16T12:50:11","date_gmt":"2025-06-16T12:50:11","guid":{"rendered":"https:\/\/www.europesays.com\/fr\/180840\/"},"modified":"2025-06-16T12:50:11","modified_gmt":"2025-06-16T12:50:11","slug":"la-compagnie-zahrbat-celebre-20-ans-de-creation-hip-hop-au-colisee-de-roubaix","status":"publish","type":"post","link":"https:\/\/www.europesays.com\/fr\/180840\/","title":{"rendered":"La Compagnie Zahrbat c\u00e9l\u00e8bre 20 ans de cr\u00e9ation hip-hop au Colis\u00e9e de Roubaix"},"content":{"rendered":"<p data-start=\"1143\" data-end=\"1546\">Depuis son premier solo intitul\u00e9 Zahrbat en 2004 \u2014 un hommage \u00e0 son p\u00e8re \u2014 jusqu\u2019aux sc\u00e8nes du monde entier, Brahim Bouchelaghem a fa\u00e7onn\u00e9 une \u0153uvre personnelle, exigeante, nourrie par les racines du hip-hop et une po\u00e9sie singuli\u00e8re. C\u2019est cette riche trajectoire artistique qu\u2019il nous propose de red\u00e9couvrir, entour\u00e9 de <strong data-start=\"1466\" data-end=\"1492\">plus de vingt danseurs<\/strong>, dans une r\u00e9trospective chor\u00e9graphique spectaculaire.<\/p>\n<p data-start=\"1548\" data-end=\"1967\">N\u00e9 \u00e0 Roubaix en 1972, Brahim d\u00e9couvre la culture hip-hop en 1984 et rejoint dix ans plus tard des figures majeures de la danse contemporaine urbaine : <strong data-start=\"1699\" data-end=\"1744\">Farid Berki, Mourad Merzouki, Kader Attou<\/strong>. En 2005, il fonde la Compagnie Zahrbat. De 2007 \u00e0 2013, il collabore en tant qu\u2019artiste associ\u00e9 avec <strong data-start=\"1847\" data-end=\"1866\">Carolyn Carlson<\/strong> au Centre Chor\u00e9graphique National de Roubaix, qui le d\u00e9crit comme un v\u00e9ritable po\u00e8te du mouvement.<\/p>\n<p data-start=\"1969\" data-end=\"2293\">Depuis 2013, la compagnie est install\u00e9e au <strong data-start=\"2012\" data-end=\"2025\">Studio 28<\/strong>, c\u0153ur battant de la cr\u00e9ation chor\u00e9graphique \u00e0 Roubaix. Son r\u00e9pertoire s\u2019est \u00e9toff\u00e9 avec <strong data-start=\"2114\" data-end=\"2127\">14 pi\u00e8ces<\/strong>, dont plusieurs projets internationaux et <strong data-start=\"2170\" data-end=\"2221\">quatre participations au Festival Off d\u2019Avignon<\/strong>. Son \u0153uvre a \u00e9t\u00e9 pr\u00e9sent\u00e9e dans <strong data-start=\"2254\" data-end=\"2273\">plus de 50 pays<\/strong> \u00e0 travers le monde.<\/p>\n<p data-start=\"2295\" data-end=\"2525\">\u00c0 l\u2019occasion de cet anniversaire, le public retrouvera des extraits des pi\u00e8ces les plus embl\u00e9matiques du r\u00e9pertoire :<br data-start=\"2412\" data-end=\"2415\"\/>\ud83d\udccc Zahrbat, El Firak, Dava\u00ef Dava\u00ef\u2026, What did you say?, Hiya (elles), Sillons, Motion, Usure.<\/p>\n<p data-start=\"2527\" data-end=\"2702\">Une soir\u00e9e \u00e0 ne pas manquer, vibrante d\u2019histoire et de passion, o\u00f9 <strong data-start=\"2594\" data-end=\"2643\">la m\u00e9moire de la danse se conjugue au pr\u00e9sent<\/strong> sous les pas de Brahim Bouchelaghem et de ses interpr\u00e8tes.<\/p>\n<p data-start=\"2704\" data-end=\"2722\">\ud83c\udf9f\ufe0f <strong data-start=\"2708\" data-end=\"2718\">Tarifs<\/strong> :<\/p>\n<ul data-start=\"2723\" data-end=\"2924\">\n<li data-start=\"2723\" data-end=\"2739\">\n<p data-start=\"2725\" data-end=\"2739\">Plein : 39 \u20ac<\/p>\n<\/li>\n<li data-start=\"2740\" data-end=\"2771\">\n<p data-start=\"2742\" data-end=\"2771\">R\u00e9duit : 35 \u20ac \/ Cat\u00e9gorie 2<\/p>\n<\/li>\n<li data-start=\"2772\" data-end=\"2794\">\n<p data-start=\"2774\" data-end=\"2794\">Cat\u00e9gorie 3 : 22 \u20ac<\/p>\n<\/li>\n<li data-start=\"2795\" data-end=\"2813\">\n<p data-start=\"2797\" data-end=\"2813\">Abonn\u00e9s : 31 \u20ac<\/p>\n<\/li>\n<li data-start=\"2814\" data-end=\"2850\">\n<p data-start=\"2816\" data-end=\"2850\">-26 ans \/ Roubaix abonn\u00e9s : 28 \u20ac<\/p>\n<\/li>\n<li data-start=\"2851\" data-end=\"2924\">\n<p data-start=\"2853\" data-end=\"2924\">Derni\u00e8re minute (-26 ans, Roubaisiens, demandeurs d\u2019emploi, RSA) : 15 \u20ac<\/p>\n<\/li>\n<\/ul>\n<p data-start=\"2926\" data-end=\"2958\">\ud83d\udc49 <a class=\"\" href=\"#\" rel=\"noopener\" data-start=\"2929\" data-end=\"2958\">Acc\u00e9der \u00e0 la billetterie<\/a><\/p>\n<p class=\"title\">\ud83d\udc49 Plus d\u2019infos sur URBX 2025<\/p>\n<p data-start=\"179\" data-end=\"537\">Pour sa 4e \u00e9dition, <strong data-start=\"199\" data-end=\"216\">URBX Festival<\/strong> investit \u00e0 nouveau Roubaix et la m\u00e9tropole du 19 au 29 juin 2025, avec une programmation toujours plus ambitieuse. Pens\u00e9 comme un grand rendez-vous populaire et cr\u00e9atif, URBX met \u00e0 l\u2019honneur <strong data-start=\"408\" data-end=\"457\">cinq disciplines phares des cultures urbaines<\/strong> : la <strong data-start=\"463\" data-end=\"474\">musique<\/strong>, la <strong data-start=\"479\" data-end=\"488\">danse<\/strong>, la <strong data-start=\"493\" data-end=\"501\">mode<\/strong>, le <strong data-start=\"506\" data-end=\"520\">street art<\/strong> et le <strong data-start=\"527\" data-end=\"536\">sport<\/strong>.<\/p>\n<p data-start=\"804\" data-end=\"948\">Le <strong data-start=\"807\" data-end=\"818\">19 juin<\/strong>, la soir\u00e9e d\u2019ouverture s\u2019annonce intense avec une <strong data-start=\"869\" data-end=\"899\">Carte blanche \u00e0 Heaven Sam<\/strong>, parrain 2025, toujours \u00e0 La Condition Publique.<\/p>\n<p data-start=\"950\" data-end=\"1293\">Au programme pendant dix jours :<br data-start=\"982\" data-end=\"985\"\/>\ud83c\udfb6 Concerts (Soso Maness, Naza, Heaven Sam, Alonzo, Nayra, Ocean Wisdom\u2026)<br data-start=\"1058\" data-end=\"1061\"\/>\ud83d\udd7a Spectacles et workshops de danse (Zarbaht, Dans la Rue la Danse, Pantsula\u2026)<br data-start=\"1139\" data-end=\"1142\"\/>\ud83c\udfa8 Street-art sur les murs et les toits de Roubaix<br data-start=\"1192\" data-end=\"1195\"\/>\ud83d\udc55 D\u00e9fil\u00e9 ESMOD, ateliers Anti_Fashion<br data-start=\"1233\" data-end=\"1236\"\/>\ud83c\udfae E-sport, cin\u00e9ma, expos, afters festifs et Block Party\u2026<\/p>\n<p data-start=\"1295\" data-end=\"1449\">\ud83d\udcc5 <strong data-start=\"1298\" data-end=\"1350\">\u00c0 ne pas manquer : le concert gratuit du 21 juin<\/strong>, jour de la F\u00eate de la musique, avec Soso Maness, Naza et Heaven Sam pour une ambiance survolt\u00e9e !<\/p>\n<p>Suivez les sur Instagram : <a href=\"https:\/\/www.instagram.com\/urbx_festival\" target=\"_blank\" rel=\"noopener nofollow\">@urbx_festival<\/a><\/p>\n<p>Abonnez-vous \u00e0 la Newsletter : <a href=\"https:\/\/www.urbxfestival.com\/\" target=\"_blank\" rel=\"noopener nofollow\">urbxfestival.com<\/a><\/p>\n<p><script async src=\"\/\/www.instagram.com\/embed.js\"><\/script><\/p>\n","protected":false},"excerpt":{"rendered":"Depuis son premier solo intitul\u00e9 Zahrbat en 2004 \u2014 un hommage \u00e0 son p\u00e8re \u2014 jusqu\u2019aux sc\u00e8nes du&hellip;\n","protected":false},"author":2,"featured_media":180841,"comment_status":"","ping_status":"","sticky":false,"template":"","format":"standard","meta":{"footnotes":""},"categories":[2815],"tags":[6873,1111,11,23076,251,1777,674,1011,27,811,1307,12,25,22085,31850],"class_list":{"0":"post-180840","1":"post","2":"type-post","3":"status-publish","4":"format-standard","5":"has-post-thumbnail","7":"category-lille","8":"tag-20-ans","9":"tag-actu","10":"tag-actualites","11":"tag-colisee","12":"tag-culture","13":"tag-eu","14":"tag-europe","15":"tag-fr","16":"tag-france","17":"tag-hauts-de-france","18":"tag-lille","19":"tag-news","20":"tag-republique-francaise","21":"tag-urbx","22":"tag-zahrbat"},"share_on_mastodon":{"url":"https:\/\/pubeurope.com\/@fr\/114693133492720930","error":""},"_links":{"self":[{"href":"https:\/\/www.europesays.com\/fr\/wp-json\/wp\/v2\/posts\/180840","targetHints":{"allow":["GET"]}}],"collection":[{"href":"https:\/\/www.europesays.com\/fr\/wp-json\/wp\/v2\/posts"}],"about":[{"href":"https:\/\/www.europesays.com\/fr\/wp-json\/wp\/v2\/types\/post"}],"author":[{"embeddable":true,"href":"https:\/\/www.europesays.com\/fr\/wp-json\/wp\/v2\/users\/2"}],"replies":[{"embeddable":true,"href":"https:\/\/www.europesays.com\/fr\/wp-json\/wp\/v2\/comments?post=180840"}],"version-history":[{"count":0,"href":"https:\/\/www.europesays.com\/fr\/wp-json\/wp\/v2\/posts\/180840\/revisions"}],"wp:featuredmedia":[{"embeddable":true,"href":"https:\/\/www.europesays.com\/fr\/wp-json\/wp\/v2\/media\/180841"}],"wp:attachment":[{"href":"https:\/\/www.europesays.com\/fr\/wp-json\/wp\/v2\/media?parent=180840"}],"wp:term":[{"taxonomy":"category","embeddable":true,"href":"https:\/\/www.europesays.com\/fr\/wp-json\/wp\/v2\/categories?post=180840"},{"taxonomy":"post_tag","embeddable":true,"href":"https:\/\/www.europesays.com\/fr\/wp-json\/wp\/v2\/tags?post=180840"}],"curies":[{"name":"wp","href":"https:\/\/api.w.org\/{rel}","templated":true}]}}