{"id":180849,"date":"2025-06-16T12:55:10","date_gmt":"2025-06-16T12:55:10","guid":{"rendered":"https:\/\/www.europesays.com\/fr\/180849\/"},"modified":"2025-06-16T12:55:10","modified_gmt":"2025-06-16T12:55:10","slug":"demi-finales-de-top-14-a-lyon-bellecour-se-change-en-village-rugby","status":"publish","type":"post","link":"https:\/\/www.europesays.com\/fr\/180849\/","title":{"rendered":"Demi-finales de Top 14 \u00e0 Lyon : Bellecour se change en village rugby"},"content":{"rendered":"<p><img loading=\"lazy\" decoding=\"async\" alt=\"\u00a9 Flora Chaduc, archives 2023 - Le Groupama stadium accueille les demi-finales de Top 14, vendredi 20 et samedi 21 juin 2025.\" data-zoom-src=\"https:\/\/www.europesays.com\/fr\/wp-content\/uploads\/2025\/06\/initial-rugby-groupama-stadium-credit-fc.jpg\" data-zoomable=\"\" height=\"702\" src=\"https:\/\/www.europesays.com\/fr\/wp-content\/uploads\/2025\/06\/initial-rugby-groupama-stadium-credit-fc.jpg\" width=\"1248\"\/>  <\/p>\n<p class=\"article-desc\">\u00a9 Flora Chaduc, archives 2023 &#8211; Le Groupama stadium accueille les demi-finales de Top 14, vendredi 20 et samedi 21 juin 2025. <\/p>\n<p>Les demi-finales du <strong>championnat de France de rugby<\/strong> (Top\u00a014) franchissent les portes du <strong>Groupama stadium<\/strong> les 20 et 21 juin 2025. Afin de c\u00e9l\u00e9brer <a href=\"https:\/\/mesinfos.fr\/69000-lyon\/top-14-metropole-et-ville-de-lyon-se-tiennent-pretes-pour-les-demi-finales-en-2025-212962.html\" rel=\"nofollow noopener\" target=\"_blank\">cet \u00e9v\u00e8nement sportif de grande envergure<\/a> et d\u2019attirer les amateurs du ballon ovale, la <strong>Ville et la M\u00e9tropole de Lyon<\/strong> transforment <strong>la place Bellecour en village rugby<\/strong>. <\/p>\n<p>Village rugby \u00e0 Bellecour : entre initiations et rencontres avec les joueurs <\/p>\n<p>Les passionn\u00e9s &#8211; et novices &#8211; de l\u2019ovalie ont l\u2019occasion de vivre un avant-match particulier au c\u0153ur de la <strong>place Bellecour<\/strong> les vendredi 20 et samedi 21 juin. Des <strong>animations<\/strong> et <strong>initiations <\/strong>au rugby sont pr\u00e9vues, via la mise en place d\u2019un terrain \u00e9ph\u00e9m\u00e8re. <\/p>\n<p>L\u2019iconique <strong>Bouclier de Brennus<\/strong>, troph\u00e9e brandit par les vainqueurs du <strong>Top 14<\/strong>, y sera expos\u00e9. Le tout compl\u00e9t\u00e9 par une <strong>sc\u00e8ne<\/strong> et un <strong>\u00e9cran g\u00e9ant<\/strong>, afin d\u2019alimenter les temps forts du week-end. <\/p>\n<p>Des s\u00e9ances de <strong>d\u00e9dicaces <\/strong>avec les joueurs des \u00e9quipes demi-finalistes ainsi que des <strong>rencontres <\/strong>avec les parrains et la marraine de l\u2019\u00e9v\u00e8nement sont \u00e9galement pr\u00e9vues.<\/p>\n<p> Top 14 : des demi-finales chocs au Groupama stadium <\/p>\n<p>Le vendredi 20 juin, <strong>Toulouse<\/strong>, tenant du titre, affrontera <strong>Bayonne <\/strong>dans la premi\u00e8re demi-finale au Groupama stadium. Samedi 21 juin, les <strong>Toulonnais <\/strong>auront face \u00e0 eux l\u2019<strong>Union Bordeaux-B\u00e8gles<\/strong>, r\u00e9cemment vainqueur de la Champions cup. La finale aura lieu le samedi 28 juin au Stade de France. <\/p>\n<blockquote class=\"twitter-tweet\" data-uniformized=\"true\">\n<p dir=\"ltr\" lang=\"fr\">Rendez-vous \u00e0 Lyon ce week-end pour les <a href=\"https:\/\/twitter.com\/hashtag\/DemiesTOP14?src=hash&amp;ref_src=twsrc%5Etfw\" rel=\"nofollow noopener\" target=\"_blank\">#DemiesTOP14<\/a> \u231b\ufe0f\ud83d\udd25<\/p>\n<p>\ud83d\udcc6 Vendredi 20 juin \u00e0 21h05<br \/>\ud83d\udc49 <a href=\"https:\/\/twitter.com\/StadeToulousain?ref_src=twsrc%5Etfw\" rel=\"nofollow noopener\" target=\"_blank\">@StadeToulousain<\/a> \u2014 <a href=\"https:\/\/twitter.com\/avironrugbypro?ref_src=twsrc%5Etfw\" rel=\"nofollow noopener\" target=\"_blank\">@avironrugbypro<\/a> <\/p>\n<p>\ud83d\udcc6 Samedi 21 juin \u00e0 21h05<br \/>\ud83d\udc49 <a href=\"https:\/\/twitter.com\/UBBrugby?ref_src=twsrc%5Etfw\" rel=\"nofollow noopener\" target=\"_blank\">@UBBrugby<\/a> \u2014 <a href=\"https:\/\/twitter.com\/RCTofficiel?ref_src=twsrc%5Etfw\" rel=\"nofollow noopener\" target=\"_blank\">@RCTofficiel<\/a> <a href=\"https:\/\/t.co\/LX7aXyWI6U\" rel=\"nofollow\">pic.twitter.com\/LX7aXyWI6U<\/a><\/p>\n<p> \u2014 TOP 14 Rugby (@top14rugby) <a href=\"https:\/\/twitter.com\/top14rugby\/status\/1934534152809751026?ref_src=twsrc%5Etfw\" rel=\"nofollow noopener\" target=\"_blank\">June 16, 2025<\/a><\/p><\/blockquote>\n<p> Infos pratiques <\/p>\n<p>Village rugby sur la\u00a0place Bellecour \u00e0 Lyon. Vendredi 20 juin de 12h \u00e0 20h, samedi 21 juin de 10h \u00e0 19h. Acc\u00e8s libre et gratuit. <\/p>\n<p>Billetterie en ligne pour les demi-finales \u00e0 Lyon <a href=\"https:\/\/top14.lnr.fr\/actualite\/la-billetterie-pour-les-demi-finales-de-top-14-est-ouverte\" rel=\"noopener nofollow\" target=\"_blank\">sur le site de la Ligue nationale de rugby<\/a>.<\/p>\n<p><script async src=\"https:\/\/platform.twitter.com\/widgets.js\" charset=\"utf-8\"><\/script><\/p>\n","protected":false},"excerpt":{"rendered":"\u00a9 Flora Chaduc, archives 2023 &#8211; Le Groupama stadium accueille les demi-finales de Top 14, vendredi 20 et&hellip;\n","protected":false},"author":2,"featured_media":180850,"comment_status":"","ping_status":"","sticky":false,"template":"","format":"standard","meta":{"footnotes":""},"categories":[1889],"tags":[1111,11,2430,1777,674,1011,27,15363,2428,12,25,478],"class_list":{"0":"post-180849","1":"post","2":"type-post","3":"status-publish","4":"format-standard","5":"has-post-thumbnail","7":"category-lyon","8":"tag-actu","9":"tag-actualites","10":"tag-auvergne-rhone-alpes","11":"tag-eu","12":"tag-europe","13":"tag-fr","14":"tag-france","15":"tag-groupama-stadium","16":"tag-lyon","17":"tag-news","18":"tag-republique-francaise","19":"tag-top-14"},"share_on_mastodon":{"url":"https:\/\/pubeurope.com\/@fr\/114693152779720162","error":""},"_links":{"self":[{"href":"https:\/\/www.europesays.com\/fr\/wp-json\/wp\/v2\/posts\/180849","targetHints":{"allow":["GET"]}}],"collection":[{"href":"https:\/\/www.europesays.com\/fr\/wp-json\/wp\/v2\/posts"}],"about":[{"href":"https:\/\/www.europesays.com\/fr\/wp-json\/wp\/v2\/types\/post"}],"author":[{"embeddable":true,"href":"https:\/\/www.europesays.com\/fr\/wp-json\/wp\/v2\/users\/2"}],"replies":[{"embeddable":true,"href":"https:\/\/www.europesays.com\/fr\/wp-json\/wp\/v2\/comments?post=180849"}],"version-history":[{"count":0,"href":"https:\/\/www.europesays.com\/fr\/wp-json\/wp\/v2\/posts\/180849\/revisions"}],"wp:featuredmedia":[{"embeddable":true,"href":"https:\/\/www.europesays.com\/fr\/wp-json\/wp\/v2\/media\/180850"}],"wp:attachment":[{"href":"https:\/\/www.europesays.com\/fr\/wp-json\/wp\/v2\/media?parent=180849"}],"wp:term":[{"taxonomy":"category","embeddable":true,"href":"https:\/\/www.europesays.com\/fr\/wp-json\/wp\/v2\/categories?post=180849"},{"taxonomy":"post_tag","embeddable":true,"href":"https:\/\/www.europesays.com\/fr\/wp-json\/wp\/v2\/tags?post=180849"}],"curies":[{"name":"wp","href":"https:\/\/api.w.org\/{rel}","templated":true}]}}