{"id":180855,"date":"2025-06-16T12:58:10","date_gmt":"2025-06-16T12:58:10","guid":{"rendered":"https:\/\/www.europesays.com\/fr\/180855\/"},"modified":"2025-06-16T12:58:10","modified_gmt":"2025-06-16T12:58:10","slug":"atletico-madrid-le-but-est-de-marquer-lhistoire-comment-paris-se-motive-pour-cette-coupe-du-monde-des-clubs","status":"publish","type":"post","link":"https:\/\/www.europesays.com\/fr\/180855\/","title":{"rendered":"Atl\u00e9tico Madrid\u00a0: \u00ab\u00a0Le but est de marquer l\u2019histoire\u00a0\u00bb\u2026 Comment Paris se motive pour cette Coupe du monde des clubs"},"content":{"rendered":"<p>Envoyez les meilleures d\u00e9fenses europ\u00e9ennes, ils les transformeront en passoire. Apr\u00e8s en avoir <a href=\"https:\/\/www.20minutes.fr\/sport\/football\/ligue_des_champions\/4156324-20250601-psg-ousmane-dembele-elu-meilleur-joueur-saison-ligue-champions\" target=\"_blank\" class=\"color-ultramarine c-link\" rel=\"noopener\">inflig\u00e9 cinq \u00e0 l\u2019Inter Milan<\/a> en finale de la Ligue des champions, <a href=\"https:\/\/www.20minutes.fr\/sport\/football\/4158261-20250615-direct-psg-atletico-madrid-si-coupe-monde-clubs-permettait-paris-enchainer-kifs-suivez-match\" target=\"_blank\" class=\"color-ultramarine c-link\" rel=\"noopener\">le Paris Saint-Germain a marqu\u00e9 l\u2019Atl\u00e9tico de Madrid au fer rouge<\/a>, pour leur premier match de la Coupe du monde des clubs, avec quatre buts au compteur. Id\u00e9al pour lancer cette nouvelle comp\u00e9tition, \u00e0 peine deux semaines apr\u00e8s le titre europ\u00e9en.<\/p>\n<p>Alors que tout le monde se demandait dans quel \u00e9tat les troupes de <a href=\"https:\/\/www.20minutes.fr\/dossier\/luis_enrique\" class=\"color-ultramarine c-link\" target=\"_blank\" rel=\"noopener\">Luis Enrique<\/a> allaient aborder <a href=\"https:\/\/www.20minutes.fr\/sport\/football\/4158570-20250615-coupe-monde-clubs-2025-plus-60-000-spectateurs-nul-ennuyeux-entre-inter-miami-messi-al-ahly\" target=\"_blank\" class=\"color-ultramarine c-link\" rel=\"noopener\">ce tournoi aux Etats-Unis<\/a>, la r\u00e9ponse a vite \u00e9t\u00e9 trouv\u00e9e. \u00ab\u00a0On va se d\u00e9couvrir nous-m\u00eames lors de cette comp\u00e9tition. Le but est de marquer l\u2019histoire, a reconnu l\u2019entra\u00eeneur parisien apr\u00e8s la victoire face aux Espagnols. On l\u2019a d\u00e9j\u00e0 fait, c\u2019est tr\u00e8s positif, mais on ouvre un nouveau chapitre. On doit montrer que l\u2019on est capable de se r\u00e9inventer. C\u2019est un tr\u00e8s beau challenge pour l\u2019\u00e9quipe.\u00a0\u00bb<\/p>\n<p>\u00ab\u00a0Et maintenant on fait quoi\u00a0?\u00a0\u00bb<\/p>\n<p>Et notamment pour les jeunes de l\u2019\u00e9quipe qui n\u2019ont pas eu bien longtemps \u00e0 souffrir avant de remporter la Ligue des champions, pendant que des <a href=\"https:\/\/www.20minutes.fr\/dossier\/marquinhos\" target=\"_blank\" class=\"color-ultramarine c-link\" rel=\"noopener\">Marquinhos<\/a> et des Kimpembe ont attendu pendant des ann\u00e9es. \u00ab\u00a0Aujourd\u2019hui, je fais partie des plus exp\u00e9riment\u00e9s, a confi\u00e9 le capitaine br\u00e9silien sur DAZN. J\u2019essaie d\u2019aider et de motiver les gamins, parce qu\u2019ils ont gagn\u00e9 tr\u00e8s jeunes. Et maintenant, on fait quoi\u00a0? Il faut continuer \u00e0 bosser, \u00e0 avoir des objectifs et de la motivation.\u00a0\u00bb<\/p>\n<\/p>\n<p>Message re\u00e7u par toute l\u2019\u00e9quipe. A peine le succ\u00e8s contre les Colchoneros acquis, les Parisiens avaient d\u00e9j\u00e0 la t\u00eate \u00e0 leur deuxi\u00e8me match de poule face \u00e0 Botafogo dans la t\u00eate. \u00ab\u00a0C\u2019est \u00e7a l\u2019envie, on veut faire une saison historique, elle est d\u00e9j\u00e0 historique, mais si on peut ajouter cette nouvelle comp\u00e9tition, la premi\u00e8re fois que \u00e7a se passe, c\u2019est encore plus incroyable\u00a0\u00bb, a indiqu\u00e9 Vitinha, encore auteur d\u2019un match monstrueux face \u00e0 l\u2019Atleti au milieu de terrain.<\/p>\n","protected":false},"excerpt":{"rendered":"Envoyez les meilleures d\u00e9fenses europ\u00e9ennes, ils les transformeront en passoire. Apr\u00e8s en avoir inflig\u00e9 cinq \u00e0 l\u2019Inter Milan&hellip;\n","protected":false},"author":2,"featured_media":180856,"comment_status":"","ping_status":"","sticky":false,"template":"","format":"standard","meta":{"footnotes":""},"categories":[1888],"tags":[1111,1928,11,1927,29295,31402,73,1777,674,63,1011,27,791,12,1926,626,1925,2332,25,517],"class_list":{"0":"post-180855","1":"post","2":"type-post","3":"status-publish","4":"format-standard","5":"has-post-thumbnail","7":"category-paris","8":"tag-actu","9":"tag-actu-paris","10":"tag-actualites","11":"tag-actualites-paris","12":"tag-atletico-madrid","13":"tag-coupe-du-monde-des-clubs-2025","14":"tag-etats-unis","15":"tag-eu","16":"tag-europe","17":"tag-football","18":"tag-fr","19":"tag-france","20":"tag-marquinhos","21":"tag-news","22":"tag-news-paris","23":"tag-paris","24":"tag-paris-news","25":"tag-paris-saint-germain-psg","26":"tag-republique-francaise","27":"tag-sport"},"share_on_mastodon":{"url":"https:\/\/pubeurope.com\/@fr\/114693164561670914","error":""},"_links":{"self":[{"href":"https:\/\/www.europesays.com\/fr\/wp-json\/wp\/v2\/posts\/180855","targetHints":{"allow":["GET"]}}],"collection":[{"href":"https:\/\/www.europesays.com\/fr\/wp-json\/wp\/v2\/posts"}],"about":[{"href":"https:\/\/www.europesays.com\/fr\/wp-json\/wp\/v2\/types\/post"}],"author":[{"embeddable":true,"href":"https:\/\/www.europesays.com\/fr\/wp-json\/wp\/v2\/users\/2"}],"replies":[{"embeddable":true,"href":"https:\/\/www.europesays.com\/fr\/wp-json\/wp\/v2\/comments?post=180855"}],"version-history":[{"count":0,"href":"https:\/\/www.europesays.com\/fr\/wp-json\/wp\/v2\/posts\/180855\/revisions"}],"wp:featuredmedia":[{"embeddable":true,"href":"https:\/\/www.europesays.com\/fr\/wp-json\/wp\/v2\/media\/180856"}],"wp:attachment":[{"href":"https:\/\/www.europesays.com\/fr\/wp-json\/wp\/v2\/media?parent=180855"}],"wp:term":[{"taxonomy":"category","embeddable":true,"href":"https:\/\/www.europesays.com\/fr\/wp-json\/wp\/v2\/categories?post=180855"},{"taxonomy":"post_tag","embeddable":true,"href":"https:\/\/www.europesays.com\/fr\/wp-json\/wp\/v2\/tags?post=180855"}],"curies":[{"name":"wp","href":"https:\/\/api.w.org\/{rel}","templated":true}]}}