{"id":180861,"date":"2025-06-16T13:01:10","date_gmt":"2025-06-16T13:01:10","guid":{"rendered":"https:\/\/www.europesays.com\/fr\/180861\/"},"modified":"2025-06-16T13:01:10","modified_gmt":"2025-06-16T13:01:10","slug":"paris-les-parents-inquiets-apres-le-cambriolage-sans-effraction-dune-creche-municipale-du-xviiie","status":"publish","type":"post","link":"https:\/\/www.europesays.com\/fr\/180861\/","title":{"rendered":"Paris\u00a0: les parents inquiets apr\u00e8s le cambriolage \u00ab\u00a0sans effraction\u00a0\u00bb d\u2019une cr\u00e8che municipale du XVIIIe"},"content":{"rendered":"<p class=\"paragraph text_align_left\">\u00ab Ils ont tout retourn\u00e9, m\u00eame les espaces des enfants \u00bb, raconte la maman d\u2019un b\u00e9b\u00e9 accueilli \u00e0 la cr\u00e8che municipale Becquerel, <a href=\"https:\/\/www.leparisien.fr\/paris-75\/paris-75018\/\" target=\"_blank\" rel=\"noreferrer nofollow noopener\">dans le XVIIIe arrondissement de Paris<\/a>. Mais ce qui l\u2019inqui\u00e8te avant tout, c\u2019est que le cambriolage qui s\u2019est d\u00e9roul\u00e9 dans la cr\u00e8che de sa fille le 4 juin aurait \u00e9t\u00e9 commis \u00ab sans effraction \u00bb. Et sans d\u00e9clenchement de l\u2019alarme anti intrusion.<\/p>\n<p class=\"paragraph text_align_left\">Selon plusieurs t\u00e9moignages de parents, les cambrioleurs \u00e9taient toujours pr\u00e9sents dans <a href=\"https:\/\/www.leparisien.fr\/paris-75\/etre-parent-a-paris-quelles-solutions-pour-faire-garder-son-enfant-30-03-2025-B252WETC35HNXGY4SZ55WQPEWM.php\" target=\"_blank\" rel=\"noreferrer nofollow noopener\">les locaux de la cr\u00e8che<\/a> lorsque la premi\u00e8re pu\u00e9ricultrice a commenc\u00e9 sa journ\u00e9e. Entendant du bruit dans les toilettes peu avant 8 heures, celle-ci a d\u2019abord cru \u00e0 la pr\u00e9sence de coll\u00e8gues avant de comprendre en d\u00e9couvrant la cr\u00e8che sens dessus dessous qu\u2019elle \u00e9tait seule avec les cambrioleurs. Sous le choc, elle serait suivie par un psychologue. Les parents, eux, s\u2019inqui\u00e8tent pour la s\u00e9curit\u00e9 de leurs enfants dans cette cr\u00e8che d\u2019une capacit\u00e9 de 66 berceaux organis\u00e9e sur trois niveaux.<\/p>\n","protected":false},"excerpt":{"rendered":"\u00ab Ils ont tout retourn\u00e9, m\u00eame les espaces des enfants \u00bb, raconte la maman d\u2019un b\u00e9b\u00e9 accueilli \u00e0&hellip;\n","protected":false},"author":2,"featured_media":180862,"comment_status":"","ping_status":"","sticky":false,"template":"","format":"standard","meta":{"footnotes":""},"categories":[1888],"tags":[11,1777,674,118,1011,27,1944,12,626,25],"class_list":{"0":"post-180861","1":"post","2":"type-post","3":"status-publish","4":"format-standard","5":"has-post-thumbnail","7":"category-paris","8":"tag-actualites","9":"tag-eu","10":"tag-europe","11":"tag-faits-divers","12":"tag-fr","13":"tag-france","14":"tag-ma-ville","15":"tag-news","16":"tag-paris","17":"tag-republique-francaise"},"share_on_mastodon":{"url":"https:\/\/pubeurope.com\/@fr\/114693176309333205","error":""},"_links":{"self":[{"href":"https:\/\/www.europesays.com\/fr\/wp-json\/wp\/v2\/posts\/180861","targetHints":{"allow":["GET"]}}],"collection":[{"href":"https:\/\/www.europesays.com\/fr\/wp-json\/wp\/v2\/posts"}],"about":[{"href":"https:\/\/www.europesays.com\/fr\/wp-json\/wp\/v2\/types\/post"}],"author":[{"embeddable":true,"href":"https:\/\/www.europesays.com\/fr\/wp-json\/wp\/v2\/users\/2"}],"replies":[{"embeddable":true,"href":"https:\/\/www.europesays.com\/fr\/wp-json\/wp\/v2\/comments?post=180861"}],"version-history":[{"count":0,"href":"https:\/\/www.europesays.com\/fr\/wp-json\/wp\/v2\/posts\/180861\/revisions"}],"wp:featuredmedia":[{"embeddable":true,"href":"https:\/\/www.europesays.com\/fr\/wp-json\/wp\/v2\/media\/180862"}],"wp:attachment":[{"href":"https:\/\/www.europesays.com\/fr\/wp-json\/wp\/v2\/media?parent=180861"}],"wp:term":[{"taxonomy":"category","embeddable":true,"href":"https:\/\/www.europesays.com\/fr\/wp-json\/wp\/v2\/categories?post=180861"},{"taxonomy":"post_tag","embeddable":true,"href":"https:\/\/www.europesays.com\/fr\/wp-json\/wp\/v2\/tags?post=180861"}],"curies":[{"name":"wp","href":"https:\/\/api.w.org\/{rel}","templated":true}]}}