{"id":180866,"date":"2025-06-16T13:04:10","date_gmt":"2025-06-16T13:04:10","guid":{"rendered":"https:\/\/www.europesays.com\/fr\/180866\/"},"modified":"2025-06-16T13:04:10","modified_gmt":"2025-06-16T13:04:10","slug":"baisse-inattendue-de-lindice-dactivite-empire-state-en-juin","status":"publish","type":"post","link":"https:\/\/www.europesays.com\/fr\/180866\/","title":{"rendered":"Baisse inattendue de l&rsquo;indice d&rsquo;activit\u00e9 \u00ab\u00a0Empire State\u00a0\u00bb en juin"},"content":{"rendered":"<p>L&rsquo;indice \u00ab\u00a0Empire State\u00a0\u00bb passe \u00e0 -16,0\u200b\u200b\u200b en juin apr\u00e8s \u200b\u200b-9,2\u200b\u200b en mai.<\/p>\n<p>Les \u00e9conomistes interrog\u00e9s par Reuters pr\u00e9voyaient en moyenne un chiffre en baisse \u00e0 -5,50 en juin.<\/p>\n<p>La composante des nouvelles commandes ressort \u00e0 -14,2 en juin apr\u00e8s +7,0 le mois dernier et celle de l&#8217;emploi \u00e0 +4,7 apr\u00e8s \u200b\u200b-5,1 en mai\u200b.\u200b<\/p>\n<p>Le sous-indice mesurant le jugement des entreprises sur leurs perspectives d&rsquo;activit\u00e9 \u00e0 un horizon de six mois a atteint +21,2 apr\u00e8s -2,0 en mai.    <\/p>\n<p> (R\u00e9dig\u00e9 par Elena Smirnova)<\/p>\n","protected":false},"excerpt":{"rendered":"L&rsquo;indice \u00ab\u00a0Empire State\u00a0\u00bb passe \u00e0 -16,0\u200b\u200b\u200b en juin apr\u00e8s \u200b\u200b-9,2\u200b\u200b en mai. Les \u00e9conomistes interrog\u00e9s par Reuters pr\u00e9voyaient&hellip;\n","protected":false},"author":2,"featured_media":180867,"comment_status":"","ping_status":"","sticky":false,"template":"","format":"standard","meta":{"footnotes":""},"categories":[1589],"tags":[11,2125,73,1866,2124,12,1864,1865,1863,308],"class_list":{"0":"post-180866","1":"post","2":"type-post","3":"status-publish","4":"format-standard","5":"has-post-thumbnail","7":"category-etats-unis","8":"tag-actualites","9":"tag-depeches-reuters","10":"tag-etats-unis","11":"tag-etats-unis-damerique","12":"tag-infos-reuters","13":"tag-news","14":"tag-united-states","15":"tag-united-states-of-america","16":"tag-us","17":"tag-usa"},"share_on_mastodon":{"url":"https:\/\/pubeurope.com\/@fr\/114693188098746783","error":""},"_links":{"self":[{"href":"https:\/\/www.europesays.com\/fr\/wp-json\/wp\/v2\/posts\/180866","targetHints":{"allow":["GET"]}}],"collection":[{"href":"https:\/\/www.europesays.com\/fr\/wp-json\/wp\/v2\/posts"}],"about":[{"href":"https:\/\/www.europesays.com\/fr\/wp-json\/wp\/v2\/types\/post"}],"author":[{"embeddable":true,"href":"https:\/\/www.europesays.com\/fr\/wp-json\/wp\/v2\/users\/2"}],"replies":[{"embeddable":true,"href":"https:\/\/www.europesays.com\/fr\/wp-json\/wp\/v2\/comments?post=180866"}],"version-history":[{"count":0,"href":"https:\/\/www.europesays.com\/fr\/wp-json\/wp\/v2\/posts\/180866\/revisions"}],"wp:featuredmedia":[{"embeddable":true,"href":"https:\/\/www.europesays.com\/fr\/wp-json\/wp\/v2\/media\/180867"}],"wp:attachment":[{"href":"https:\/\/www.europesays.com\/fr\/wp-json\/wp\/v2\/media?parent=180866"}],"wp:term":[{"taxonomy":"category","embeddable":true,"href":"https:\/\/www.europesays.com\/fr\/wp-json\/wp\/v2\/categories?post=180866"},{"taxonomy":"post_tag","embeddable":true,"href":"https:\/\/www.europesays.com\/fr\/wp-json\/wp\/v2\/tags?post=180866"}],"curies":[{"name":"wp","href":"https:\/\/api.w.org\/{rel}","templated":true}]}}