{"id":180868,"date":"2025-06-16T13:05:19","date_gmt":"2025-06-16T13:05:19","guid":{"rendered":"https:\/\/www.europesays.com\/fr\/180868\/"},"modified":"2025-06-16T13:05:19","modified_gmt":"2025-06-16T13:05:19","slug":"franz-ferdinand-annonce-2026-royaume-uni-et-european-tour","status":"publish","type":"post","link":"https:\/\/www.europesays.com\/fr\/180868\/","title":{"rendered":"Franz Ferdinand annonce 2026 Royaume-Uni et European Tour"},"content":{"rendered":"<p class=\"ai-optimize-8 ai-optimize-introduction\">Franz Ferdinand a partag\u00e9 les d\u00e9tails d&rsquo;une nouvelle tourn\u00e9e, qui se d\u00e9roulera \u00e0 travers le Royaume-Uni et l&rsquo;Europe l&rsquo;ann\u00e9e prochaine. En savoir plus ci-dessous.<\/p>\n<p class=\"ai-optimize-10\">La nouvelle des nouvelles dates de la tourn\u00e9e est venue alors que le groupe devrait se produire lors de l&rsquo;\u00e9dition 2025 de Glastonbury la semaine prochaine, et se produira dans un grand nombre d&rsquo;autres festivals plus tard cet \u00e9t\u00e9 \u2013 y compris Valley of the Arts, Tramlines, Truck, Y Not, Boardmasters et AMA Music Festival.<\/p>\n<p class=\"ai-optimize-11\">Il vient \u00e9galement de c\u00e9l\u00e9brer le groupe qui laisse tomber leur septi\u00e8me album studio acclam\u00e9 par la critique \u00abThe Human Fear\u00bb en janvier.<\/p>\n<p class=\"ai-optimize-12\">La nouvelle s\u00e9rie de spectacles d\u00e9butera \u00e0 Dundee le 24 f\u00e9vrier, avec une soir\u00e9e d&rsquo;ouverture sur le site de Livehouse, \u00e0 partir de l\u00e0, cela se poursuivra plus tard ce mois-ci avec d&rsquo;autres arr\u00eats \u00e0 Leeds, Manchester et Newcastle.<\/p>\n<p class=\"ai-optimize-13\">En mars, d&rsquo;autres \u00e9missions britanniques incluent des \u00e9missions \u00e0 Nottingham, Norwich, Brighton, Birmingham, Bristol, Cardiff et Portsmouth, avant que cette \u00e9tape de dates ne se termine avec un spectacle \u00e0 la Brixton Academy de Londres le 11 mars.<\/p>\n<blockquote class=\"instagram-media\" data-instgrm-captioned=\"\" data-instgrm-permalink=\"https:\/\/www.instagram.com\/p\/DK9LNNfqCau\/?utm_source=ig_embed&amp;utm_campaign=loading\" data-instgrm-version=\"14\" style=\" background:#FFF; border:0; border-radius:3px; box-shadow:0 0 1px 0 rgba(0,0,0,0.5),0 1px 10px 0 rgba(0,0,0,0.15); margin: 1px; max-width:658px; min-width:326px; padding:0; width:99.375%; width:-webkit-calc(100% - 2px); width:calc(100% - 2px);\"><\/blockquote>\n<p class=\"ai-optimize-14\">Huit concerts \u00e0 travers l&rsquo;Europe sont pr\u00e9vus par la suite, y compris des spectacles \u00e0 Vienne et \u00e0 Munich en mars, suivis de dates \u00e0 Berlin, Bruxelles, Cologne, Tilburg, Luxembourg et Francfort en avril.<\/p>\n<p class=\"ai-optimize-15\">Les billets sont en vente maintenant et disponibles ici (Royaume-Uni) et ici (internationaux). Consultez une nouvelle liste des \u00e9missions ci-dessous.<\/p>\n<p><strong>Les dates de la tourn\u00e9e Franz Ferdinand UK et Europe 2026 nouvellement annonc\u00e9es sont:<\/strong><\/p>\n<p class=\"ai-optimize-17\"><strong>F\u00c9VRIER<\/strong><br \/><strong>24 \u2013 Livehouse, Dundee<\/strong><br \/><strong>25 \u2013 O2 Academy, Leeds<\/strong><br \/><strong>27 \u2013 Academy, Manchester<\/strong><br \/><strong>2 \u2013 NX, Newcastle<\/strong><br \/><strong> <\/strong><br \/><strong>MARS<\/strong><br \/><strong>2 \u2013 Rock City, Nottingham <\/strong><br \/><strong>3 \u2013 UEA, Norwich<\/strong><br \/><strong>4 \u2013 D\u00f4me, Brighton<\/strong><br \/><strong>6 \u2013 Institut O2, Birmingham<\/strong><br \/><strong>7 \u2013 Balise, Bristol<\/strong><br \/><strong>8 \u2013 Great Hall, Cardiff<\/strong><br \/><strong>10 \u2013 Guildhall, Portsmouth<\/strong><br \/><strong>11 \u2013 Brixton Academy, Londres<\/strong><br \/><strong>29 \u2013 Gasom\u00e8tre, Vienne<\/strong><br \/><strong>31 \u2013 Zenith, Muncih<\/strong><\/p>\n<p class=\"ai-optimize-18\"><strong>AVRIL<\/strong><br \/><strong>1 \u2013 Tempodrom, Berlin<\/strong><br \/><strong>3 \u2013 Forest National, Bruxelles<\/strong><br \/><strong>4 \u2013 Palladium, Cologne<\/strong><br \/><strong>8 \u2013 013 Pompodium, Tilburg<\/strong><br \/><strong>10 \u2013 Rockhal Box, Luxembourg<\/strong><br \/><strong>11 \u2013 Jahrhunderhalle, Francfort<\/strong><\/p>\n<p class=\"ai-optimize-19\">Plus t\u00f4t cette ann\u00e9e, le dernier album du groupe a re\u00e7u une critique de quatre \u00e9toiles \u00e9logieuse de ZikNation Avec Andrew Trendell \u00e9crivant: \u00ab\u00a0C&rsquo;est une lettre d&rsquo;amour \u00e0 l&rsquo;id\u00e9e de ce groupe. Toujours sans vergogne, il est sans vergogne, avec un sourcil arm\u00e9 et des coups de pied hauts \u00e0 gogo,` `la peur humaine \u00a0\u00bb est \u2013 comme promis \u2013 Franz-y comme baise. Vous faites vous, Hun; vous le faites si bien.\u00a0\u00bb<\/p>\n<p class=\"ai-optimize-6\">Avant cela, le chanteur Alex Kapranos a parl\u00e9 \u00e0 ZikNation \u00c0 propos de la nouvelle vague d&rsquo;attention et de l&rsquo;\u00e9loge que le groupe obtient ces derni\u00e8res ann\u00e9es. \u00ab\u00a0Bien s\u00fbr, les choses entrent et hors de la mode, n&rsquo;est-ce pas? Pour le moment, il semble y avoir une faim pour un bon groupe qui peut jouer; qui ont une brutalit\u00e9 et une complexit\u00e9 pour eux\u00a0\u00bb, a-t-il d\u00e9clar\u00e9. \u00abC&rsquo;est l&rsquo;\u00e9nergie humaine que vous ne tirez que d&rsquo;un ensemble de personnes debout sur sc\u00e8ne et \u00e9changeant cela entre eux.\u00bb<\/p>\n<p class=\"ai-optimize-20\">\u00ab\u00a0Beaucoup de bonnes choses se sont produites dans Pop au cours des 10 ou 15 derni\u00e8res ann\u00e9es, mais cela devient un peu p\u00e9rim\u00e9. Les gens le ressentent. Je pense qu&rsquo;il y a un v\u00e9ritable d\u00e9sir de cru et de la profondeur que vous ne pouvez obtenir que d&rsquo;un groupe.\u00a0\u00bb<\/p>\n<p class=\"ai-optimize-21\">Pour leur cr\u00e9neau \u00e0 Glastonbury ce mois-ci, le groupe se produira sur l&rsquo;autre sc\u00e8ne le vendredi 27 juin entre 17h15 et 18h15. Leur set r\u00e9sultera de la performance de Wet Leg \u00e0 15h45, et se pr\u00e9sentera devant Gracie Abrams, qui montera sur sc\u00e8ne \u00e0 18h45.<\/p>\n<p><script async src=\"\/\/www.instagram.com\/embed.js\"><\/script><\/p>\n","protected":false},"excerpt":{"rendered":"Franz Ferdinand a partag\u00e9 les d\u00e9tails d&rsquo;une nouvelle tourn\u00e9e, qui se d\u00e9roulera \u00e0 travers le Royaume-Uni et l&rsquo;Europe&hellip;\n","protected":false},"author":2,"featured_media":6228,"comment_status":"","ping_status":"","sticky":false,"template":"","format":"standard","meta":{"footnotes":""},"categories":[1588],"tags":[11,2562,1777,674,9513,31851,31852,12,473,1853,1873,3584,1851,1850,1852],"class_list":{"0":"post-180868","1":"post","2":"type-post","3":"status-publish","4":"format-standard","5":"has-post-thumbnail","7":"category-royaume-uni","8":"tag-actualites","9":"tag-annonce","10":"tag-eu","11":"tag-europe","12":"tag-european","13":"tag-ferdinand","14":"tag-franz","15":"tag-news","16":"tag-royaume-uni","17":"tag-royaume-uni-de-grande-bretagne-et-dirlande-du-nord","18":"tag-royaumeuni","19":"tag-tour","20":"tag-uk","21":"tag-united-kingdom","22":"tag-united-kingdom-of-great-britain-and-northern-ireland"},"share_on_mastodon":{"url":"https:\/\/pubeurope.com\/@fr\/114693192070671000","error":""},"_links":{"self":[{"href":"https:\/\/www.europesays.com\/fr\/wp-json\/wp\/v2\/posts\/180868","targetHints":{"allow":["GET"]}}],"collection":[{"href":"https:\/\/www.europesays.com\/fr\/wp-json\/wp\/v2\/posts"}],"about":[{"href":"https:\/\/www.europesays.com\/fr\/wp-json\/wp\/v2\/types\/post"}],"author":[{"embeddable":true,"href":"https:\/\/www.europesays.com\/fr\/wp-json\/wp\/v2\/users\/2"}],"replies":[{"embeddable":true,"href":"https:\/\/www.europesays.com\/fr\/wp-json\/wp\/v2\/comments?post=180868"}],"version-history":[{"count":0,"href":"https:\/\/www.europesays.com\/fr\/wp-json\/wp\/v2\/posts\/180868\/revisions"}],"wp:featuredmedia":[{"embeddable":true,"href":"https:\/\/www.europesays.com\/fr\/wp-json\/wp\/v2\/media\/6228"}],"wp:attachment":[{"href":"https:\/\/www.europesays.com\/fr\/wp-json\/wp\/v2\/media?parent=180868"}],"wp:term":[{"taxonomy":"category","embeddable":true,"href":"https:\/\/www.europesays.com\/fr\/wp-json\/wp\/v2\/categories?post=180868"},{"taxonomy":"post_tag","embeddable":true,"href":"https:\/\/www.europesays.com\/fr\/wp-json\/wp\/v2\/tags?post=180868"}],"curies":[{"name":"wp","href":"https:\/\/api.w.org\/{rel}","templated":true}]}}